{"id":30252,"date":"2025-12-15T20:07:48","date_gmt":"2025-12-15T23:07:48","guid":{"rendered":"https:\/\/infotep.com.ar\/?p=30252"},"modified":"2025-12-15T20:11:34","modified_gmt":"2025-12-15T23:11:34","slug":"moron-abre-la-inscripcion-para-las-colonias-de-verano-2026","status":"publish","type":"post","link":"https:\/\/infotep.com.ar\/index.php\/2025\/12\/15\/moron-abre-la-inscripcion-para-las-colonias-de-verano-2026\/","title":{"rendered":"Mor\u00f3n abre la inscripci\u00f3n para las Colonias de Verano 2026"},"content":{"rendered":"\n<p>El Estado local dispuso distintas sedes para que, durante enero, ni\u00f1as, ni\u00f1os, j\u00f3venes, personas adultas mayores y personas con discapacidad del distrito puedan disfrutar de jornadas recreativas.<\/p>\n\n\n\n<p><strong>El Municipio de Mor\u00f3n informa que desde el 15 de diciembre estar\u00e1n abiertas las inscripciones para las Colonias de Verano 2026, que se desarrollar\u00e1n del 5 al 30 de enero en diferentes sedes de la comuna.<\/strong><\/p>\n\n\n\n<p>La propuesta incluye actividades destinadas a ni\u00f1as y ni\u00f1os de 6 a 12 a\u00f1os, personas adultas mayores y diversas opciones recreativas y deportivas para personas con discapacidad.<\/p>\n\n\n\n<p>La colonia para ni\u00f1as y ni\u00f1os funcionar\u00e1 de lunes a viernes, con dos modalidades horarias seg\u00fan la sede. En los espacios Deportivo Mor\u00f3n, Rugby Club Los Matreros, Club Social Villa Sarmiento, CENS N\u00ba 454, Luz y Fuerza, Instituto Mar\u00eda Mazzarello y Club Social Barrio Parque, las actividades se desarrollar\u00e1n de 14 a 18hs. En el Ateneo Sagrada Familia de Haedo y en el Club SITAS el horario ser\u00e1 de 13:30 a 18:30hs. La inscripci\u00f3n deber\u00e1 realizarse de manera presencial en la UGC correspondiente a cada domicilio, desde el lunes 15 de diciembre.<\/p>\n\n\n\n<p>La colonia destinada a personas adultas mayores tambi\u00e9n se realizar\u00e1 del 5 al 30 de enero, con sede en el Polideportivo Gorki Grana \u2013 Predio Quinta Ser\u00e9. La inscripci\u00f3n comenzar\u00e1 el 15 de diciembre y podr\u00e1 completarse en el propio Polideportivo o en los centros de jubilados y pensionados del distrito.<\/p>\n\n\n\n<p>El Municipio ofrecer\u00e1 adem\u00e1s propuestas espec\u00edficas para personas con discapacidad. La colonia orientada a personas con discapacidad intelectual y sensorial funcionar\u00e1 en el Rugby Club Los Matreros. Asimismo, habr\u00e1 espacios de nataci\u00f3n para personas con discapacidad motora de 12 a\u00f1os en adelante y actividades de danza para quienes utilizan silla de ruedas, en el Polideportivo Gorki Grana.<\/p>\n\n\n\n<p>De esta manera, el Estado local contin\u00faa garantizando oportunidades gratuitas de recreaci\u00f3n, inclusi\u00f3n y esparcimiento para toda la comunidad durante la temporada de verano.<\/p>\n","protected":false},"excerpt":{"rendered":"<p>El Estado local dispuso distintas sedes para que, durante enero, ni&ntilde;as, ni&ntilde;os, j&oacute;venes, personas adultas mayores y personas con discapacidad del distrito puedan disfrutar de jornadas recreativas. El Municipio de Mor&oacute;n informa que desde el 15 de diciembre estar&aacute;n abiertas las inscripciones para las Colonias de Verano 2026, que se desarrollar&aacute;n del 5 al 30 &hellip; <\/p>\n","protected":false},"author":5,"featured_media":19315,"comment_status":"closed","ping_status":"closed","sticky":false,"template":"","format":"standard","meta":{"om_disable_all_campaigns":false,"_joinchat":[]},"categories":[9],"tags":[46,53,43,569],"featured_image_urls":{"full":["https:\/\/infotep.com.ar\/wp-content\/uploads\/2024\/12\/COLONIA-VERANO-MTZ-3.jpg",1620,1080,false],"thumbnail":["https:\/\/infotep.com.ar\/wp-content\/uploads\/2024\/12\/COLONIA-VERANO-MTZ-3-150x150.jpg",150,150,true],"medium":["https:\/\/infotep.com.ar\/wp-content\/uploads\/2024\/12\/COLONIA-VERANO-MTZ-3-300x200.jpg",300,200,true],"medium_large":["https:\/\/infotep.com.ar\/wp-content\/uploads\/2024\/12\/COLONIA-VERANO-MTZ-3-768x512.jpg",768,512,true],"large":["https:\/\/infotep.com.ar\/wp-content\/uploads\/2024\/12\/COLONIA-VERANO-MTZ-3-1024x683.jpg",1020,680,true],"1536x1536":["https:\/\/infotep.com.ar\/wp-content\/uploads\/2024\/12\/COLONIA-VERANO-MTZ-3-1536x1024.jpg",1536,1024,true],"2048x2048":["https:\/\/infotep.com.ar\/wp-content\/uploads\/2024\/12\/COLONIA-VERANO-MTZ-3.jpg",1620,1080,false],"blossom-feminine-slider":["https:\/\/infotep.com.ar\/wp-content\/uploads\/2024\/12\/COLONIA-VERANO-MTZ-3-1620x649.jpg",1620,649,true],"blossom-feminine-featured":["https:\/\/infotep.com.ar\/wp-content\/uploads\/2024\/12\/COLONIA-VERANO-MTZ-3-1410x600.jpg",1410,600,true],"blossom-feminine-with-sidebar":["https:\/\/infotep.com.ar\/wp-content\/uploads\/2024\/12\/COLONIA-VERANO-MTZ-3-1020x600.jpg",1020,600,true],"blossom-feminine-blog":["https:\/\/infotep.com.ar\/wp-content\/uploads\/2024\/12\/COLONIA-VERANO-MTZ-3-435x435.jpg",435,435,true],"blossom-feminine-cat":["https:\/\/infotep.com.ar\/wp-content\/uploads\/2024\/12\/COLONIA-VERANO-MTZ-3-450x300.jpg",450,300,true],"blossom-feminine-related":["https:\/\/infotep.com.ar\/wp-content\/uploads\/2024\/12\/COLONIA-VERANO-MTZ-3-320x200.jpg",320,200,true],"blossom-feminine-schema":["https:\/\/infotep.com.ar\/wp-content\/uploads\/2024\/12\/COLONIA-VERANO-MTZ-3-90x60.jpg",90,60,true],"blossom-mommy-blog-slider-big":["https:\/\/infotep.com.ar\/wp-content\/uploads\/2024\/12\/COLONIA-VERANO-MTZ-3-920x650.jpg",920,650,true],"blossom-mommy-blog-slider":["https:\/\/infotep.com.ar\/wp-content\/uploads\/2024\/12\/COLONIA-VERANO-MTZ-3-460x310.jpg",460,310,true],"blossom-mommy-blog-two":["https:\/\/infotep.com.ar\/wp-content\/uploads\/2024\/12\/COLONIA-VERANO-MTZ-3-768x480.jpg",768,480,true]},"author_info":{"info":["Angela Tobar"]},"category_info":"<a href=\"https:\/\/infotep.com.ar\/index.php\/category\/municipales\/moron\/\" rel=\"category tag\">Mor\u00f3n<\/a>","tag_info":"Mor\u00f3n","comment_count":"0","_links":{"self":[{"href":"https:\/\/infotep.com.ar\/index.php\/wp-json\/wp\/v2\/posts\/30252"}],"collection":[{"href":"https:\/\/infotep.com.ar\/index.php\/wp-json\/wp\/v2\/posts"}],"about":[{"href":"https:\/\/infotep.com.ar\/index.php\/wp-json\/wp\/v2\/types\/post"}],"author":[{"embeddable":true,"href":"https:\/\/infotep.com.ar\/index.php\/wp-json\/wp\/v2\/users\/5"}],"replies":[{"embeddable":true,"href":"https:\/\/infotep.com.ar\/index.php\/wp-json\/wp\/v2\/comments?post=30252"}],"version-history":[{"count":1,"href":"https:\/\/infotep.com.ar\/index.php\/wp-json\/wp\/v2\/posts\/30252\/revisions"}],"predecessor-version":[{"id":30253,"href":"https:\/\/infotep.com.ar\/index.php\/wp-json\/wp\/v2\/posts\/30252\/revisions\/30253"}],"wp:featuredmedia":[{"embeddable":true,"href":"https:\/\/infotep.com.ar\/index.php\/wp-json\/wp\/v2\/media\/19315"}],"wp:attachment":[{"href":"https:\/\/infotep.com.ar\/index.php\/wp-json\/wp\/v2\/media?parent=30252"}],"wp:term":[{"taxonomy":"category","embeddable":true,"href":"https:\/\/infotep.com.ar\/index.php\/wp-json\/wp\/v2\/categories?post=30252"},{"taxonomy":"post_tag","embeddable":true,"href":"https:\/\/infotep.com.ar\/index.php\/wp-json\/wp\/v2\/tags?post=30252"}],"curies":[{"name":"wp","href":"https:\/\/api.w.org\/{rel}","templated":true}]}}