{"id":30259,"date":"2025-12-15T20:19:40","date_gmt":"2025-12-15T23:19:40","guid":{"rendered":"https:\/\/infotep.com.ar\/?p=30259"},"modified":"2025-12-15T20:28:32","modified_gmt":"2025-12-15T23:28:32","slug":"mariel-fernandez-inauguro-un-microestadio-y-una-pileta-con-olas-en-el-polideportivo-diego-armando-maradona-de-cuartel-v","status":"publish","type":"post","link":"https:\/\/infotep.com.ar\/index.php\/2025\/12\/15\/mariel-fernandez-inauguro-un-microestadio-y-una-pileta-con-olas-en-el-polideportivo-diego-armando-maradona-de-cuartel-v\/","title":{"rendered":"Moreno: Se inaugur\u00f3 un microestadio y una pileta con olas en el Polideportivo \u201cDiego Armando Maradona\u201d"},"content":{"rendered":"\n<p>Se trata de espacios pensados tanto para la pr\u00e1ctica deportiva de alto rendimiento como para el disfrute y recreaci\u00f3n de la comunidad<\/p>\n\n\n\n<p><strong>La intendenta, Mariel Fern\u00e1ndez, encabez\u00f3 la inauguraci\u00f3n de un microestadio y una pileta con olas en el Polideportivo \u201cDiego Armando Maradona\u201d (DAM), ubicado sobre la Ruta Provincial N\u00b024, kil\u00f3metro 56,5 en Cuartel V, una obra que consolida al predio como uno de los complejos deportivos y recreativos p\u00fablicos m\u00e1s importantes de la regi\u00f3n.<\/strong><\/p>\n\n\n\n<p>Previamente, se llev\u00f3 adelante una bicicleteada para poner en marcha una bicisenda construida, con un tramo que comprende m\u00e1s de 2 kil\u00f3metros, desde Colectora Gutenberg hasta la entrada al Polideportivo DAM.<\/p>\n\n\n\n<p>Durante la jornada, la jefa comunal, expres\u00f3: \u201cCumplimos con un derecho de que todos los habitantes de Moreno puedan acceder a la pr\u00e1ctica deportiva. Este es un Polideportivo no solamente para todo Moreno, esto va a ser de uso regional por la calidad\u201d, y agreg\u00f3: \u201cCuando est\u00e1bamos con los centros culturales y con el trabajo en el barrio, ve\u00edamos la gran necesidad de los j\u00f3venes, de las j\u00f3venes, de contar con un espacio deportivo, porque si no, \u00bfqu\u00e9 le ofrec\u00edamos a los j\u00f3venes en nuestra comunidad? en la marginalidad es muy dif\u00edcil construir la identidad, porque a veces se terminan identificando con las cosas malas que ofrece la marginalidad\u201d.<\/p>\n\n\n\n<p>Asimismo, la Intendenta, remarc\u00f3: \u201cEsto es un sue\u00f1o que de alguna manera construimos entre todos y que lo estamos cumpliendo ahora desde el Gobierno municipal y que tengo muchas ganas de que todos lo disfruten y que incentive a toda la comunidad a que lo use\u201d, y a\u00f1adi\u00f3: \u201cHace muchos a\u00f1os cuando nuestro trabajo era acompa\u00f1ar a los j\u00f3venes de nuestra comunidad, hicimos Un grito a 23 kil\u00f3metros porque estaban muriendo muchos j\u00f3venes en enfrentamientos por el narcomenudeo y nosotros ped\u00edamos a gritos que alguien nos escuchara. Esto es parte de ese grito, pero hoy es un grito de alegr\u00eda, un grito de felicidad, y un grito de no los merecemos\u201d.<\/p>\n\n\n\n<p>En cuanto al microestadio, se trata de un espacio cubierto de 2.300 m\u00b2 especialmente dise\u00f1ado para el desarrollo de actividades deportivas y competitivas de alto nivel. Cuenta con una tribuna con capacidad para 500 personas sentadas y un tablero electr\u00f3nico, que acompa\u00f1an la realizaci\u00f3n de m\u00faltiples disciplinas. El \u00e1rea deportiva incluye un play\u00f3n multiprop\u00f3sito de 20 x 40 metros, con piso de est\u00e1ndar internacional, apto para la pr\u00e1ctica de handball, b\u00e1squet, futsal y una cancha principal de v\u00f3ley, adem\u00e1s de tres canchas de v\u00f3ley destinadas al entrenamiento.<\/p>\n\n\n\n<p>El complejo se completa con un \u00e1rea de apoyo equipada con Sal\u00f3n de Usos M\u00faltiples, sala de reuniones, vestuarios y sanitarios para hombres y mujeres, dos salas de control y sala de m\u00e1quinas, junto a un sector exterior semi cubierto de aproximadamente 380 m\u00b2, lo que permite albergar torneos federativos y competencias de alcance municipal, provincial, nacional e internacional.<\/p>\n\n\n\n<p>Asimismo, se inaugur\u00f3 una pileta con olas destinada al esparcimiento de la comunidad y, a la vez, al entrenamiento de deportistas de alto rendimiento.<\/p>\n\n\n\n<p>Estas obras se suman y fortalecen el Polideportivo DAM, inaugurado en 2024 y construido a trav\u00e9s del Fondo de Financiamiento Educativo, el cual respondi\u00f3 a una hist\u00f3rica demanda de la comunidad de la zona. De esta manera, el Gobierno local ampl\u00eda derechos y garantiza el acceso al deporte, la recreaci\u00f3n y el encuentro para las y los morenenses.<\/p>\n\n\n\n<p>Estuvieron tambi\u00e9n presentes, Cynthia Mu\u00f1oz, secretaria de Cultura, Educaci\u00f3n y Deportes; Mar\u00eda Gim\u00e9nez, secretaria de Obras y Servicios P\u00fablicos; Emmanuel Fern\u00e1ndez, presidente del Concejo Deliberante; Noelia Saavedra, diputada provincial, vecinas, vecinos, ni\u00f1as, ni\u00f1os, deportistas y autoridades municipales.<\/p>\n","protected":false},"excerpt":{"rendered":"<p>Se trata de espacios pensados tanto para la pr&aacute;ctica deportiva de alto rendimiento como para el disfrute y recreaci&oacute;n de la comunidad La intendenta, Mariel Fern&aacute;ndez, encabez&oacute; la inauguraci&oacute;n de un microestadio y una pileta con olas en el Polideportivo &ldquo;Diego Armando Maradona&rdquo; (DAM), ubicado sobre la Ruta Provincial N&deg;24, kil&oacute;metro 56,5 en Cuartel V, &hellip; <\/p>\n","protected":false},"author":5,"featured_media":30260,"comment_status":"closed","ping_status":"closed","sticky":false,"template":"","format":"standard","meta":{"om_disable_all_campaigns":false,"_joinchat":[]},"categories":[31,85],"tags":[46,43,569],"featured_image_urls":{"full":["https:\/\/infotep.com.ar\/wp-content\/uploads\/2025\/12\/web-6.jpg",1920,1080,false],"thumbnail":["https:\/\/infotep.com.ar\/wp-content\/uploads\/2025\/12\/web-6-150x150.jpg",150,150,true],"medium":["https:\/\/infotep.com.ar\/wp-content\/uploads\/2025\/12\/web-6-300x169.jpg",300,169,true],"medium_large":["https:\/\/infotep.com.ar\/wp-content\/uploads\/2025\/12\/web-6-768x432.jpg",768,432,true],"large":["https:\/\/infotep.com.ar\/wp-content\/uploads\/2025\/12\/web-6-1024x576.jpg",1020,574,true],"1536x1536":["https:\/\/infotep.com.ar\/wp-content\/uploads\/2025\/12\/web-6-1536x864.jpg",1536,864,true],"2048x2048":["https:\/\/infotep.com.ar\/wp-content\/uploads\/2025\/12\/web-6.jpg",1920,1080,false],"blossom-feminine-slider":["https:\/\/infotep.com.ar\/wp-content\/uploads\/2025\/12\/web-6-1920x649.jpg",1920,649,true],"blossom-feminine-featured":["https:\/\/infotep.com.ar\/wp-content\/uploads\/2025\/12\/web-6-1410x600.jpg",1410,600,true],"blossom-feminine-with-sidebar":["https:\/\/infotep.com.ar\/wp-content\/uploads\/2025\/12\/web-6-1020x600.jpg",1020,600,true],"blossom-feminine-blog":["https:\/\/infotep.com.ar\/wp-content\/uploads\/2025\/12\/web-6-435x435.jpg",435,435,true],"blossom-feminine-cat":["https:\/\/infotep.com.ar\/wp-content\/uploads\/2025\/12\/web-6-450x300.jpg",450,300,true],"blossom-feminine-related":["https:\/\/infotep.com.ar\/wp-content\/uploads\/2025\/12\/web-6-320x200.jpg",320,200,true],"blossom-feminine-schema":["https:\/\/infotep.com.ar\/wp-content\/uploads\/2025\/12\/web-6-107x60.jpg",107,60,true],"blossom-mommy-blog-slider-big":["https:\/\/infotep.com.ar\/wp-content\/uploads\/2025\/12\/web-6-920x650.jpg",920,650,true],"blossom-mommy-blog-slider":["https:\/\/infotep.com.ar\/wp-content\/uploads\/2025\/12\/web-6-460x310.jpg",460,310,true],"blossom-mommy-blog-two":["https:\/\/infotep.com.ar\/wp-content\/uploads\/2025\/12\/web-6-768x480.jpg",768,480,true]},"author_info":{"info":["Angela Tobar"]},"category_info":"<a href=\"https:\/\/infotep.com.ar\/index.php\/category\/destacadas\/\" rel=\"category tag\">Destacadas<\/a> <a href=\"https:\/\/infotep.com.ar\/index.php\/category\/municipales\/moreno\/\" rel=\"category tag\">Moreno<\/a>","tag_info":"Moreno","comment_count":"0","_links":{"self":[{"href":"https:\/\/infotep.com.ar\/index.php\/wp-json\/wp\/v2\/posts\/30259"}],"collection":[{"href":"https:\/\/infotep.com.ar\/index.php\/wp-json\/wp\/v2\/posts"}],"about":[{"href":"https:\/\/infotep.com.ar\/index.php\/wp-json\/wp\/v2\/types\/post"}],"author":[{"embeddable":true,"href":"https:\/\/infotep.com.ar\/index.php\/wp-json\/wp\/v2\/users\/5"}],"replies":[{"embeddable":true,"href":"https:\/\/infotep.com.ar\/index.php\/wp-json\/wp\/v2\/comments?post=30259"}],"version-history":[{"count":3,"href":"https:\/\/infotep.com.ar\/index.php\/wp-json\/wp\/v2\/posts\/30259\/revisions"}],"predecessor-version":[{"id":30263,"href":"https:\/\/infotep.com.ar\/index.php\/wp-json\/wp\/v2\/posts\/30259\/revisions\/30263"}],"wp:featuredmedia":[{"embeddable":true,"href":"https:\/\/infotep.com.ar\/index.php\/wp-json\/wp\/v2\/media\/30260"}],"wp:attachment":[{"href":"https:\/\/infotep.com.ar\/index.php\/wp-json\/wp\/v2\/media?parent=30259"}],"wp:term":[{"taxonomy":"category","embeddable":true,"href":"https:\/\/infotep.com.ar\/index.php\/wp-json\/wp\/v2\/categories?post=30259"},{"taxonomy":"post_tag","embeddable":true,"href":"https:\/\/infotep.com.ar\/index.php\/wp-json\/wp\/v2\/tags?post=30259"}],"curies":[{"name":"wp","href":"https:\/\/api.w.org\/{rel}","templated":true}]}}