{"id":30264,"date":"2025-12-15T20:41:48","date_gmt":"2025-12-15T23:41:48","guid":{"rendered":"https:\/\/infotep.com.ar\/?p=30264"},"modified":"2025-12-15T20:41:49","modified_gmt":"2025-12-15T23:41:49","slug":"embajadores-merlenses-por-malvinas-cumplieron-el-sueno-de-conocer-las-islas","status":"publish","type":"post","link":"https:\/\/infotep.com.ar\/index.php\/2025\/12\/15\/embajadores-merlenses-por-malvinas-cumplieron-el-sueno-de-conocer-las-islas\/","title":{"rendered":"Embajadores merlenses por Malvinas cumplieron el sue\u00f1o de conocer las Islas"},"content":{"rendered":"\n<p>Los j\u00f3venes ganadores del Concurso &#8220;Embajadores Merlenses por Malvinas&#8221; hicieron rea idad su sue\u00f1o de conocer las Islas y viajaron junto a Veteranos de Guerra para la realizaci\u00f3n de un documental. Esta ma\u00f1ana regresaron a Buenos Aires y fueron recibidos por familiares, autoridades, vecinos y medios de comunicaci\u00f3n.<br><br>El intendente de Merlo, Gustavo Men\u00e9ndez, tambi\u00e9n form\u00f3 parte del contingente ya que el certamen fue impulsado por el Municipio y se realiz\u00f3 a lo largo del ciclo lectivo en las escuelas del distrito, con el objetivo de fortalecer la memoria colectiva y honrar a los H\u00e9roes que lucharon por las Islas.<br><br>El jefe comunal destac\u00f3 el valor de este programa, que apunta a lo m\u00e1s importante: que las nuevas generaciones comprendan, sientan y vivan el sue\u00f1o de millones de argentinos de recuperar nuestras Islas Malvinas.<br><br>\u201cLos j\u00f3venes recorrieron el territorio, aprendieron sobre las secuelas que tuvo la guerra, pero no solo hay que detenerse en la cuesti\u00f3n b\u00e9lica, sino tambi\u00e9n destacar la importancia estrat\u00e9gica de las Islas Malvinas, por sus riquezas naturales, por la cercan\u00eda a la Ant\u00e1rtida, por el control del paso bioce\u00e1nico, que hoy est\u00e1 en manos de la OTAN en lugar de nuestro pa\u00eds\u201d, manifest\u00f3 Men\u00e9ndez.<br><br>El concurso consisti\u00f3 en una competencia de arte, conocimiento y creatividad con la participaci\u00f3n inclusiva de estudiantes del nivel secundario de escuelas privadas y estatales, CENS y FinEs. El proyecto fue declarado de inter\u00e9s por la C\u00e1mara de Diputados de la Naci\u00f3n.<br><br>El gran premio del concurso fue un viaje a las Islas Malvinas, para diez ganadores, que compartieron esta experiencia junto a Veteranos de Guerra merlenses para  convertirse en embajadores del mensaje de soberan\u00eda en nuestro territorio y participar de un documental a cargo del filmmaker Daniel Ponce.<br><br>Esta iniciativa de la Secretar\u00eda de Cultura, Educaci\u00f3n, Deportes y Recreaci\u00f3n marca un hecho hist\u00f3rico para el pueblo de Merlo, es un sue\u00f1o cumplido para los ganadores y permite que los Veteranos de Guerra cierren una parte de su historia, con el fin de continuar malvinizando y uniendo generaciones en el reclamo irrenunciable y pac\u00edfico por nuestras Islas Malvinas.<\/p>\n","protected":false},"excerpt":{"rendered":"<p>Los j&oacute;venes ganadores del Concurso &ldquo;Embajadores Merlenses por Malvinas&rdquo; hicieron rea idad su sue&ntilde;o de conocer las Islas y viajaron junto a Veteranos de Guerra para la realizaci&oacute;n de un documental. Esta ma&ntilde;ana regresaron a Buenos Aires y fueron recibidos por familiares, autoridades, vecinos y medios de comunicaci&oacute;n. El intendente de Merlo, Gustavo Men&eacute;ndez, tambi&eacute;n &hellip; <\/p>\n","protected":false},"author":5,"featured_media":30265,"comment_status":"closed","ping_status":"closed","sticky":false,"template":"","format":"standard","meta":{"om_disable_all_campaigns":false,"_joinchat":[]},"categories":[10],"tags":[46,43,569],"featured_image_urls":{"full":["https:\/\/infotep.com.ar\/wp-content\/uploads\/2025\/12\/Embajadores-Merlenses-por-Malvinas-5-1.jpeg",1200,675,false],"thumbnail":["https:\/\/infotep.com.ar\/wp-content\/uploads\/2025\/12\/Embajadores-Merlenses-por-Malvinas-5-1-150x150.jpeg",150,150,true],"medium":["https:\/\/infotep.com.ar\/wp-content\/uploads\/2025\/12\/Embajadores-Merlenses-por-Malvinas-5-1-300x169.jpeg",300,169,true],"medium_large":["https:\/\/infotep.com.ar\/wp-content\/uploads\/2025\/12\/Embajadores-Merlenses-por-Malvinas-5-1-768x432.jpeg",768,432,true],"large":["https:\/\/infotep.com.ar\/wp-content\/uploads\/2025\/12\/Embajadores-Merlenses-por-Malvinas-5-1-1024x576.jpeg",1020,574,true],"1536x1536":["https:\/\/infotep.com.ar\/wp-content\/uploads\/2025\/12\/Embajadores-Merlenses-por-Malvinas-5-1.jpeg",1200,675,false],"2048x2048":["https:\/\/infotep.com.ar\/wp-content\/uploads\/2025\/12\/Embajadores-Merlenses-por-Malvinas-5-1.jpeg",1200,675,false],"blossom-feminine-slider":["https:\/\/infotep.com.ar\/wp-content\/uploads\/2025\/12\/Embajadores-Merlenses-por-Malvinas-5-1-1200x649.jpeg",1200,649,true],"blossom-feminine-featured":["https:\/\/infotep.com.ar\/wp-content\/uploads\/2025\/12\/Embajadores-Merlenses-por-Malvinas-5-1-1200x600.jpeg",1200,600,true],"blossom-feminine-with-sidebar":["https:\/\/infotep.com.ar\/wp-content\/uploads\/2025\/12\/Embajadores-Merlenses-por-Malvinas-5-1-1020x600.jpeg",1020,600,true],"blossom-feminine-blog":["https:\/\/infotep.com.ar\/wp-content\/uploads\/2025\/12\/Embajadores-Merlenses-por-Malvinas-5-1-435x435.jpeg",435,435,true],"blossom-feminine-cat":["https:\/\/infotep.com.ar\/wp-content\/uploads\/2025\/12\/Embajadores-Merlenses-por-Malvinas-5-1-450x300.jpeg",450,300,true],"blossom-feminine-related":["https:\/\/infotep.com.ar\/wp-content\/uploads\/2025\/12\/Embajadores-Merlenses-por-Malvinas-5-1-320x200.jpeg",320,200,true],"blossom-feminine-schema":["https:\/\/infotep.com.ar\/wp-content\/uploads\/2025\/12\/Embajadores-Merlenses-por-Malvinas-5-1-107x60.jpeg",107,60,true],"blossom-mommy-blog-slider-big":["https:\/\/infotep.com.ar\/wp-content\/uploads\/2025\/12\/Embajadores-Merlenses-por-Malvinas-5-1-920x650.jpeg",920,650,true],"blossom-mommy-blog-slider":["https:\/\/infotep.com.ar\/wp-content\/uploads\/2025\/12\/Embajadores-Merlenses-por-Malvinas-5-1-460x310.jpeg",460,310,true],"blossom-mommy-blog-two":["https:\/\/infotep.com.ar\/wp-content\/uploads\/2025\/12\/Embajadores-Merlenses-por-Malvinas-5-1-768x480.jpeg",768,480,true]},"author_info":{"info":["Angela Tobar"]},"category_info":"<a href=\"https:\/\/infotep.com.ar\/index.php\/category\/municipales\/merlo\/\" rel=\"category tag\">Merlo<\/a>","tag_info":"Merlo","comment_count":"0","_links":{"self":[{"href":"https:\/\/infotep.com.ar\/index.php\/wp-json\/wp\/v2\/posts\/30264"}],"collection":[{"href":"https:\/\/infotep.com.ar\/index.php\/wp-json\/wp\/v2\/posts"}],"about":[{"href":"https:\/\/infotep.com.ar\/index.php\/wp-json\/wp\/v2\/types\/post"}],"author":[{"embeddable":true,"href":"https:\/\/infotep.com.ar\/index.php\/wp-json\/wp\/v2\/users\/5"}],"replies":[{"embeddable":true,"href":"https:\/\/infotep.com.ar\/index.php\/wp-json\/wp\/v2\/comments?post=30264"}],"version-history":[{"count":1,"href":"https:\/\/infotep.com.ar\/index.php\/wp-json\/wp\/v2\/posts\/30264\/revisions"}],"predecessor-version":[{"id":30266,"href":"https:\/\/infotep.com.ar\/index.php\/wp-json\/wp\/v2\/posts\/30264\/revisions\/30266"}],"wp:featuredmedia":[{"embeddable":true,"href":"https:\/\/infotep.com.ar\/index.php\/wp-json\/wp\/v2\/media\/30265"}],"wp:attachment":[{"href":"https:\/\/infotep.com.ar\/index.php\/wp-json\/wp\/v2\/media?parent=30264"}],"wp:term":[{"taxonomy":"category","embeddable":true,"href":"https:\/\/infotep.com.ar\/index.php\/wp-json\/wp\/v2\/categories?post=30264"},{"taxonomy":"post_tag","embeddable":true,"href":"https:\/\/infotep.com.ar\/index.php\/wp-json\/wp\/v2\/tags?post=30264"}],"curies":[{"name":"wp","href":"https:\/\/api.w.org\/{rel}","templated":true}]}}