{"id":30291,"date":"2025-12-16T12:27:50","date_gmt":"2025-12-16T15:27:50","guid":{"rendered":"https:\/\/infotep.com.ar\/?p=30291"},"modified":"2025-12-16T12:27:52","modified_gmt":"2025-12-16T15:27:52","slug":"contra-el-exceso-de-individualismo-impulsamos-mas-que-nunca-las-cooperativas","status":"publish","type":"post","link":"https:\/\/infotep.com.ar\/index.php\/2025\/12\/16\/contra-el-exceso-de-individualismo-impulsamos-mas-que-nunca-las-cooperativas\/","title":{"rendered":"\u201cContra el exceso de individualismo impulsamos m\u00e1s que nunca las cooperativas\u201d"},"content":{"rendered":"\n<p>As\u00ed lo sostuvo el ministro agrario Javier Rodr\u00edguez, y reafirm\u00f3 el rol estrat\u00e9gico del cooperativismo, defendi\u00f3 la solidaridad y destac\u00f3 los programas provinciales que fortalecen la producci\u00f3n<\/p>\n\n\n\n<p>La Expo Cooperativa 2025, realizada este viernes en el Teatro Argentino de La Plata, fue encabezada por el ministro de Desarrollo Agrario de la provincia de Buenos Aires, Javier Rodr\u00edguez, junto a su par de Desarrollo de la Comunidad, Andr\u00e9s Larroque, el presidente del Instituto Provincial de Asociativismo y Cooperativismo (IPAC), Gildo Onorato y el Presidente de la Alianza Cooperativa Internacional, Ariel Guarco. La actividad reuni\u00f3 a referentes del movimiento cooperativo, autoridades provinciales y organizaciones productivas de toda la provincia, en el marco del A\u00f1o Internacional de las Cooperativas.<\/p>\n\n\n\n<p>Durante su exposici\u00f3n, Javier Rodr\u00edguez destac\u00f3 el rol del Estado en el acompa\u00f1amiento a las iniciativas asociativas y remarc\u00f3 la necesidad de fortalecer modelos de producci\u00f3n basados en la cooperaci\u00f3n y la construcci\u00f3n colectiva como herramientas claves para el arraigo. Al respecto, se\u00f1al\u00f3: &#8220;Contra el exceso de individualismo que nos quieren vender, apoyamos m\u00e1s que nunca a las cooperativas bonaerenses.&#8221;<\/p>\n\n\n\n<p>El ministro subray\u00f3 el rol estrat\u00e9gico del sector y remarc\u00f3 que \u201cel cooperativismo tiene un rol fundamental\u201d. Al respecto, se\u00f1al\u00f3 que las cooperativas agropecuarias y agroalimentarias \u201cdurante muchos a\u00f1os estuvieron invisibilizadas y desde diciembre de 2019, por decisi\u00f3n de Axel Kicillof empezaron a ocupar un lugar central a partir del trabajo espec\u00edfico del Ministerio de Desarrollo Agrario, con un \u00e1rea que antes no exist\u00eda\u201d.<\/p>\n\n\n\n<p>El MDA desarrolla pol\u00edticas para impulsar el crecimiento del sector cooperativo, que permitieron financiar proyectos de mejoras productivas, incorporaci\u00f3n de equipamiento, ampliaci\u00f3n de salas de producci\u00f3n, procesos de agregado de valor y acciones de fortalecimiento institucional. La Incubadora de Cooperativas del MDA acompa\u00f1\u00f3 entre 2020 y 2025 la conformaci\u00f3n de 131 nuevas cooperativas en 85 municipios y brind\u00f3 asistencia t\u00e9cnica a m\u00e1s de 300 grupos incubados. La herramienta ofrece apoyo legal, contable y administrativo a trav\u00e9s de un consultorio especializado.<\/p>\n\n\n\n<p>En ese sentido, Javier Rodr\u00edguez destac\u00f3 que \u201ccuando recorremos la provincia, vemos que en aquellas localidades donde hay una cooperativa, hay m\u00e1s productores de mediana y peque\u00f1a escala. Y en aquellas donde no hay cooperativa, hay menos productores\u201d. Y remarc\u00f3: \u201cCuando hay cooperativa, hay m\u00e1s productores; cuando no hay cooperativa, hay menos. As\u00ed de categ\u00f3rico\u201d.<\/p>\n\n\n\n<p>Tambi\u00e9n explic\u00f3 que el fen\u00f3meno funciona en doble sentido: \u201cLa cooperativa no surge de la nada, surge de la iniciativa de los propios actores. En los lugares donde los productores lograron asociarse y formar una cooperativa, pudieron sortear las distintas vicisitudes de la econom\u00eda argentina y seguir produciendo. En los lugares donde no se asociaron, en alguno de los grandes y c\u00edclicos momentos de crisis, muchos productores tuvieron que abandonar la actividad\u201d.<\/p>\n\n\n\n<p>En l\u00ednea con su mensaje general, el ministro sostuvo que \u201cqueremos una producci\u00f3n con m\u00e1s productores. Por eso impulsamos m\u00e1s cooperativismo agropecuario\u201d, y agreg\u00f3: \u201cEs el cooperativismo el que permite que los productores atraviesen los distintos momentos cr\u00edticos: la cooperativa les acerca financiamiento, insumos, herramientas para repagar o reorganizarse\u201d. Para Javier Rodr\u00edguez, \u201cuna cooperativa creada por los propios productores termina siendo un acompa\u00f1amiento fundamental\u201d.<\/p>\n\n\n\n<p>La l\u00f3gica se extiende a todos los rubros: \u201cCuando hablamos de una cooperativa de trabajo, pasa lo mismo. Esos trabajadores no tendr\u00edan posibilidad de sostener su actividad si no se asociaran. Lo mismo ocurre con las cooperativas de producci\u00f3n y las de consumo\u201d. En ese sentido, defini\u00f3 al cooperativismo como un modelo integral: \u201cConstruye un mundo mejor. No s\u00f3lo desde una mirada econ\u00f3mica, sino tambi\u00e9n social. Proponen un modelo distinto de comunidad. En particular, los efectos econ\u00f3micos son innegables\u201d.<\/p>\n\n\n\n<p>Por eso advirti\u00f3: \u201cDebilitar al cooperativismo es debilitar una herramienta fundamental para construir m\u00e1s producci\u00f3n, m\u00e1s trabajo y m\u00e1s oportunidades que, de otra forma, no ser\u00edan posibles\u201d. Esa afirmaci\u00f3n se da en un contexto nacional adverso: \u201cTenemos un gobierno nacional que trabaja expl\u00edcitamente a favor de la concentraci\u00f3n. Y como defiende la concentraci\u00f3n, es hostil al cooperativismo. Lo vemos todos los d\u00edas\u201d, sostuvo el ministro, para luego remarcar que al gobierno nacional \u201cno le interesa el trabajo de los peque\u00f1os y medianos productores, el esfuerzo de los trabajadores que se organizan, ni las comunidades que construyen nuevas oportunidades\u201d.<\/p>\n\n\n\n<p>Frente a ese panorama, Javier Rodr\u00edguez fue contundente: \u201cDefendemos el cooperativismo, defendemos la solidaridad y que en la provincia de Buenos Aires hay un gobierno solidario, que acompa\u00f1a la construcci\u00f3n de las comunidades y, por lo tanto, acompa\u00f1a al cooperativismo\u201d. Y sintetiz\u00f3 el escenario actual con firmeza: \u201cHoy es evidente que hay dos modelos. En nuestro modelo, el que expresamos y trabajamos en la provincia, el cooperativismo ocupa un lugar central\u201d.<\/p>\n\n\n\n<p>Durante la Expo, el Ministerio de Desarrollo Agrario instal\u00f3 un espacio institucional donde los equipos t\u00e9cnicos brindaron asesoramiento sobre l\u00edneas de financiamiento, herramientas de fortalecimiento y programas de agregado de valor. A lo largo de la jornada, numerosas organizaciones se acercaron para realizar consultas, presentar proyectos y conocer en detalle las pol\u00edticas que el Ministerio viene desplegando para acompa\u00f1ar el crecimiento y la profesionalizaci\u00f3n del sector.<\/p>\n\n\n\n<p>Javier Rodr\u00edguez cerr\u00f3 su intervenci\u00f3n con un mensaje de proyecci\u00f3n: \u201cQue esta exposici\u00f3n sirva para visibilizar lo que ya se viene haciendo y lo que hacen todos los d\u00edas los cooperativistas en sus territorios. Y que nos d\u00e9 m\u00e1s energ\u00eda para seguir avanzando y fortaleciendo el cooperativismo\u201d. Tambi\u00e9n destac\u00f3 \u201cla necesaria vinculaci\u00f3n entre el Estado, las pol\u00edticas p\u00fablicas y el cooperativismo\u201d, al se\u00f1alar que \u201clas pol\u00edticas p\u00fablicas que realmente defienden la producci\u00f3n y el trabajo tienen que fortalecer e impulsar permanentemente al cooperativismo\u201d.<\/p>\n","protected":false},"excerpt":{"rendered":"<p>As&iacute; lo sostuvo el ministro agrario Javier Rodr&iacute;guez, y reafirm&oacute; el rol estrat&eacute;gico del cooperativismo, defendi&oacute; la solidaridad y destac&oacute; los programas provinciales que fortalecen la producci&oacute;n La Expo Cooperativa 2025, realizada este viernes en el Teatro Argentino de La Plata, fue encabezada por el ministro de Desarrollo Agrario de la provincia de Buenos Aires, &hellip; <\/p>\n","protected":false},"author":5,"featured_media":30292,"comment_status":"closed","ping_status":"closed","sticky":false,"template":"","format":"standard","meta":{"om_disable_all_campaigns":false,"_joinchat":[]},"categories":[4],"tags":[46,43,569],"featured_image_urls":{"full":["https:\/\/infotep.com.ar\/wp-content\/uploads\/2025\/12\/unnamed-3.jpg",700,466,false],"thumbnail":["https:\/\/infotep.com.ar\/wp-content\/uploads\/2025\/12\/unnamed-3-150x150.jpg",150,150,true],"medium":["https:\/\/infotep.com.ar\/wp-content\/uploads\/2025\/12\/unnamed-3-300x200.jpg",300,200,true],"medium_large":["https:\/\/infotep.com.ar\/wp-content\/uploads\/2025\/12\/unnamed-3.jpg",700,466,false],"large":["https:\/\/infotep.com.ar\/wp-content\/uploads\/2025\/12\/unnamed-3.jpg",700,466,false],"1536x1536":["https:\/\/infotep.com.ar\/wp-content\/uploads\/2025\/12\/unnamed-3.jpg",700,466,false],"2048x2048":["https:\/\/infotep.com.ar\/wp-content\/uploads\/2025\/12\/unnamed-3.jpg",700,466,false],"blossom-feminine-slider":["https:\/\/infotep.com.ar\/wp-content\/uploads\/2025\/12\/unnamed-3.jpg",700,466,false],"blossom-feminine-featured":["https:\/\/infotep.com.ar\/wp-content\/uploads\/2025\/12\/unnamed-3.jpg",700,466,false],"blossom-feminine-with-sidebar":["https:\/\/infotep.com.ar\/wp-content\/uploads\/2025\/12\/unnamed-3.jpg",700,466,false],"blossom-feminine-blog":["https:\/\/infotep.com.ar\/wp-content\/uploads\/2025\/12\/unnamed-3-435x435.jpg",435,435,true],"blossom-feminine-cat":["https:\/\/infotep.com.ar\/wp-content\/uploads\/2025\/12\/unnamed-3-450x300.jpg",450,300,true],"blossom-feminine-related":["https:\/\/infotep.com.ar\/wp-content\/uploads\/2025\/12\/unnamed-3-320x200.jpg",320,200,true],"blossom-feminine-schema":["https:\/\/infotep.com.ar\/wp-content\/uploads\/2025\/12\/unnamed-3-90x60.jpg",90,60,true],"blossom-mommy-blog-slider-big":["https:\/\/infotep.com.ar\/wp-content\/uploads\/2025\/12\/unnamed-3.jpg",700,466,false],"blossom-mommy-blog-slider":["https:\/\/infotep.com.ar\/wp-content\/uploads\/2025\/12\/unnamed-3-460x310.jpg",460,310,true],"blossom-mommy-blog-two":["https:\/\/infotep.com.ar\/wp-content\/uploads\/2025\/12\/unnamed-3.jpg",700,466,false]},"author_info":{"info":["Angela Tobar"]},"category_info":"<a href=\"https:\/\/infotep.com.ar\/index.php\/category\/provinciales\/\" rel=\"category tag\">Provinciales<\/a>","tag_info":"Provinciales","comment_count":"0","_links":{"self":[{"href":"https:\/\/infotep.com.ar\/index.php\/wp-json\/wp\/v2\/posts\/30291"}],"collection":[{"href":"https:\/\/infotep.com.ar\/index.php\/wp-json\/wp\/v2\/posts"}],"about":[{"href":"https:\/\/infotep.com.ar\/index.php\/wp-json\/wp\/v2\/types\/post"}],"author":[{"embeddable":true,"href":"https:\/\/infotep.com.ar\/index.php\/wp-json\/wp\/v2\/users\/5"}],"replies":[{"embeddable":true,"href":"https:\/\/infotep.com.ar\/index.php\/wp-json\/wp\/v2\/comments?post=30291"}],"version-history":[{"count":1,"href":"https:\/\/infotep.com.ar\/index.php\/wp-json\/wp\/v2\/posts\/30291\/revisions"}],"predecessor-version":[{"id":30293,"href":"https:\/\/infotep.com.ar\/index.php\/wp-json\/wp\/v2\/posts\/30291\/revisions\/30293"}],"wp:featuredmedia":[{"embeddable":true,"href":"https:\/\/infotep.com.ar\/index.php\/wp-json\/wp\/v2\/media\/30292"}],"wp:attachment":[{"href":"https:\/\/infotep.com.ar\/index.php\/wp-json\/wp\/v2\/media?parent=30291"}],"wp:term":[{"taxonomy":"category","embeddable":true,"href":"https:\/\/infotep.com.ar\/index.php\/wp-json\/wp\/v2\/categories?post=30291"},{"taxonomy":"post_tag","embeddable":true,"href":"https:\/\/infotep.com.ar\/index.php\/wp-json\/wp\/v2\/tags?post=30291"}],"curies":[{"name":"wp","href":"https:\/\/api.w.org\/{rel}","templated":true}]}}