{"id":30297,"date":"2025-12-16T18:49:49","date_gmt":"2025-12-16T21:49:49","guid":{"rendered":"https:\/\/infotep.com.ar\/?p=30297"},"modified":"2025-12-16T18:49:52","modified_gmt":"2025-12-16T21:49:52","slug":"ituzaingo-realizo-la-segunda-jornada-de-celiaquia","status":"publish","type":"post","link":"https:\/\/infotep.com.ar\/index.php\/2025\/12\/16\/ituzaingo-realizo-la-segunda-jornada-de-celiaquia\/","title":{"rendered":"Ituzaing\u00f3 realiz\u00f3 la segunda jornada de celiaqu\u00eda"},"content":{"rendered":"\n<p>La Peatonal Eva Per\u00f3n, frente al Palacio Municipal, fue sede de la segunda jornada de celiaqu\u00eda, la tarde del lunes 15 de diciembre.<\/p>\n\n\n\n<p>Durante la jornada, el intendente municipal, Pablo Descalzo, recorri\u00f3 las instalaciones y comparti\u00f3 actividades con los vecinos y vecinas participantes. Hubo sorteos, m\u00fasica en vivo y la conocida pastelera Elida Scrimagila realiz\u00f3 una demostraci\u00f3n en tiempo real de una receta de cookies sin gluten. Tambi\u00e9n hubo puestos de bazar y alimentos sin TACC en la feria de microemprendedores. En tanto, al cierre del encuentro, el intendente entreg\u00f3 cajas navide\u00f1as con productos sin TACC a los beneficiarios del Programa de Asistencia Alimentaria para Cel\u00edacos (PAAC).<\/p>\n\n\n\n<p><strong>Acompa\u00f1amiento a personas con celiaqu\u00eda y con intolerancia al gluten<\/strong><\/p>\n\n\n\n<figure class=\"wp-block-image size-large\"><img decoding=\"async\" loading=\"lazy\" width=\"1024\" height=\"682\" src=\"https:\/\/infotep.com.ar\/wp-content\/uploads\/2025\/12\/Jornada-de-Celiaquia-2-1024x682.jpeg\" alt=\"\" class=\"wp-image-30298\" srcset=\"https:\/\/infotep.com.ar\/wp-content\/uploads\/2025\/12\/Jornada-de-Celiaquia-2-1024x682.jpeg 1024w, https:\/\/infotep.com.ar\/wp-content\/uploads\/2025\/12\/Jornada-de-Celiaquia-2-300x200.jpeg 300w, https:\/\/infotep.com.ar\/wp-content\/uploads\/2025\/12\/Jornada-de-Celiaquia-2-768x512.jpeg 768w, https:\/\/infotep.com.ar\/wp-content\/uploads\/2025\/12\/Jornada-de-Celiaquia-2-1536x1023.jpeg 1536w, https:\/\/infotep.com.ar\/wp-content\/uploads\/2025\/12\/Jornada-de-Celiaquia-2-450x300.jpeg 450w, https:\/\/infotep.com.ar\/wp-content\/uploads\/2025\/12\/Jornada-de-Celiaquia-2-90x60.jpeg 90w, https:\/\/infotep.com.ar\/wp-content\/uploads\/2025\/12\/Jornada-de-Celiaquia-2.jpeg 1600w\" sizes=\"(max-width: 1024px) 100vw, 1024px\" \/><\/figure>\n\n\n\n<p>Ituzaing\u00f3 es uno de los primeros municipios en brindar cajas con productos navide\u00f1os aptos para cel\u00edacos, as\u00ed como tambi\u00e9n en organizar este tipo de ferias.<\/p>\n\n\n\n<p>Estas actividades forman parte de las pol\u00edticas de acompa\u00f1amiento a las personas con intolerancia total y permanente al gluten, que ofrece el gobierno local para mejorar su calidad de vida. Adem\u00e1s, se organizan jornadas de concientizaci\u00f3n y de capacitaci\u00f3n en nutrici\u00f3n.<\/p>\n\n\n\n<p>Quienes est\u00e1n inscriptos al PAAC reciben cada mes productos sin gluten y obtienen descuentos de hasta el 15% en productos sin TACC de diet\u00e9ticas adheridas.<\/p>\n\n\n\n<p>En el sitio web del municipio, hay un recetario de comidas ricas, f\u00e1ciles de hacer y sin gluten para compartir en familia. Las y los interesados pueden acceder al mismo, ingresando en <a href=\"https:\/\/miituzaingo.gov.ar\/es\/recetario-sin-tacc\" target=\"_blank\" rel=\"noreferrer noopener\">https:\/\/miituzaingo.gov.ar\/es\/recetario-sin-tacc<\/a><\/p>\n\n\n\n<p>Por \u00faltimo, quienes deseen inscribirse al Programa de Asistencia Alimentaria para Cel\u00edacos, deben acercarse a la Direcci\u00f3n de Fortalecimiento Comunitario (Av. Ratti 10, esquina Belgrano), de lunes a viernes, de 8 a 15 hs con DNI, fotocopia de biopsia o estudio histopatol\u00f3gico y negativa de ANSES (en caso de ser menor, adjuntar DNI y negativa de ANSES del responsable adulto).<\/p>\n","protected":false},"excerpt":{"rendered":"<p>La Peatonal Eva Per&oacute;n, frente al Palacio Municipal, fue sede de la segunda jornada de celiaqu&iacute;a, la tarde del lunes 15 de diciembre. Durante la jornada, el intendente municipal, Pablo Descalzo, recorri&oacute; las instalaciones y comparti&oacute; actividades con los vecinos y vecinas participantes. Hubo sorteos, m&uacute;sica en vivo y la conocida pastelera Elida Scrimagila realiz&oacute; &hellip; <\/p>\n","protected":false},"author":5,"featured_media":30299,"comment_status":"closed","ping_status":"closed","sticky":false,"template":"","format":"standard","meta":{"om_disable_all_campaigns":false,"_joinchat":[]},"categories":[31,8],"tags":[46,43,569],"featured_image_urls":{"full":["https:\/\/infotep.com.ar\/wp-content\/uploads\/2025\/12\/Jornada-de-Celiaquia-1.jpeg",1600,1066,false],"thumbnail":["https:\/\/infotep.com.ar\/wp-content\/uploads\/2025\/12\/Jornada-de-Celiaquia-1-150x150.jpeg",150,150,true],"medium":["https:\/\/infotep.com.ar\/wp-content\/uploads\/2025\/12\/Jornada-de-Celiaquia-1-300x200.jpeg",300,200,true],"medium_large":["https:\/\/infotep.com.ar\/wp-content\/uploads\/2025\/12\/Jornada-de-Celiaquia-1-768x512.jpeg",768,512,true],"large":["https:\/\/infotep.com.ar\/wp-content\/uploads\/2025\/12\/Jornada-de-Celiaquia-1-1024x682.jpeg",1020,679,true],"1536x1536":["https:\/\/infotep.com.ar\/wp-content\/uploads\/2025\/12\/Jornada-de-Celiaquia-1-1536x1023.jpeg",1536,1023,true],"2048x2048":["https:\/\/infotep.com.ar\/wp-content\/uploads\/2025\/12\/Jornada-de-Celiaquia-1.jpeg",1600,1066,false],"blossom-feminine-slider":["https:\/\/infotep.com.ar\/wp-content\/uploads\/2025\/12\/Jornada-de-Celiaquia-1-1600x649.jpeg",1600,649,true],"blossom-feminine-featured":["https:\/\/infotep.com.ar\/wp-content\/uploads\/2025\/12\/Jornada-de-Celiaquia-1-1410x600.jpeg",1410,600,true],"blossom-feminine-with-sidebar":["https:\/\/infotep.com.ar\/wp-content\/uploads\/2025\/12\/Jornada-de-Celiaquia-1-1020x600.jpeg",1020,600,true],"blossom-feminine-blog":["https:\/\/infotep.com.ar\/wp-content\/uploads\/2025\/12\/Jornada-de-Celiaquia-1-435x435.jpeg",435,435,true],"blossom-feminine-cat":["https:\/\/infotep.com.ar\/wp-content\/uploads\/2025\/12\/Jornada-de-Celiaquia-1-450x300.jpeg",450,300,true],"blossom-feminine-related":["https:\/\/infotep.com.ar\/wp-content\/uploads\/2025\/12\/Jornada-de-Celiaquia-1-320x200.jpeg",320,200,true],"blossom-feminine-schema":["https:\/\/infotep.com.ar\/wp-content\/uploads\/2025\/12\/Jornada-de-Celiaquia-1-90x60.jpeg",90,60,true],"blossom-mommy-blog-slider-big":["https:\/\/infotep.com.ar\/wp-content\/uploads\/2025\/12\/Jornada-de-Celiaquia-1-920x650.jpeg",920,650,true],"blossom-mommy-blog-slider":["https:\/\/infotep.com.ar\/wp-content\/uploads\/2025\/12\/Jornada-de-Celiaquia-1-460x310.jpeg",460,310,true],"blossom-mommy-blog-two":["https:\/\/infotep.com.ar\/wp-content\/uploads\/2025\/12\/Jornada-de-Celiaquia-1-768x480.jpeg",768,480,true]},"author_info":{"info":["Angela Tobar"]},"category_info":"<a href=\"https:\/\/infotep.com.ar\/index.php\/category\/destacadas\/\" rel=\"category tag\">Destacadas<\/a> <a href=\"https:\/\/infotep.com.ar\/index.php\/category\/municipales\/ituzaingo\/\" rel=\"category tag\">Ituzaing\u00f3<\/a>","tag_info":"Ituzaing\u00f3","comment_count":"0","_links":{"self":[{"href":"https:\/\/infotep.com.ar\/index.php\/wp-json\/wp\/v2\/posts\/30297"}],"collection":[{"href":"https:\/\/infotep.com.ar\/index.php\/wp-json\/wp\/v2\/posts"}],"about":[{"href":"https:\/\/infotep.com.ar\/index.php\/wp-json\/wp\/v2\/types\/post"}],"author":[{"embeddable":true,"href":"https:\/\/infotep.com.ar\/index.php\/wp-json\/wp\/v2\/users\/5"}],"replies":[{"embeddable":true,"href":"https:\/\/infotep.com.ar\/index.php\/wp-json\/wp\/v2\/comments?post=30297"}],"version-history":[{"count":1,"href":"https:\/\/infotep.com.ar\/index.php\/wp-json\/wp\/v2\/posts\/30297\/revisions"}],"predecessor-version":[{"id":30300,"href":"https:\/\/infotep.com.ar\/index.php\/wp-json\/wp\/v2\/posts\/30297\/revisions\/30300"}],"wp:featuredmedia":[{"embeddable":true,"href":"https:\/\/infotep.com.ar\/index.php\/wp-json\/wp\/v2\/media\/30299"}],"wp:attachment":[{"href":"https:\/\/infotep.com.ar\/index.php\/wp-json\/wp\/v2\/media?parent=30297"}],"wp:term":[{"taxonomy":"category","embeddable":true,"href":"https:\/\/infotep.com.ar\/index.php\/wp-json\/wp\/v2\/categories?post=30297"},{"taxonomy":"post_tag","embeddable":true,"href":"https:\/\/infotep.com.ar\/index.php\/wp-json\/wp\/v2\/tags?post=30297"}],"curies":[{"name":"wp","href":"https:\/\/api.w.org\/{rel}","templated":true}]}}