{"id":30319,"date":"2025-12-17T12:47:34","date_gmt":"2025-12-17T15:47:34","guid":{"rendered":"https:\/\/infotep.com.ar\/?p=30319"},"modified":"2025-12-17T12:47:35","modified_gmt":"2025-12-17T15:47:35","slug":"paro-de-controladores-aereos-demoras-y-cancelaciones-de-vuelos-en-todo-el-pais","status":"publish","type":"post","link":"https:\/\/infotep.com.ar\/index.php\/2025\/12\/17\/paro-de-controladores-aereos-demoras-y-cancelaciones-de-vuelos-en-todo-el-pais\/","title":{"rendered":"Paro de controladores a\u00e9reos: demoras y cancelaciones de vuelos en todo el pa\u00eds"},"content":{"rendered":"\n<p>La Secretar\u00eda de Trabajo convoc\u00f3 a una audiencia de conciliaci\u00f3n para las 10 para destrabar el conflicto.<br><\/p>\n\n\n\n<p>Desde esta ma\u00f1ana a las 8, el sistema de navegaci\u00f3n a\u00e9rea nacional enfrenta una serie de interrupciones operativas debido al plan de lucha iniciado por la Asociaci\u00f3n T\u00e9cnicos y Empleados de Protecci\u00f3n y Seguridad a la Aeronavegaci\u00f3n (ATEPSA), que ya ha provocado demoras y cancelaciones de vuelos.<\/p>\n\n\n\n<p>La medida afecta hoy exclusivamente a los despegues de vuelos dom\u00e9sticos en todas las terminales del pa\u00eds, con una extensi\u00f3n prevista hasta las 11:00 horas, a pesar de que la Secretar\u00eda de Trabajo convoc\u00f3 a una audiencia de conciliaci\u00f3n para las 10:00 horas.<\/p>\n\n\n\n<p>La contingencia ha generado alteraciones significativas en las programaciones de las principales l\u00edneas a\u00e9reas. En el Aeropuerto Internacional de Ezeiza, gestionado por Aeropuertos Argentina, se registraron reprogramaciones desde la madrugada.<\/p>\n\n\n\n<p>Al menos cuatro vuelos de Flybondi debieron ser cancelados, mientras que Aerol\u00edneas Argentinas y Latam reprogramaron varios de sus servicios para despu\u00e9s de las 11,30m seg\u00fan pudo constatar la Agencia Noticias Argentinas.<\/p>\n\n\n\n<p>En Aerol\u00edneas Argentinas, los servicios con destino a Catamarca, San Juan y Ushuaia, originalmente programados entre las 09:00 y las 10:00 horas, debieron ser postergados para despu\u00e9s de las 11:30 horas. Por el contrario, los vuelos hacia Santiago del Estero y Jujuy fueron adelantados para evitar la franja del cese de actividades.<\/p>\n\n\n\n<p>Flybondi, en tanto registr\u00f3 tambi\u00e9n demoras similares en sus servicios hacia la Patagonia, particularmente en la ruta a Ushuaia.<\/p>\n\n\n\n<p>Este escenario de reprogramaciones y cancelaciones se replica en el Aeroparque Jorge Newbery y en el resto de las terminales del interior, donde se recomienda a los pasajeros la consulta permanente de los estados de vuelo a trav\u00e9s de los canales oficiales.<\/p>\n\n\n\n<p>El gremio fundamenta la medida en un reclamo de recomposici\u00f3n salarial derivado de las paritarias firmadas en septiembre. Seg\u00fan la dirigencia sindical, los acuerdos alcanzados tras el conflicto de agosto con la Empresa Argentina de Navegaci\u00f3n A\u00e9rea (EANA) no han sido cumplidos por la parte empleadora.<\/p>\n\n\n\n<p>El cronograma de paros, ratificado por ATEPSA, contempla una escalada progresiva:<\/p>\n\n\n\n<p>Inicia este 17 de diciembre afectando vuelos nacionales.<br>Se extender\u00e1 hasta alcanzar la operatividad de los vuelos internacionales el pr\u00f3ximo 27 de diciembre, coincidiendo con el pico de demanda por las festividades de fin de a\u00f1o.<br>El Gobierno Nacional, a trav\u00e9s de la Secretar\u00eda de Transporte, ha manifestado un rechazo categ\u00f3rico a estas acciones.<\/p>\n\n\n\n<p>Empresa Argentina de Navegaci\u00f3n A\u00e9rea (EANA): En un comunicado oficial, la entidad calific\u00f3 la medida como &#8220;ileg\u00edtima&#8221; e &#8220;inadmisible&#8221;, subrayando que el transporte a\u00e9reo es un servicio esencial garantizado por ley. Advirtieron que la interrupci\u00f3n en fechas de alta demanda estacional perjudica directamente a cientos de miles de ciudadanos.<\/p>\n\n\n\n<p>Fuentes Gubernamentales se\u00f1alaron que la actitud del sindicato ha sido de una &#8220;inflexibilidad total&#8221; ante las propuestas de di\u00e1logo, lo que motiv\u00f3 la nueva convocatoria de urgencia por parte de la Secretar\u00eda de Trabajo.<\/p>\n\n\n\n<p>Para una correcta planificaci\u00f3n de los usuarios, se detallan las ventanas de afectaci\u00f3n previstas para los pr\u00f3ximos d\u00edas:<\/p>\n\n\n\n<p>Mi\u00e9rcoles 17: Interrupci\u00f3n de despegues nacionales de 08:00 a 11:00 horas (en Aeroparque finaliza a las 10:00).<\/p>\n\n\n\n<p>Jueves 18: Afectaci\u00f3n de vuelos nacionales entre las 16:00 y las 19:00 horas (en Aeroparque finaliza a las 18:00).<\/p>\n\n\n\n<p>Martes 23: Cese de operaciones nacionales de 19:00 a 22:00 horas (en Aeroparque finaliza a las 21:00).<\/p>\n\n\n\n<p>S\u00e1bado 27: Primera afectaci\u00f3n a vuelos internacionales, programada entre las 14:00 y las 17:00 horas.<strong>IP<\/strong><\/p>\n\n\n\n<p>Lunes 29: Paro general de despegues (nacionales e internacionales) de 08:00 a 11:00 horas.<\/p>\n\n\n\n<p>Dada la naturaleza din\u00e1mica del conflicto y el &#8220;efecto domin\u00f3&#8221; que estas interrupciones generan en la red de aeropuertos de Aeropuertos Argentina, se sugiere no trasladarse a las terminales sin antes haber confirmado la nueva hora de embarque con su transportador.<\/p>\n","protected":false},"excerpt":{"rendered":"<p>La Secretar&iacute;a de Trabajo convoc&oacute; a una audiencia de conciliaci&oacute;n para las 10 para destrabar el conflicto. Desde esta ma&ntilde;ana a las 8, el sistema de navegaci&oacute;n a&eacute;rea nacional enfrenta una serie de interrupciones operativas debido al plan de lucha iniciado por la Asociaci&oacute;n T&eacute;cnicos y Empleados de Protecci&oacute;n y Seguridad a la Aeronavegaci&oacute;n (ATEPSA), &hellip; <\/p>\n","protected":false},"author":5,"featured_media":30320,"comment_status":"closed","ping_status":"closed","sticky":false,"template":"","format":"standard","meta":{"om_disable_all_campaigns":false,"_joinchat":[]},"categories":[7,3],"tags":[46,43,569],"featured_image_urls":{"full":["https:\/\/infotep.com.ar\/wp-content\/uploads\/2025\/12\/aeropuerto-paro.webp",1081,720,false],"thumbnail":["https:\/\/infotep.com.ar\/wp-content\/uploads\/2025\/12\/aeropuerto-paro-150x150.webp",150,150,true],"medium":["https:\/\/infotep.com.ar\/wp-content\/uploads\/2025\/12\/aeropuerto-paro-300x200.webp",300,200,true],"medium_large":["https:\/\/infotep.com.ar\/wp-content\/uploads\/2025\/12\/aeropuerto-paro-768x512.webp",768,512,true],"large":["https:\/\/infotep.com.ar\/wp-content\/uploads\/2025\/12\/aeropuerto-paro-1024x682.webp",1020,679,true],"1536x1536":["https:\/\/infotep.com.ar\/wp-content\/uploads\/2025\/12\/aeropuerto-paro.webp",1081,720,false],"2048x2048":["https:\/\/infotep.com.ar\/wp-content\/uploads\/2025\/12\/aeropuerto-paro.webp",1081,720,false],"blossom-feminine-slider":["https:\/\/infotep.com.ar\/wp-content\/uploads\/2025\/12\/aeropuerto-paro-1081x649.webp",1081,649,true],"blossom-feminine-featured":["https:\/\/infotep.com.ar\/wp-content\/uploads\/2025\/12\/aeropuerto-paro-1081x600.webp",1081,600,true],"blossom-feminine-with-sidebar":["https:\/\/infotep.com.ar\/wp-content\/uploads\/2025\/12\/aeropuerto-paro-1020x600.webp",1020,600,true],"blossom-feminine-blog":["https:\/\/infotep.com.ar\/wp-content\/uploads\/2025\/12\/aeropuerto-paro-435x435.webp",435,435,true],"blossom-feminine-cat":["https:\/\/infotep.com.ar\/wp-content\/uploads\/2025\/12\/aeropuerto-paro-450x300.webp",450,300,true],"blossom-feminine-related":["https:\/\/infotep.com.ar\/wp-content\/uploads\/2025\/12\/aeropuerto-paro-320x200.webp",320,200,true],"blossom-feminine-schema":["https:\/\/infotep.com.ar\/wp-content\/uploads\/2025\/12\/aeropuerto-paro-90x60.webp",90,60,true],"blossom-mommy-blog-slider-big":["https:\/\/infotep.com.ar\/wp-content\/uploads\/2025\/12\/aeropuerto-paro-920x650.webp",920,650,true],"blossom-mommy-blog-slider":["https:\/\/infotep.com.ar\/wp-content\/uploads\/2025\/12\/aeropuerto-paro-460x310.webp",460,310,true],"blossom-mommy-blog-two":["https:\/\/infotep.com.ar\/wp-content\/uploads\/2025\/12\/aeropuerto-paro-768x480.webp",768,480,true]},"author_info":{"info":["Angela Tobar"]},"category_info":"<a href=\"https:\/\/infotep.com.ar\/index.php\/category\/gremios\/\" rel=\"category tag\">Gremios<\/a> <a href=\"https:\/\/infotep.com.ar\/index.php\/category\/nacionales\/\" rel=\"category tag\">Nacionales<\/a>","tag_info":"Nacionales","comment_count":"0","_links":{"self":[{"href":"https:\/\/infotep.com.ar\/index.php\/wp-json\/wp\/v2\/posts\/30319"}],"collection":[{"href":"https:\/\/infotep.com.ar\/index.php\/wp-json\/wp\/v2\/posts"}],"about":[{"href":"https:\/\/infotep.com.ar\/index.php\/wp-json\/wp\/v2\/types\/post"}],"author":[{"embeddable":true,"href":"https:\/\/infotep.com.ar\/index.php\/wp-json\/wp\/v2\/users\/5"}],"replies":[{"embeddable":true,"href":"https:\/\/infotep.com.ar\/index.php\/wp-json\/wp\/v2\/comments?post=30319"}],"version-history":[{"count":1,"href":"https:\/\/infotep.com.ar\/index.php\/wp-json\/wp\/v2\/posts\/30319\/revisions"}],"predecessor-version":[{"id":30321,"href":"https:\/\/infotep.com.ar\/index.php\/wp-json\/wp\/v2\/posts\/30319\/revisions\/30321"}],"wp:featuredmedia":[{"embeddable":true,"href":"https:\/\/infotep.com.ar\/index.php\/wp-json\/wp\/v2\/media\/30320"}],"wp:attachment":[{"href":"https:\/\/infotep.com.ar\/index.php\/wp-json\/wp\/v2\/media?parent=30319"}],"wp:term":[{"taxonomy":"category","embeddable":true,"href":"https:\/\/infotep.com.ar\/index.php\/wp-json\/wp\/v2\/categories?post=30319"},{"taxonomy":"post_tag","embeddable":true,"href":"https:\/\/infotep.com.ar\/index.php\/wp-json\/wp\/v2\/tags?post=30319"}],"curies":[{"name":"wp","href":"https:\/\/api.w.org\/{rel}","templated":true}]}}