{"id":30323,"date":"2025-12-17T12:50:33","date_gmt":"2025-12-17T15:50:33","guid":{"rendered":"https:\/\/infotep.com.ar\/?p=30323"},"modified":"2025-12-17T12:50:35","modified_gmt":"2025-12-17T15:50:35","slug":"gobernadores-denuncian-que-milei-abandona-a-las-provincias","status":"publish","type":"post","link":"https:\/\/infotep.com.ar\/index.php\/2025\/12\/17\/gobernadores-denuncian-que-milei-abandona-a-las-provincias\/","title":{"rendered":"Gobernadores denuncian que Milei \u201cabandona a las provincias\u201d"},"content":{"rendered":"\n<p>El gobernador de la provincia de Buenos Aires, Axel Kicillof, cuestion\u00f3 con dureza al presidente Javier Milei al advertir que la Argentina atraviesa \u201cuna deserci\u00f3n del gobierno nacional\u201d y acus\u00f3 a la actual administraci\u00f3n de llevar adelante \u201cuna de las experiencias m\u00e1s centralistas y unitarias\u201d de la historia reciente.<\/p>\n\n\n\n<p>Las declaraciones fueron realizadas durante un acto en el Instituto Polit\u00e9cnico de Formosa, que Kicillof encabez\u00f3 junto al gobernador local, Gildo Insfr\u00e1n, en el marco de la firma de convenios de cooperaci\u00f3n entre ambas provincias en materia de seguridad, investigaci\u00f3n y aplicaci\u00f3n de tecnolog\u00eda.<\/p>\n\n\n\n<p>Del encuentro participaron tambi\u00e9n los ministros bonaerenses Javier Alonso (Seguridad) y Andr\u00e9s Larroque (Desarrollo de la Comunidad).<\/p>\n\n\n\n<p>\u201cM\u00e1s que una visita, esto es un reencuentro. Viv\u00ed en Formosa en 1998 y muchos de los funcionarios que hoy me reciben son viejos amigos\u201d, se\u00f1al\u00f3 Kicillof, al tiempo que afirm\u00f3 que los acuerdos firmados constituyen \u201cuna verdadera declaraci\u00f3n pol\u00edtica frente a la situaci\u00f3n econ\u00f3mica y social grave que atraviesa el pa\u00eds\u201d.<\/p>\n\n\n\n<p>En ese sentido, plante\u00f3 la necesidad de avanzar en \u201cun verdadero pacto entre provincias argentinas para devolverle a la Naci\u00f3n una mirada federal\u201d.<\/p>\n\n\n\n<p>El mandatario bonaerense asegur\u00f3 que las provincias \u201cest\u00e1n sufriendo el abandono, la ausencia y la deserci\u00f3n del gobierno nacional\u201d, y sostuvo que la administraci\u00f3n de Milei dej\u00f3 de cumplir obligaciones establecidas por la Constituci\u00f3n.<\/p>\n\n\n\n<p>\u201cNo es solo una decisi\u00f3n pol\u00edtica: es ilegal e inconstitucional\u201d, remarc\u00f3.<\/p>\n\n\n\n<p><strong>Como ejemplo, detall\u00f3 que en la provincia de Buenos Aires existen \u201ccerca de mil obras p\u00fablicas abandonadas por la Naci\u00f3n\u201d, entre ellas escuelas, rutas, cloacas, obras de agua y energ\u00eda, universidades y proyectos portuarios.<\/strong><\/p>\n\n\n\n<p>Kicillof tambi\u00e9n critic\u00f3 la interrupci\u00f3n de pol\u00edticas nacionales sensibles, como la distribuci\u00f3n de medicamentos oncol\u00f3gicos, alimentos y material pedag\u00f3gico: \u201cLas provincias hacemos de escudo y de red, pero no alcanza\u201d, advirti\u00f3.<\/p>\n\n\n\n<p>En materia de seguridad, cuestion\u00f3 el desfinanciamiento de las fuerzas federales y plante\u00f3 un interrogante directo: \u201c\u00bfQui\u00e9n cuida las fronteras si el Gobierno nacional se retira?\u201d.<\/p>\n\n\n\n<p>En ese marco, destac\u00f3 el rol de Formosa en el control territorial y expres\u00f3 que \u201ccon recursos propios, esta provincia cuida las fronteras&#8221;.<\/p>\n\n\n\n<p>Adem\u00e1s, se\u00f1al\u00f3 que el combate contra el narcotr\u00e1fico no puede desligarse del control fronterizo. \u201cPara que la droga llegue a Buenos Aires antes recorri\u00f3 m\u00e1s de 1.500 kil\u00f3metros y cruz\u00f3 una frontera sin control. Ah\u00ed fall\u00f3 el Estado nacional\u201d, sostuvo.<\/p>\n","protected":false},"excerpt":{"rendered":"<p>El gobernador de la provincia de Buenos Aires, Axel Kicillof, cuestion&oacute; con dureza al presidente Javier Milei al advertir que la Argentina atraviesa &ldquo;una deserci&oacute;n del gobierno nacional&rdquo; y acus&oacute; a la actual administraci&oacute;n de llevar adelante &ldquo;una de las experiencias m&aacute;s centralistas y unitarias&rdquo; de la historia reciente. Las declaraciones fueron realizadas durante un &hellip; <\/p>\n","protected":false},"author":5,"featured_media":20884,"comment_status":"closed","ping_status":"closed","sticky":false,"template":"","format":"standard","meta":{"om_disable_all_campaigns":false,"_joinchat":[]},"categories":[4],"tags":[46,43,569],"featured_image_urls":{"full":["https:\/\/infotep.com.ar\/wp-content\/uploads\/2025\/02\/milei.webp",555,360,false],"thumbnail":["https:\/\/infotep.com.ar\/wp-content\/uploads\/2025\/02\/milei-150x150.webp",150,150,true],"medium":["https:\/\/infotep.com.ar\/wp-content\/uploads\/2025\/02\/milei-300x195.webp",300,195,true],"medium_large":["https:\/\/infotep.com.ar\/wp-content\/uploads\/2025\/02\/milei.webp",555,360,false],"large":["https:\/\/infotep.com.ar\/wp-content\/uploads\/2025\/02\/milei.webp",555,360,false],"1536x1536":["https:\/\/infotep.com.ar\/wp-content\/uploads\/2025\/02\/milei.webp",555,360,false],"2048x2048":["https:\/\/infotep.com.ar\/wp-content\/uploads\/2025\/02\/milei.webp",555,360,false],"blossom-feminine-slider":["https:\/\/infotep.com.ar\/wp-content\/uploads\/2025\/02\/milei.webp",555,360,false],"blossom-feminine-featured":["https:\/\/infotep.com.ar\/wp-content\/uploads\/2025\/02\/milei.webp",555,360,false],"blossom-feminine-with-sidebar":["https:\/\/infotep.com.ar\/wp-content\/uploads\/2025\/02\/milei.webp",555,360,false],"blossom-feminine-blog":["https:\/\/infotep.com.ar\/wp-content\/uploads\/2025\/02\/milei-435x360.webp",435,360,true],"blossom-feminine-cat":["https:\/\/infotep.com.ar\/wp-content\/uploads\/2025\/02\/milei-450x300.webp",450,300,true],"blossom-feminine-related":["https:\/\/infotep.com.ar\/wp-content\/uploads\/2025\/02\/milei-320x200.webp",320,200,true],"blossom-feminine-schema":["https:\/\/infotep.com.ar\/wp-content\/uploads\/2025\/02\/milei-93x60.webp",93,60,true],"blossom-mommy-blog-slider-big":["https:\/\/infotep.com.ar\/wp-content\/uploads\/2025\/02\/milei.webp",555,360,false],"blossom-mommy-blog-slider":["https:\/\/infotep.com.ar\/wp-content\/uploads\/2025\/02\/milei-460x310.webp",460,310,true],"blossom-mommy-blog-two":["https:\/\/infotep.com.ar\/wp-content\/uploads\/2025\/02\/milei.webp",555,360,false]},"author_info":{"info":["Angela Tobar"]},"category_info":"<a href=\"https:\/\/infotep.com.ar\/index.php\/category\/provinciales\/\" rel=\"category tag\">Provinciales<\/a>","tag_info":"Provinciales","comment_count":"0","_links":{"self":[{"href":"https:\/\/infotep.com.ar\/index.php\/wp-json\/wp\/v2\/posts\/30323"}],"collection":[{"href":"https:\/\/infotep.com.ar\/index.php\/wp-json\/wp\/v2\/posts"}],"about":[{"href":"https:\/\/infotep.com.ar\/index.php\/wp-json\/wp\/v2\/types\/post"}],"author":[{"embeddable":true,"href":"https:\/\/infotep.com.ar\/index.php\/wp-json\/wp\/v2\/users\/5"}],"replies":[{"embeddable":true,"href":"https:\/\/infotep.com.ar\/index.php\/wp-json\/wp\/v2\/comments?post=30323"}],"version-history":[{"count":1,"href":"https:\/\/infotep.com.ar\/index.php\/wp-json\/wp\/v2\/posts\/30323\/revisions"}],"predecessor-version":[{"id":30324,"href":"https:\/\/infotep.com.ar\/index.php\/wp-json\/wp\/v2\/posts\/30323\/revisions\/30324"}],"wp:featuredmedia":[{"embeddable":true,"href":"https:\/\/infotep.com.ar\/index.php\/wp-json\/wp\/v2\/media\/20884"}],"wp:attachment":[{"href":"https:\/\/infotep.com.ar\/index.php\/wp-json\/wp\/v2\/media?parent=30323"}],"wp:term":[{"taxonomy":"category","embeddable":true,"href":"https:\/\/infotep.com.ar\/index.php\/wp-json\/wp\/v2\/categories?post=30323"},{"taxonomy":"post_tag","embeddable":true,"href":"https:\/\/infotep.com.ar\/index.php\/wp-json\/wp\/v2\/tags?post=30323"}],"curies":[{"name":"wp","href":"https:\/\/api.w.org\/{rel}","templated":true}]}}