{"id":30325,"date":"2025-12-17T12:53:25","date_gmt":"2025-12-17T15:53:25","guid":{"rendered":"https:\/\/infotep.com.ar\/?p=30325"},"modified":"2025-12-17T12:53:26","modified_gmt":"2025-12-17T15:53:26","slug":"moron-celebro-la-primera-edicion-del-pan-dulce-de-oro","status":"publish","type":"post","link":"https:\/\/infotep.com.ar\/index.php\/2025\/12\/17\/moron-celebro-la-primera-edicion-del-pan-dulce-de-oro\/","title":{"rendered":"Mor\u00f3n celebr\u00f3 la primera edici\u00f3n del Pan Dulce de Oro"},"content":{"rendered":"\n<p>Panader\u00eda Nemo se consagr\u00f3 ganadora del certamen que reuni\u00f3 a miles de vecinos y referentes del sector panadero en la Plaza San Mart\u00edn durante todo el fin de semana.<\/p>\n\n\n\n<p><strong>El Municipio de Mor\u00f3n fue sede de la primera edici\u00f3n del Festival del Pan Dulce de Oro, una propuesta que se desarroll\u00f3 en la Plaza San Mart\u00edn de Mor\u00f3n centro y que coron\u00f3 como ganadora a Panader\u00eda Nemo. El evento cont\u00f3 con la presencia del intendente Lucas Ghi y la participaci\u00f3n de m\u00e1s de 6.000 vecinos y vecinas a lo largo del fin de semana.<\/strong><\/p>\n\n\n\n<p>La jornada fue organizada por el Centro de Industriales Panaderos del Oeste (CIPDO) y reuni\u00f3 a referentes del sector panadero, productores locales y familias que se acercaron a disfrutar de degustaciones, actividades recreativas y propuestas culturales. La gran final del certamen, prevista inicialmente para el domingo, debi\u00f3 reprogramarse por cuestiones clim\u00e1ticas y se realiz\u00f3 el lunes.<\/p>\n\n\n\n<p>Entre los seis finalistas seleccionados por un jurado de expertos integrado por Sergio Gonz\u00e1lez, Alejandro Orellana, N\u00e9stor Reggiani, Vicente Campana y Juan Manuel Herrera, se destac\u00f3 la pieza elaborada por Augusto Palombi, de Panader\u00eda Nemo, que fue elegida como la mejor del a\u00f1o.<\/p>\n\n\n\n<p>El segundo puesto fue para Confiter\u00eda Alemana, el tercero para Panader\u00eda Guzzi, el cuarto lugar para El Sol de Mor\u00f3n, el quinto para Las Delicias de Rodolfo y el sexto puesto para Glas\u00e9 Pasteler\u00eda. Los finalistas fueron seleccionados entre un total de 17 panader\u00edas participantes del certamen.<\/p>\n\n\n\n<p>Adem\u00e1s, el evento cont\u00f3 con la conducci\u00f3n de Mariano Peluffo, juegos y desaf\u00edos para el p\u00fablico, foodtrucks, shows musicales, DJ en vivo, actividades infantiles y propuestas navide\u00f1as para toda la familia.<\/p>\n","protected":false},"excerpt":{"rendered":"<p>Panader&iacute;a Nemo se consagr&oacute; ganadora del certamen que reuni&oacute; a miles de vecinos y referentes del sector panadero en la Plaza San Mart&iacute;n durante todo el fin de semana. El Municipio de Mor&oacute;n fue sede de la primera edici&oacute;n del Festival del Pan Dulce de Oro, una propuesta que se desarroll&oacute; en la Plaza San &hellip; <\/p>\n","protected":false},"author":5,"featured_media":30327,"comment_status":"closed","ping_status":"closed","sticky":false,"template":"","format":"standard","meta":{"om_disable_all_campaigns":false,"_joinchat":[]},"categories":[31,9],"tags":[46,43,569],"featured_image_urls":{"full":["https:\/\/infotep.com.ar\/wp-content\/uploads\/2025\/12\/pan-dulce-de-oro-1-1024x682-1.jpeg",1024,682,false],"thumbnail":["https:\/\/infotep.com.ar\/wp-content\/uploads\/2025\/12\/pan-dulce-de-oro-1-1024x682-1-150x150.jpeg",150,150,true],"medium":["https:\/\/infotep.com.ar\/wp-content\/uploads\/2025\/12\/pan-dulce-de-oro-1-1024x682-1-300x200.jpeg",300,200,true],"medium_large":["https:\/\/infotep.com.ar\/wp-content\/uploads\/2025\/12\/pan-dulce-de-oro-1-1024x682-1-768x512.jpeg",768,512,true],"large":["https:\/\/infotep.com.ar\/wp-content\/uploads\/2025\/12\/pan-dulce-de-oro-1-1024x682-1.jpeg",1020,679,false],"1536x1536":["https:\/\/infotep.com.ar\/wp-content\/uploads\/2025\/12\/pan-dulce-de-oro-1-1024x682-1.jpeg",1024,682,false],"2048x2048":["https:\/\/infotep.com.ar\/wp-content\/uploads\/2025\/12\/pan-dulce-de-oro-1-1024x682-1.jpeg",1024,682,false],"blossom-feminine-slider":["https:\/\/infotep.com.ar\/wp-content\/uploads\/2025\/12\/pan-dulce-de-oro-1-1024x682-1-1024x649.jpeg",1024,649,true],"blossom-feminine-featured":["https:\/\/infotep.com.ar\/wp-content\/uploads\/2025\/12\/pan-dulce-de-oro-1-1024x682-1-1024x600.jpeg",1024,600,true],"blossom-feminine-with-sidebar":["https:\/\/infotep.com.ar\/wp-content\/uploads\/2025\/12\/pan-dulce-de-oro-1-1024x682-1-1020x600.jpeg",1020,600,true],"blossom-feminine-blog":["https:\/\/infotep.com.ar\/wp-content\/uploads\/2025\/12\/pan-dulce-de-oro-1-1024x682-1-435x435.jpeg",435,435,true],"blossom-feminine-cat":["https:\/\/infotep.com.ar\/wp-content\/uploads\/2025\/12\/pan-dulce-de-oro-1-1024x682-1-450x300.jpeg",450,300,true],"blossom-feminine-related":["https:\/\/infotep.com.ar\/wp-content\/uploads\/2025\/12\/pan-dulce-de-oro-1-1024x682-1-320x200.jpeg",320,200,true],"blossom-feminine-schema":["https:\/\/infotep.com.ar\/wp-content\/uploads\/2025\/12\/pan-dulce-de-oro-1-1024x682-1-90x60.jpeg",90,60,true],"blossom-mommy-blog-slider-big":["https:\/\/infotep.com.ar\/wp-content\/uploads\/2025\/12\/pan-dulce-de-oro-1-1024x682-1-920x650.jpeg",920,650,true],"blossom-mommy-blog-slider":["https:\/\/infotep.com.ar\/wp-content\/uploads\/2025\/12\/pan-dulce-de-oro-1-1024x682-1-460x310.jpeg",460,310,true],"blossom-mommy-blog-two":["https:\/\/infotep.com.ar\/wp-content\/uploads\/2025\/12\/pan-dulce-de-oro-1-1024x682-1-768x480.jpeg",768,480,true]},"author_info":{"info":["Angela Tobar"]},"category_info":"<a href=\"https:\/\/infotep.com.ar\/index.php\/category\/destacadas\/\" rel=\"category tag\">Destacadas<\/a> <a href=\"https:\/\/infotep.com.ar\/index.php\/category\/municipales\/moron\/\" rel=\"category tag\">Mor\u00f3n<\/a>","tag_info":"Mor\u00f3n","comment_count":"0","_links":{"self":[{"href":"https:\/\/infotep.com.ar\/index.php\/wp-json\/wp\/v2\/posts\/30325"}],"collection":[{"href":"https:\/\/infotep.com.ar\/index.php\/wp-json\/wp\/v2\/posts"}],"about":[{"href":"https:\/\/infotep.com.ar\/index.php\/wp-json\/wp\/v2\/types\/post"}],"author":[{"embeddable":true,"href":"https:\/\/infotep.com.ar\/index.php\/wp-json\/wp\/v2\/users\/5"}],"replies":[{"embeddable":true,"href":"https:\/\/infotep.com.ar\/index.php\/wp-json\/wp\/v2\/comments?post=30325"}],"version-history":[{"count":1,"href":"https:\/\/infotep.com.ar\/index.php\/wp-json\/wp\/v2\/posts\/30325\/revisions"}],"predecessor-version":[{"id":30328,"href":"https:\/\/infotep.com.ar\/index.php\/wp-json\/wp\/v2\/posts\/30325\/revisions\/30328"}],"wp:featuredmedia":[{"embeddable":true,"href":"https:\/\/infotep.com.ar\/index.php\/wp-json\/wp\/v2\/media\/30327"}],"wp:attachment":[{"href":"https:\/\/infotep.com.ar\/index.php\/wp-json\/wp\/v2\/media?parent=30325"}],"wp:term":[{"taxonomy":"category","embeddable":true,"href":"https:\/\/infotep.com.ar\/index.php\/wp-json\/wp\/v2\/categories?post=30325"},{"taxonomy":"post_tag","embeddable":true,"href":"https:\/\/infotep.com.ar\/index.php\/wp-json\/wp\/v2\/tags?post=30325"}],"curies":[{"name":"wp","href":"https:\/\/api.w.org\/{rel}","templated":true}]}}