{"id":30350,"date":"2025-12-18T12:47:48","date_gmt":"2025-12-18T15:47:48","guid":{"rendered":"https:\/\/infotep.com.ar\/?p=30350"},"modified":"2025-12-18T12:47:49","modified_gmt":"2025-12-18T15:47:49","slug":"el-secretario-de-upcn-critico-la-reforma-laboral-y-aseguro-que-no-crea-empleo-genuino","status":"publish","type":"post","link":"https:\/\/infotep.com.ar\/index.php\/2025\/12\/18\/el-secretario-de-upcn-critico-la-reforma-laboral-y-aseguro-que-no-crea-empleo-genuino\/","title":{"rendered":"El secretario de UPCN critic\u00f3 la reforma laboral y asegur\u00f3 que \u201cno crea empleo genuino\u201d"},"content":{"rendered":"\n<p>Andr\u00e9s Rodr\u00edguez, quien tambi\u00e9n es adjunto de la CGT, fustig\u00f3 con el proyecto de Milei<br><br>El secretario general de UPCN y adjunto de la CGT, Andr\u00e9s Rodr\u00edguez, critic\u00f3 este jueves la reforma laboral impulsada por el presidente Javier Milei y asegur\u00f3 que &#8220;no crea empleo genuino\u201d.<\/p>\n\n\n\n<p>En declaraciones en Radio Splendid AM 990, Rodr\u00edguez defendi\u00f3 el rol y la profesionalidad de los empleados p\u00fablicos, al tiempo que rechaz\u00f3 el discurso que, a su criterio, quiere imponer el Gobierno de que todo trabajador del estado \u201ces \u00f1oqui\u201d. \u201cEs una falta absoluta de respeto\u201d, agreg\u00f3.<\/p>\n\n\n\n<p>El dirigente gremial subray\u00f3 que \u201clo que crea empleo genuino es cuando hay inversiones\u201d, tanto del exterior como locales, que \u201capuestan\u201d a la producci\u00f3n y que \u201cgeneran\u201d polos de desarrollo.<\/p>\n\n\n\n<p>Sostuvo que el pa\u00eds se encuentra en el \u201ccamino opuesto\u201d porque hay un &#8220;achatamiento absoluto de las actividades, cierre de Peque\u00f1as y Medianas Empresas y expulsi\u00f3n de mano de obra&#8221;.<\/p>\n\n\n\n<p>Por otra parte, Rodr\u00edguez indic\u00f3 que el Estado &#8220;tiene cuadros con gran capacidad y conocimiento de las materias que abarcan&#8221;, e incluso act\u00faan como &#8220;baluarte&#8221; para asesorar a gobiernos con \u201cgente inexperta\u201d y lament\u00f3 que se haya expulsado a un mont\u00f3n de personas \u201c\u00fatiles\u201d de la administraci\u00f3n p\u00fablica. <\/p>\n\n\n\n<p>Para finalizar, afirm\u00f3 que el Gobierno carece de un &#8220;plan econ\u00f3mico&#8221; y se limita a una &#8220;actitud financiera&#8221;, solucionando &#8220;algunas variables macroecon\u00f3micas&#8221;, pero sin atender la &#8220;microeconom\u00eda&#8221; y la necesidad de trabajo genuino para la gente.<\/p>\n\n\n\n<p>&#8220;Esta reforma laboral es ideol\u00f3gica y busca atacar a las organizaciones sindicales y disminuir derechos tanto individuales como colectivos de los trabajadores\u201d, concluy\u00f3<\/p>\n","protected":false},"excerpt":{"rendered":"<p>Andr&eacute;s Rodr&iacute;guez, quien tambi&eacute;n es adjunto de la CGT, fustig&oacute; con el proyecto de Milei El secretario general de UPCN y adjunto de la CGT, Andr&eacute;s Rodr&iacute;guez, critic&oacute; este jueves la reforma laboral impulsada por el presidente Javier Milei y asegur&oacute; que &ldquo;no crea empleo genuino&rdquo;. En declaraciones en Radio Splendid AM 990, Rodr&iacute;guez defendi&oacute; &hellip; <\/p>\n","protected":false},"author":5,"featured_media":13752,"comment_status":"closed","ping_status":"closed","sticky":false,"template":"","format":"standard","meta":{"om_disable_all_campaigns":false,"_joinchat":[]},"categories":[7,3],"tags":[46,43,569],"featured_image_urls":{"full":["https:\/\/infotep.com.ar\/wp-content\/uploads\/2024\/05\/trabajo.jpg",1024,595,false],"thumbnail":["https:\/\/infotep.com.ar\/wp-content\/uploads\/2024\/05\/trabajo-150x150.jpg",150,150,true],"medium":["https:\/\/infotep.com.ar\/wp-content\/uploads\/2024\/05\/trabajo-300x174.jpg",300,174,true],"medium_large":["https:\/\/infotep.com.ar\/wp-content\/uploads\/2024\/05\/trabajo-768x446.jpg",768,446,true],"large":["https:\/\/infotep.com.ar\/wp-content\/uploads\/2024\/05\/trabajo.jpg",1020,593,false],"1536x1536":["https:\/\/infotep.com.ar\/wp-content\/uploads\/2024\/05\/trabajo.jpg",1024,595,false],"2048x2048":["https:\/\/infotep.com.ar\/wp-content\/uploads\/2024\/05\/trabajo.jpg",1024,595,false],"blossom-feminine-slider":["https:\/\/infotep.com.ar\/wp-content\/uploads\/2024\/05\/trabajo.jpg",1024,595,false],"blossom-feminine-featured":["https:\/\/infotep.com.ar\/wp-content\/uploads\/2024\/05\/trabajo.jpg",1024,595,false],"blossom-feminine-with-sidebar":["https:\/\/infotep.com.ar\/wp-content\/uploads\/2024\/05\/trabajo-1020x595.jpg",1020,595,true],"blossom-feminine-blog":["https:\/\/infotep.com.ar\/wp-content\/uploads\/2024\/05\/trabajo-435x435.jpg",435,435,true],"blossom-feminine-cat":["https:\/\/infotep.com.ar\/wp-content\/uploads\/2024\/05\/trabajo-450x300.jpg",450,300,true],"blossom-feminine-related":["https:\/\/infotep.com.ar\/wp-content\/uploads\/2024\/05\/trabajo-320x200.jpg",320,200,true],"blossom-feminine-schema":["https:\/\/infotep.com.ar\/wp-content\/uploads\/2024\/05\/trabajo-103x60.jpg",103,60,true],"blossom-mommy-blog-slider-big":["https:\/\/infotep.com.ar\/wp-content\/uploads\/2024\/05\/trabajo-920x595.jpg",920,595,true],"blossom-mommy-blog-slider":["https:\/\/infotep.com.ar\/wp-content\/uploads\/2024\/05\/trabajo-460x310.jpg",460,310,true],"blossom-mommy-blog-two":["https:\/\/infotep.com.ar\/wp-content\/uploads\/2024\/05\/trabajo-768x480.jpg",768,480,true]},"author_info":{"info":["Angela Tobar"]},"category_info":"<a href=\"https:\/\/infotep.com.ar\/index.php\/category\/gremios\/\" rel=\"category tag\">Gremios<\/a> <a href=\"https:\/\/infotep.com.ar\/index.php\/category\/nacionales\/\" rel=\"category tag\">Nacionales<\/a>","tag_info":"Nacionales","comment_count":"0","_links":{"self":[{"href":"https:\/\/infotep.com.ar\/index.php\/wp-json\/wp\/v2\/posts\/30350"}],"collection":[{"href":"https:\/\/infotep.com.ar\/index.php\/wp-json\/wp\/v2\/posts"}],"about":[{"href":"https:\/\/infotep.com.ar\/index.php\/wp-json\/wp\/v2\/types\/post"}],"author":[{"embeddable":true,"href":"https:\/\/infotep.com.ar\/index.php\/wp-json\/wp\/v2\/users\/5"}],"replies":[{"embeddable":true,"href":"https:\/\/infotep.com.ar\/index.php\/wp-json\/wp\/v2\/comments?post=30350"}],"version-history":[{"count":1,"href":"https:\/\/infotep.com.ar\/index.php\/wp-json\/wp\/v2\/posts\/30350\/revisions"}],"predecessor-version":[{"id":30351,"href":"https:\/\/infotep.com.ar\/index.php\/wp-json\/wp\/v2\/posts\/30350\/revisions\/30351"}],"wp:featuredmedia":[{"embeddable":true,"href":"https:\/\/infotep.com.ar\/index.php\/wp-json\/wp\/v2\/media\/13752"}],"wp:attachment":[{"href":"https:\/\/infotep.com.ar\/index.php\/wp-json\/wp\/v2\/media?parent=30350"}],"wp:term":[{"taxonomy":"category","embeddable":true,"href":"https:\/\/infotep.com.ar\/index.php\/wp-json\/wp\/v2\/categories?post=30350"},{"taxonomy":"post_tag","embeddable":true,"href":"https:\/\/infotep.com.ar\/index.php\/wp-json\/wp\/v2\/tags?post=30350"}],"curies":[{"name":"wp","href":"https:\/\/api.w.org\/{rel}","templated":true}]}}