{"id":30360,"date":"2025-12-18T14:54:37","date_gmt":"2025-12-18T17:54:37","guid":{"rendered":"https:\/\/infotep.com.ar\/?p=30360"},"modified":"2025-12-18T14:54:38","modified_gmt":"2025-12-18T17:54:38","slug":"lautaro-valenzuela-sobre-la-reforma-laboral-este-gobierno-tiene-una-vocacion-de-destruir-el-derecho-al-trabajo","status":"publish","type":"post","link":"https:\/\/infotep.com.ar\/index.php\/2025\/12\/18\/lautaro-valenzuela-sobre-la-reforma-laboral-este-gobierno-tiene-una-vocacion-de-destruir-el-derecho-al-trabajo\/","title":{"rendered":"Lautaro Valenzuela sobre la reforma laboral: \u201cEste gobierno tiene una vocaci\u00f3n de destruir el derecho al trabajo\u201d"},"content":{"rendered":"\n<p>Lautaro Valenzuela, abogado del Sindicato de Empleados de Comercio Zona Oeste, consejero del Colegio de Abogados de Mor\u00f3n y secretario de la Fundaci\u00f3n de Estudios Jur\u00eddicos Argentinos (FEJA), pas\u00f3 por los estudios de la Radio P\u00fablica del Oeste, en el programa Todo es Pol\u00edtica, donde analiz\u00f3 los puntos fundamentales de la reforma laboral que el Gobierno busca tratar en el Congreso en las pr\u00f3ximas semanas. En ese marco, resumi\u00f3 que en el proyecto \u201cno hay sustantivamente nada que beneficie a los y las trabajadores\u201d.<br><br><strong>\u201cSiempre es importante recordar que la funci\u00f3n del derecho del trabajo es nivelar posiciones que naturalmente son desiguales entre el empleador y el trabajador o trabajadora. Pero en este caso se afectan derechos no solo de \u00edndole individual, sino tambi\u00e9n derechos sindicales\u201d, expres\u00f3.<br><\/strong><br>En ese sentido, detall\u00f3 que este gobierno tiene \u201cuna vocaci\u00f3n de destruir el derecho al trabajo\u201d y agreg\u00f3: \u201cLa Argentina tiene una jornada laboral legal que es una de las m\u00e1s altas de Am\u00e9rica Latina: 8 o 9 horas diarias y 48 semanales. Lo que crea el proyecto es un banco de horas, donde se elimina el pago de horas extras y se compensa con horas de trabajo la distribuci\u00f3n de la jornada, que va a ser establecida l\u00f3gicamente por el empleador\u201d.<br><br>Adem\u00e1s, se\u00f1al\u00f3 que el trabajador \u201cno solo pierde el derecho al cobro de esas horas como extras, sino que, lo m\u00e1s importante, pierde la organizaci\u00f3n de su vida familiar, que es esencial en la vida de una persona\u201d.<br>El debate vuelve a poner en primer plano una cuesti\u00f3n central: el uso del lenguaje como herramienta pol\u00edtica. Para el abogado laboralista Lautaro Valenzuela, ese uso del concepto de libertad no es ingenuo sino profundamente c\u00ednico.<br><\/p>\n\n\n\n<p class=\"has-light-green-cyan-background-color has-background\"> \u201cEl gobierno construye sentido a trav\u00e9s de las palabras para poder aplicar pol\u00edticas p\u00fablicas que, analizadas en profundidad, tienen consecuencias regresivas para los trabajadores\u201d, sostiene.<\/p>\n\n\n\n<p><br>M\u00e1s all\u00e1 del discurso, Valenzuela propone observar la evidencia emp\u00edrica. Los datos oficiales muestran que entre noviembre de 2023 y septiembre de 2025 cerraron casi 20 mil empresas y se destruyeron m\u00e1s de 200 mil puestos de trabajo registrado. A esto se suma un fen\u00f3meno estructural: el trabajo asalariado privado registrado no crece en Argentina desde 2012. Lo que s\u00ed aumenta, desde hace m\u00e1s de una d\u00e9cada, es el n\u00famero de trabajadores monotributistas.<br><br>Seg\u00fan el abogado, este no es un proceso casual, sino el n\u00facleo del proyecto gubernamental. \u201cEl objetivo es avanzar en la destrucci\u00f3n del derecho del trabajo\u201d, afirma, reemplaz\u00e1ndolo por un esquema de relaciones individuales, desprovistas de protecci\u00f3n colectiva. En ese sentido, la regulaci\u00f3n propuesta para los trabajadores de plataformas digitales resulta claramente ilustrativa: lejos de ampliar derechos, los excluye deliberadamente de la \u00f3rbita del derecho laboral.<br><br>\u201cEl marco que impulsa el gobierno no regula, sino que desregula. Al desplazar a los trabajadores de plataforma hacia contratos civiles o privados, se los priva de garant\u00edas b\u00e1sicas establecidas por la Constituci\u00f3n Nacional. Incluso cuestiones elementales, como el seguro por accidentes personales, quedan libradas a una negociaci\u00f3n individual entre el trabajador y la aplicaci\u00f3n. \u201cEl proyecto plantea que \u2018se pondr\u00e1n de acuerdo\u2019, como si existiera igualdad real entre las partes\u201d, advierte Valenzuela.<br><br>Esta l\u00f3gica individualizante tiene consecuencias profundas. Se pierde el principio de solidaridad que hist\u00f3ricamente estructur\u00f3 el derecho del trabajo y se erosiona el sentido del trabajo colectivo. Para el letrado, existe una estrategia clara de fracturar el colectivo laboral, debilitando la capacidad de organizaci\u00f3n y resistencia de los trabajadores.<br><br>\u201cEl objetivo final es desregular los pocos resortes que todav\u00eda sostienen a una sociedad profundamente castigada\u201d, se\u00f1ala. En un contexto de crisis prolongada y de debilitamiento de las representaciones sindicales y pol\u00edticas, la reforma laboral aparece como una ofensiva que busca aprovechar esa fragilidad. No se trata solo de una discusi\u00f3n t\u00e9cnica o econ\u00f3mica, sino de un conflicto que pone en juego el modelo de sociedad y el lugar que el trabajo ocupa en ella.<\/p>\n","protected":false},"excerpt":{"rendered":"<p>Lautaro Valenzuela, abogado del Sindicato de Empleados de Comercio Zona Oeste, consejero del Colegio de Abogados de Mor&oacute;n y secretario de la Fundaci&oacute;n de Estudios Jur&iacute;dicos Argentinos (FEJA), pas&oacute; por los estudios de la Radio P&uacute;blica del Oeste, en el programa Todo es Pol&iacute;tica, donde analiz&oacute; los puntos fundamentales de la reforma laboral que el &hellip; <\/p>\n","protected":false},"author":5,"featured_media":30361,"comment_status":"closed","ping_status":"closed","sticky":false,"template":"","format":"standard","meta":{"om_disable_all_campaigns":false,"_joinchat":[]},"categories":[31,9],"tags":[46,43,569],"featured_image_urls":{"full":["https:\/\/infotep.com.ar\/wp-content\/uploads\/2025\/12\/lautaro.jpg",1024,1024,false],"thumbnail":["https:\/\/infotep.com.ar\/wp-content\/uploads\/2025\/12\/lautaro-150x150.jpg",150,150,true],"medium":["https:\/\/infotep.com.ar\/wp-content\/uploads\/2025\/12\/lautaro-300x300.jpg",300,300,true],"medium_large":["https:\/\/infotep.com.ar\/wp-content\/uploads\/2025\/12\/lautaro-768x768.jpg",768,768,true],"large":["https:\/\/infotep.com.ar\/wp-content\/uploads\/2025\/12\/lautaro-1024x1024.jpg",1020,1020,true],"1536x1536":["https:\/\/infotep.com.ar\/wp-content\/uploads\/2025\/12\/lautaro.jpg",1024,1024,false],"2048x2048":["https:\/\/infotep.com.ar\/wp-content\/uploads\/2025\/12\/lautaro.jpg",1024,1024,false],"blossom-feminine-slider":["https:\/\/infotep.com.ar\/wp-content\/uploads\/2025\/12\/lautaro-1024x649.jpg",1024,649,true],"blossom-feminine-featured":["https:\/\/infotep.com.ar\/wp-content\/uploads\/2025\/12\/lautaro-1024x600.jpg",1024,600,true],"blossom-feminine-with-sidebar":["https:\/\/infotep.com.ar\/wp-content\/uploads\/2025\/12\/lautaro-1020x600.jpg",1020,600,true],"blossom-feminine-blog":["https:\/\/infotep.com.ar\/wp-content\/uploads\/2025\/12\/lautaro-435x435.jpg",435,435,true],"blossom-feminine-cat":["https:\/\/infotep.com.ar\/wp-content\/uploads\/2025\/12\/lautaro-450x300.jpg",450,300,true],"blossom-feminine-related":["https:\/\/infotep.com.ar\/wp-content\/uploads\/2025\/12\/lautaro-320x200.jpg",320,200,true],"blossom-feminine-schema":["https:\/\/infotep.com.ar\/wp-content\/uploads\/2025\/12\/lautaro-60x60.jpg",60,60,true],"blossom-mommy-blog-slider-big":["https:\/\/infotep.com.ar\/wp-content\/uploads\/2025\/12\/lautaro-920x650.jpg",920,650,true],"blossom-mommy-blog-slider":["https:\/\/infotep.com.ar\/wp-content\/uploads\/2025\/12\/lautaro-460x310.jpg",460,310,true],"blossom-mommy-blog-two":["https:\/\/infotep.com.ar\/wp-content\/uploads\/2025\/12\/lautaro-768x480.jpg",768,480,true]},"author_info":{"info":["Angela Tobar"]},"category_info":"<a href=\"https:\/\/infotep.com.ar\/index.php\/category\/destacadas\/\" rel=\"category tag\">Destacadas<\/a> <a href=\"https:\/\/infotep.com.ar\/index.php\/category\/municipales\/moron\/\" rel=\"category tag\">Mor\u00f3n<\/a>","tag_info":"Mor\u00f3n","comment_count":"0","_links":{"self":[{"href":"https:\/\/infotep.com.ar\/index.php\/wp-json\/wp\/v2\/posts\/30360"}],"collection":[{"href":"https:\/\/infotep.com.ar\/index.php\/wp-json\/wp\/v2\/posts"}],"about":[{"href":"https:\/\/infotep.com.ar\/index.php\/wp-json\/wp\/v2\/types\/post"}],"author":[{"embeddable":true,"href":"https:\/\/infotep.com.ar\/index.php\/wp-json\/wp\/v2\/users\/5"}],"replies":[{"embeddable":true,"href":"https:\/\/infotep.com.ar\/index.php\/wp-json\/wp\/v2\/comments?post=30360"}],"version-history":[{"count":1,"href":"https:\/\/infotep.com.ar\/index.php\/wp-json\/wp\/v2\/posts\/30360\/revisions"}],"predecessor-version":[{"id":30362,"href":"https:\/\/infotep.com.ar\/index.php\/wp-json\/wp\/v2\/posts\/30360\/revisions\/30362"}],"wp:featuredmedia":[{"embeddable":true,"href":"https:\/\/infotep.com.ar\/index.php\/wp-json\/wp\/v2\/media\/30361"}],"wp:attachment":[{"href":"https:\/\/infotep.com.ar\/index.php\/wp-json\/wp\/v2\/media?parent=30360"}],"wp:term":[{"taxonomy":"category","embeddable":true,"href":"https:\/\/infotep.com.ar\/index.php\/wp-json\/wp\/v2\/categories?post=30360"},{"taxonomy":"post_tag","embeddable":true,"href":"https:\/\/infotep.com.ar\/index.php\/wp-json\/wp\/v2\/tags?post=30360"}],"curies":[{"name":"wp","href":"https:\/\/api.w.org\/{rel}","templated":true}]}}