{"id":30368,"date":"2025-12-19T11:33:12","date_gmt":"2025-12-19T14:33:12","guid":{"rendered":"https:\/\/infotep.com.ar\/?p=30368"},"modified":"2025-12-19T11:33:13","modified_gmt":"2025-12-19T14:33:13","slug":"encuentran-muerto-a-un-soldado-del-ejercito-en-mendoza-es-el-tercero-en-una-semana","status":"publish","type":"post","link":"https:\/\/infotep.com.ar\/index.php\/2025\/12\/19\/encuentran-muerto-a-un-soldado-del-ejercito-en-mendoza-es-el-tercero-en-una-semana\/","title":{"rendered":"Encuentran muerto a un soldado del Ej\u00e9rcito en Mendoza: es el tercero en una semana"},"content":{"rendered":"\n<p>Los otros dos casos ocurrieron en la Quinta de Olivos y la provincia de Corrientes.<br><br>Un soldado voluntario del Ej\u00e9rcito fue hallado muerto en su casa de Mendoza, se trata del tercer caso de esta \u00edndole en una semana y los otros dos hechos ocurrieron en la Quinta de Olivos y la provincia de Corrientes.<\/p>\n\n\n\n<p>En las \u00faltimas horas trascendi\u00f3 la noticia de la muerte de Facundo Gabriel Lima, quien fue hallado muerto por familiares dentro de su departamento en la localidad mendocina de Las Heras.<\/p>\n\n\n\n<p>La causa que investiga el fallecimiento del joven, perteneciente a la Guarnici\u00f3n Ej\u00e9rcito Mendoza, qued\u00f3 a cargo de la fiscal de Homicidios Claudia R\u00edos y por el momento los primeros indicios se\u00f1alan que se trat\u00f3 de un suicidio.<\/p>\n\n\n\n<p><strong>Tercer caso en una semana<br><\/strong><br>Esta semana comenz\u00f3 con la muerte de Rodrigo G\u00f3mez, un soldado de 21 a\u00f1os, oriundo de Misiones, que cumpl\u00eda funciones en la Quinta de Olivos. En este caso, que contin\u00faa bajo investigaci\u00f3n, se hall\u00f3 una carta de despedida por parte del joven.<\/p>\n\n\n\n<p>En este sentido, se expuso que el soldado se despidi\u00f3 de sus familiares y amigos, agradeci\u00f3 al Ej\u00e9rcito y coment\u00f3 que su suicidio estaba ligado a elevadas deudas que ten\u00eda.<\/p>\n\n\n\n<p>En medio de la tristeza, se dio a conocer otro caso de esta misma \u00edndole, pero en la provincia de Corrientes. A mediados de semana trascendi\u00f3 el fallecimiento del suboficial principal Juan Pereira, quien prestaba servicio en la Guarnici\u00f3n de Ej\u00e9rcito Monte Caseros.<\/p>\n\n\n\n<p>Las autoridades explicaron que el suboficial fue hallado sin vida dentro del cuartel y creen que se trat\u00f3 tambi\u00e9n de un suicidio.<\/p>\n\n\n\n<p><strong>Asistencia al suicida<br><\/strong>Ante cualquier se\u00f1al de riesgo se recomienda recurrir a profesionales de salud mental o a las l\u00edneas de atenci\u00f3n disponibles:<\/p>\n\n\n\n<p>135 \u2013 L\u00ednea de asistencia al suicida (CABA y Gran Buenos Aires).<br>107 \u2013 Urgencias SAME.<br>0800-333-1665 \u2013 Salud Mental Responde (CABA).<\/p>\n","protected":false},"excerpt":{"rendered":"<p>Los otros dos casos ocurrieron en la Quinta de Olivos y la provincia de Corrientes. Un soldado voluntario del Ej&eacute;rcito fue hallado muerto en su casa de Mendoza, se trata del tercer caso de esta &iacute;ndole en una semana y los otros dos hechos ocurrieron en la Quinta de Olivos y la provincia de Corrientes. &hellip; <\/p>\n","protected":false},"author":5,"featured_media":30369,"comment_status":"closed","ping_status":"closed","sticky":false,"template":"","format":"standard","meta":{"om_disable_all_campaigns":false,"_joinchat":[]},"categories":[3],"tags":[46,43,569],"featured_image_urls":{"full":["https:\/\/infotep.com.ar\/wp-content\/uploads\/2025\/12\/720-51.webp",1280,720,false],"thumbnail":["https:\/\/infotep.com.ar\/wp-content\/uploads\/2025\/12\/720-51-150x150.webp",150,150,true],"medium":["https:\/\/infotep.com.ar\/wp-content\/uploads\/2025\/12\/720-51-300x169.webp",300,169,true],"medium_large":["https:\/\/infotep.com.ar\/wp-content\/uploads\/2025\/12\/720-51-768x432.webp",768,432,true],"large":["https:\/\/infotep.com.ar\/wp-content\/uploads\/2025\/12\/720-51-1024x576.webp",1020,574,true],"1536x1536":["https:\/\/infotep.com.ar\/wp-content\/uploads\/2025\/12\/720-51.webp",1280,720,false],"2048x2048":["https:\/\/infotep.com.ar\/wp-content\/uploads\/2025\/12\/720-51.webp",1280,720,false],"blossom-feminine-slider":["https:\/\/infotep.com.ar\/wp-content\/uploads\/2025\/12\/720-51-1280x649.webp",1280,649,true],"blossom-feminine-featured":["https:\/\/infotep.com.ar\/wp-content\/uploads\/2025\/12\/720-51-1280x600.webp",1280,600,true],"blossom-feminine-with-sidebar":["https:\/\/infotep.com.ar\/wp-content\/uploads\/2025\/12\/720-51-1020x600.webp",1020,600,true],"blossom-feminine-blog":["https:\/\/infotep.com.ar\/wp-content\/uploads\/2025\/12\/720-51-435x435.webp",435,435,true],"blossom-feminine-cat":["https:\/\/infotep.com.ar\/wp-content\/uploads\/2025\/12\/720-51-450x300.webp",450,300,true],"blossom-feminine-related":["https:\/\/infotep.com.ar\/wp-content\/uploads\/2025\/12\/720-51-320x200.webp",320,200,true],"blossom-feminine-schema":["https:\/\/infotep.com.ar\/wp-content\/uploads\/2025\/12\/720-51-107x60.webp",107,60,true],"blossom-mommy-blog-slider-big":["https:\/\/infotep.com.ar\/wp-content\/uploads\/2025\/12\/720-51-920x650.webp",920,650,true],"blossom-mommy-blog-slider":["https:\/\/infotep.com.ar\/wp-content\/uploads\/2025\/12\/720-51-460x310.webp",460,310,true],"blossom-mommy-blog-two":["https:\/\/infotep.com.ar\/wp-content\/uploads\/2025\/12\/720-51-768x480.webp",768,480,true]},"author_info":{"info":["Angela Tobar"]},"category_info":"<a href=\"https:\/\/infotep.com.ar\/index.php\/category\/nacionales\/\" rel=\"category tag\">Nacionales<\/a>","tag_info":"Nacionales","comment_count":"0","_links":{"self":[{"href":"https:\/\/infotep.com.ar\/index.php\/wp-json\/wp\/v2\/posts\/30368"}],"collection":[{"href":"https:\/\/infotep.com.ar\/index.php\/wp-json\/wp\/v2\/posts"}],"about":[{"href":"https:\/\/infotep.com.ar\/index.php\/wp-json\/wp\/v2\/types\/post"}],"author":[{"embeddable":true,"href":"https:\/\/infotep.com.ar\/index.php\/wp-json\/wp\/v2\/users\/5"}],"replies":[{"embeddable":true,"href":"https:\/\/infotep.com.ar\/index.php\/wp-json\/wp\/v2\/comments?post=30368"}],"version-history":[{"count":1,"href":"https:\/\/infotep.com.ar\/index.php\/wp-json\/wp\/v2\/posts\/30368\/revisions"}],"predecessor-version":[{"id":30370,"href":"https:\/\/infotep.com.ar\/index.php\/wp-json\/wp\/v2\/posts\/30368\/revisions\/30370"}],"wp:featuredmedia":[{"embeddable":true,"href":"https:\/\/infotep.com.ar\/index.php\/wp-json\/wp\/v2\/media\/30369"}],"wp:attachment":[{"href":"https:\/\/infotep.com.ar\/index.php\/wp-json\/wp\/v2\/media?parent=30368"}],"wp:term":[{"taxonomy":"category","embeddable":true,"href":"https:\/\/infotep.com.ar\/index.php\/wp-json\/wp\/v2\/categories?post=30368"},{"taxonomy":"post_tag","embeddable":true,"href":"https:\/\/infotep.com.ar\/index.php\/wp-json\/wp\/v2\/tags?post=30368"}],"curies":[{"name":"wp","href":"https:\/\/api.w.org\/{rel}","templated":true}]}}