{"id":30381,"date":"2025-12-19T05:49:00","date_gmt":"2025-12-19T08:49:00","guid":{"rendered":"https:\/\/infotep.com.ar\/?p=30381"},"modified":"2025-12-19T11:49:59","modified_gmt":"2025-12-19T14:49:59","slug":"seoca-de-zona-oeste-participo-de-la-movilizacion-contra-la-reforma-laboral","status":"publish","type":"post","link":"https:\/\/infotep.com.ar\/index.php\/2025\/12\/19\/seoca-de-zona-oeste-participo-de-la-movilizacion-contra-la-reforma-laboral\/","title":{"rendered":"Seoca de zona oeste particip\u00f3 de la movilizaci\u00f3n contra la reforma laboral"},"content":{"rendered":"\n<p>El Sindicato de Empleados y Obreros de Comercio y Afines, tuvo una importante presencia en la movilizaci\u00f3n convocada por la Confederaci\u00f3n General del Trabajo (CGT) bajo la consigna \u201cNo a la Reforma Laboral\u201d. El secretario General, Julio Rub\u00e9n Ledesma, encabez\u00f3 la columna de empleados mercantiles de la zona oeste que luego se unific\u00f3 con la de comercio de todo el pa\u00eds.<\/p>\n\n\n\n<p>\u201cHoy nos movilizamos en virtud de la ley canalla que nos quieren presentar. Creo que la convocatoria marca por s\u00ed solo a la clara que los empleados de comercio, no la vamos a aceptar, porque si bien estamos en un gobierno democr\u00e1tico, esta imposici\u00f3n es autoritaria\u201d, dijo al confluir con multitudinaria columna de los trabajadores y trabajadoras mercantiles de la FAECYS que se ubic\u00f3 en Diagonal Norte y Per\u00fa.<\/p>\n\n\n\n<p>\u201cLos empleados de comercio estamos todos unidos, porque esta ley no nos favorece para nada, porque si bien es para la nueva modalidad, tambi\u00e9n es cierto que los empleadores van a empezar a liquidar a los viejos y van a incorporarlos a toda la nueva modalidad\u201d, expres\u00f3.<\/p>\n\n\n\n<p>En ese sentido sostuvo que adem\u00e1s de los derechos laborales, estamos presentes por la defensa de nuestra obra social, del aporte para la salud, para la educaci\u00f3n, para la cultura. \u201cEstamos al frente como debemos estar. Porque los empleados de comercio lo debatimos en la asamblea, hablamos sobre la ley, tuvimos un debate amplio y la mayor\u00eda no est\u00e1 de acuerdo\u201d, apunt\u00f3.<\/p>\n","protected":false},"excerpt":{"rendered":"<p>El Sindicato de Empleados y Obreros de Comercio y Afines, tuvo una importante presencia en la movilizaci&oacute;n convocada por la Confederaci&oacute;n General del Trabajo (CGT) bajo la consigna &ldquo;No a la Reforma Laboral&rdquo;. El secretario General, Julio Rub&eacute;n Ledesma, encabez&oacute; la columna de empleados mercantiles de la zona oeste que luego se unific&oacute; con la &hellip; <\/p>\n","protected":false},"author":5,"featured_media":30382,"comment_status":"closed","ping_status":"closed","sticky":false,"template":"","format":"standard","meta":{"om_disable_all_campaigns":false,"_joinchat":[]},"categories":[7],"tags":[46,43,569],"featured_image_urls":{"full":["https:\/\/infotep.com.ar\/wp-content\/uploads\/2025\/12\/602330444_874731105102369_3962075892405307320_n.jpg",2048,1365,false],"thumbnail":["https:\/\/infotep.com.ar\/wp-content\/uploads\/2025\/12\/602330444_874731105102369_3962075892405307320_n-150x150.jpg",150,150,true],"medium":["https:\/\/infotep.com.ar\/wp-content\/uploads\/2025\/12\/602330444_874731105102369_3962075892405307320_n-300x200.jpg",300,200,true],"medium_large":["https:\/\/infotep.com.ar\/wp-content\/uploads\/2025\/12\/602330444_874731105102369_3962075892405307320_n-768x512.jpg",768,512,true],"large":["https:\/\/infotep.com.ar\/wp-content\/uploads\/2025\/12\/602330444_874731105102369_3962075892405307320_n-1024x683.jpg",1020,680,true],"1536x1536":["https:\/\/infotep.com.ar\/wp-content\/uploads\/2025\/12\/602330444_874731105102369_3962075892405307320_n-1536x1024.jpg",1536,1024,true],"2048x2048":["https:\/\/infotep.com.ar\/wp-content\/uploads\/2025\/12\/602330444_874731105102369_3962075892405307320_n.jpg",2048,1365,false],"blossom-feminine-slider":["https:\/\/infotep.com.ar\/wp-content\/uploads\/2025\/12\/602330444_874731105102369_3962075892405307320_n-1920x649.jpg",1920,649,true],"blossom-feminine-featured":["https:\/\/infotep.com.ar\/wp-content\/uploads\/2025\/12\/602330444_874731105102369_3962075892405307320_n-1410x600.jpg",1410,600,true],"blossom-feminine-with-sidebar":["https:\/\/infotep.com.ar\/wp-content\/uploads\/2025\/12\/602330444_874731105102369_3962075892405307320_n-1020x600.jpg",1020,600,true],"blossom-feminine-blog":["https:\/\/infotep.com.ar\/wp-content\/uploads\/2025\/12\/602330444_874731105102369_3962075892405307320_n-435x435.jpg",435,435,true],"blossom-feminine-cat":["https:\/\/infotep.com.ar\/wp-content\/uploads\/2025\/12\/602330444_874731105102369_3962075892405307320_n-450x300.jpg",450,300,true],"blossom-feminine-related":["https:\/\/infotep.com.ar\/wp-content\/uploads\/2025\/12\/602330444_874731105102369_3962075892405307320_n-320x200.jpg",320,200,true],"blossom-feminine-schema":["https:\/\/infotep.com.ar\/wp-content\/uploads\/2025\/12\/602330444_874731105102369_3962075892405307320_n-90x60.jpg",90,60,true],"blossom-mommy-blog-slider-big":["https:\/\/infotep.com.ar\/wp-content\/uploads\/2025\/12\/602330444_874731105102369_3962075892405307320_n-920x650.jpg",920,650,true],"blossom-mommy-blog-slider":["https:\/\/infotep.com.ar\/wp-content\/uploads\/2025\/12\/602330444_874731105102369_3962075892405307320_n-460x310.jpg",460,310,true],"blossom-mommy-blog-two":["https:\/\/infotep.com.ar\/wp-content\/uploads\/2025\/12\/602330444_874731105102369_3962075892405307320_n-768x480.jpg",768,480,true]},"author_info":{"info":["Angela Tobar"]},"category_info":"<a href=\"https:\/\/infotep.com.ar\/index.php\/category\/gremios\/\" rel=\"category tag\">Gremios<\/a>","tag_info":"Gremios","comment_count":"0","_links":{"self":[{"href":"https:\/\/infotep.com.ar\/index.php\/wp-json\/wp\/v2\/posts\/30381"}],"collection":[{"href":"https:\/\/infotep.com.ar\/index.php\/wp-json\/wp\/v2\/posts"}],"about":[{"href":"https:\/\/infotep.com.ar\/index.php\/wp-json\/wp\/v2\/types\/post"}],"author":[{"embeddable":true,"href":"https:\/\/infotep.com.ar\/index.php\/wp-json\/wp\/v2\/users\/5"}],"replies":[{"embeddable":true,"href":"https:\/\/infotep.com.ar\/index.php\/wp-json\/wp\/v2\/comments?post=30381"}],"version-history":[{"count":1,"href":"https:\/\/infotep.com.ar\/index.php\/wp-json\/wp\/v2\/posts\/30381\/revisions"}],"predecessor-version":[{"id":30383,"href":"https:\/\/infotep.com.ar\/index.php\/wp-json\/wp\/v2\/posts\/30381\/revisions\/30383"}],"wp:featuredmedia":[{"embeddable":true,"href":"https:\/\/infotep.com.ar\/index.php\/wp-json\/wp\/v2\/media\/30382"}],"wp:attachment":[{"href":"https:\/\/infotep.com.ar\/index.php\/wp-json\/wp\/v2\/media?parent=30381"}],"wp:term":[{"taxonomy":"category","embeddable":true,"href":"https:\/\/infotep.com.ar\/index.php\/wp-json\/wp\/v2\/categories?post=30381"},{"taxonomy":"post_tag","embeddable":true,"href":"https:\/\/infotep.com.ar\/index.php\/wp-json\/wp\/v2\/tags?post=30381"}],"curies":[{"name":"wp","href":"https:\/\/api.w.org\/{rel}","templated":true}]}}