{"id":30400,"date":"2025-12-22T01:30:59","date_gmt":"2025-12-22T04:30:59","guid":{"rendered":"https:\/\/infotep.com.ar\/?p=30400"},"modified":"2025-12-22T01:31:00","modified_gmt":"2025-12-22T04:31:00","slug":"lucas-ghi-distinguio-a-miembros-de-las-fuerzas-que-se-desempenan-en-moron","status":"publish","type":"post","link":"https:\/\/infotep.com.ar\/index.php\/2025\/12\/22\/lucas-ghi-distinguio-a-miembros-de-las-fuerzas-que-se-desempenan-en-moron\/","title":{"rendered":"Lucas Ghi distingui\u00f3 a miembros de las fuerzas que se desempe\u00f1an en Mor\u00f3n"},"content":{"rendered":"\n<p>El intendente entreg\u00f3 reconocimientos a personal de las fuerzas de seguridad y a foros vecinales por su labor diaria en el distrito.<\/p>\n\n\n\n<p>En el marco del D\u00eda de la Polic\u00eda de la Provincia de Buenos Aires, el intendente de Mor\u00f3n, Lucas Ghi, entreg\u00f3 reconocimientos a integrantes de las fuerzas policiales que se desempe\u00f1an en el territorio. El acto se realiz\u00f3 en el Polideportivo Gorki Grana. Las distinciones alcanzaron a personal recientemente retirado, a titulares de distintas dependencias, a jefes de comisar\u00edas y a efectivos en actividad por acciones destacadas.<\/p>\n\n\n\n<p>Adem\u00e1s, se entregaron reconocimientos a los Foros Vecinales de Seguridad y a las juntas vecinales.<\/p>\n\n\n\n<p>\u201cAl polic\u00eda muchas veces le toca ser no solo un guardia de la libertad, del patrimonio y de la integridad f\u00edsica de las personas, sino tambi\u00e9n cumplir roles de psic\u00f3logo, bombero o trabajador social. Por todo eso, quer\u00edamos expresarles, en nombre de la comunidad, un reconocimiento con un profundo y aut\u00e9ntico sentido de gratitud\u201d, expres\u00f3 el jefe comunal.<\/p>\n\n\n\n<p>Por su parte, el jefe de la Departamental Mor\u00f3n, Omar Reynaldo M\u00e9ndez, se\u00f1al\u00f3 que \u201cdesde el inicio de mi gesti\u00f3n se ha trabajado con compromiso y responsabilidad\u201d, y agradeci\u00f3 a los polic\u00edas, a sus familias y a los presentes.<\/p>\n\n\n\n<p>Durante el acto, tambi\u00e9n fueron reconocidos por la fuerza el intendente Lucas Ghi y el secretario de Seguridad, Dami\u00e1n Cardoso, y al subsecretario de Seguridad, Nahuel Souto, por la colaboraci\u00f3n y el acompa\u00f1amiento a trav\u00e9s de las pol\u00edticas de seguridad locales.<\/p>\n\n\n\n<p>Participaron de la actividad por parte del gobierno provincial el director de Control y Fiscalizaci\u00f3n Regi\u00f3n Interior Oeste II del Ministerio de Seguridad, Sebasti\u00e1n Codini; el director de formaci\u00f3n capacitaci\u00f3n y evaluaci\u00f3n, Mart\u00edn Meza; el director de Fiscalizaci\u00f3n y Control, Joaqu\u00edn L\u00f3pez Accoto; y el vicerrector del Instituto Universitario Vucetich, Gonzalo Garc\u00eda Vila. Por parte del gobierno local estuvieron presentes la jefa de Gabinete, Dra. Estefan\u00eda Franco; el secretario de Desarrollo Productivo, Santiago Mu\u00f1iz; el secretario de Salud, Jacobo Netel; la secretaria de Mujeres, G\u00e9neros y Diversidad, Laura De Peri; la presidenta del Honorable Concejo Deliberante de Mor\u00f3n, Sibila Botti; la concejala Vanina Moro; autoridades de foros vecinales de seguridad, familiares y otros funcionarios y funcionarias.<\/p>\n","protected":false},"excerpt":{"rendered":"<p>El intendente entreg&oacute; reconocimientos a personal de las fuerzas de seguridad y a foros vecinales por su labor diaria en el distrito. En el marco del D&iacute;a de la Polic&iacute;a de la Provincia de Buenos Aires, el intendente de Mor&oacute;n, Lucas Ghi, entreg&oacute; reconocimientos a integrantes de las fuerzas policiales que se desempe&ntilde;an en el &hellip; <\/p>\n","protected":false},"author":5,"featured_media":30401,"comment_status":"closed","ping_status":"closed","sticky":false,"template":"","format":"standard","meta":{"om_disable_all_campaigns":false,"_joinchat":[]},"categories":[9],"tags":[46,53,43,569],"featured_image_urls":{"full":["https:\/\/infotep.com.ar\/wp-content\/uploads\/2025\/12\/reconocimiento-policia-6-1024x649-1.jpeg",1024,649,false],"thumbnail":["https:\/\/infotep.com.ar\/wp-content\/uploads\/2025\/12\/reconocimiento-policia-6-1024x649-1-150x150.jpeg",150,150,true],"medium":["https:\/\/infotep.com.ar\/wp-content\/uploads\/2025\/12\/reconocimiento-policia-6-1024x649-1-300x190.jpeg",300,190,true],"medium_large":["https:\/\/infotep.com.ar\/wp-content\/uploads\/2025\/12\/reconocimiento-policia-6-1024x649-1-768x487.jpeg",768,487,true],"large":["https:\/\/infotep.com.ar\/wp-content\/uploads\/2025\/12\/reconocimiento-policia-6-1024x649-1.jpeg",1020,646,false],"1536x1536":["https:\/\/infotep.com.ar\/wp-content\/uploads\/2025\/12\/reconocimiento-policia-6-1024x649-1.jpeg",1024,649,false],"2048x2048":["https:\/\/infotep.com.ar\/wp-content\/uploads\/2025\/12\/reconocimiento-policia-6-1024x649-1.jpeg",1024,649,false],"blossom-feminine-slider":["https:\/\/infotep.com.ar\/wp-content\/uploads\/2025\/12\/reconocimiento-policia-6-1024x649-1.jpeg",1024,649,false],"blossom-feminine-featured":["https:\/\/infotep.com.ar\/wp-content\/uploads\/2025\/12\/reconocimiento-policia-6-1024x649-1-1024x600.jpeg",1024,600,true],"blossom-feminine-with-sidebar":["https:\/\/infotep.com.ar\/wp-content\/uploads\/2025\/12\/reconocimiento-policia-6-1024x649-1-1020x600.jpeg",1020,600,true],"blossom-feminine-blog":["https:\/\/infotep.com.ar\/wp-content\/uploads\/2025\/12\/reconocimiento-policia-6-1024x649-1-435x435.jpeg",435,435,true],"blossom-feminine-cat":["https:\/\/infotep.com.ar\/wp-content\/uploads\/2025\/12\/reconocimiento-policia-6-1024x649-1-450x300.jpeg",450,300,true],"blossom-feminine-related":["https:\/\/infotep.com.ar\/wp-content\/uploads\/2025\/12\/reconocimiento-policia-6-1024x649-1-320x200.jpeg",320,200,true],"blossom-feminine-schema":["https:\/\/infotep.com.ar\/wp-content\/uploads\/2025\/12\/reconocimiento-policia-6-1024x649-1-95x60.jpeg",95,60,true],"blossom-mommy-blog-slider-big":["https:\/\/infotep.com.ar\/wp-content\/uploads\/2025\/12\/reconocimiento-policia-6-1024x649-1-920x649.jpeg",920,649,true],"blossom-mommy-blog-slider":["https:\/\/infotep.com.ar\/wp-content\/uploads\/2025\/12\/reconocimiento-policia-6-1024x649-1-460x310.jpeg",460,310,true],"blossom-mommy-blog-two":["https:\/\/infotep.com.ar\/wp-content\/uploads\/2025\/12\/reconocimiento-policia-6-1024x649-1-768x480.jpeg",768,480,true]},"author_info":{"info":["Angela Tobar"]},"category_info":"<a href=\"https:\/\/infotep.com.ar\/index.php\/category\/municipales\/moron\/\" rel=\"category tag\">Mor\u00f3n<\/a>","tag_info":"Mor\u00f3n","comment_count":"0","_links":{"self":[{"href":"https:\/\/infotep.com.ar\/index.php\/wp-json\/wp\/v2\/posts\/30400"}],"collection":[{"href":"https:\/\/infotep.com.ar\/index.php\/wp-json\/wp\/v2\/posts"}],"about":[{"href":"https:\/\/infotep.com.ar\/index.php\/wp-json\/wp\/v2\/types\/post"}],"author":[{"embeddable":true,"href":"https:\/\/infotep.com.ar\/index.php\/wp-json\/wp\/v2\/users\/5"}],"replies":[{"embeddable":true,"href":"https:\/\/infotep.com.ar\/index.php\/wp-json\/wp\/v2\/comments?post=30400"}],"version-history":[{"count":1,"href":"https:\/\/infotep.com.ar\/index.php\/wp-json\/wp\/v2\/posts\/30400\/revisions"}],"predecessor-version":[{"id":30402,"href":"https:\/\/infotep.com.ar\/index.php\/wp-json\/wp\/v2\/posts\/30400\/revisions\/30402"}],"wp:featuredmedia":[{"embeddable":true,"href":"https:\/\/infotep.com.ar\/index.php\/wp-json\/wp\/v2\/media\/30401"}],"wp:attachment":[{"href":"https:\/\/infotep.com.ar\/index.php\/wp-json\/wp\/v2\/media?parent=30400"}],"wp:term":[{"taxonomy":"category","embeddable":true,"href":"https:\/\/infotep.com.ar\/index.php\/wp-json\/wp\/v2\/categories?post=30400"},{"taxonomy":"post_tag","embeddable":true,"href":"https:\/\/infotep.com.ar\/index.php\/wp-json\/wp\/v2\/tags?post=30400"}],"curies":[{"name":"wp","href":"https:\/\/api.w.org\/{rel}","templated":true}]}}