{"id":30443,"date":"2025-12-23T00:40:25","date_gmt":"2025-12-23T03:40:25","guid":{"rendered":"https:\/\/infotep.com.ar\/?p=30443"},"modified":"2025-12-23T00:40:26","modified_gmt":"2025-12-23T03:40:26","slug":"la-provincia-presento-nuevos-equipos-para-mejorar-la-produccion-de-contenidos-institucionales","status":"publish","type":"post","link":"https:\/\/infotep.com.ar\/index.php\/2025\/12\/23\/la-provincia-presento-nuevos-equipos-para-mejorar-la-produccion-de-contenidos-institucionales\/","title":{"rendered":"La Provincia present\u00f3 nuevos equipos para mejorar la producci\u00f3n de contenidos institucionales"},"content":{"rendered":"\n<p>La inversi\u00f3n se realiza en el marco del \u201cPrograma de Fortalecimiento de la Capacidad de Gesti\u00f3n PBA\u201d, mediante un pr\u00e9stamo del Banco Interamericano de Desarrollo (BID).<\/p>\n\n\n\n<p>El Ministerio de Comunicaci\u00f3n P\u00fablica que conduce Jesica Rey concret\u00f3 hoy la entrega de nuevo equipamiento tecnol\u00f3gico destinado a la producci\u00f3n audiovisual de las actividades institucionales del Gobierno bonaerense.<\/p>\n\n\n\n<p>En esta jornada se incorporaron dos c\u00e1maras Sony A7s III con lentes profesionales 24-105 f\/4 y bater\u00edas de alto rendimiento, adem\u00e1s de tres tr\u00edpodes con cabezal fluido, conversores multidireccionales y un switcher Blackmagic para transmisiones en vivo. Tambi\u00e9n se sumaron micr\u00f3fonos inal\u00e1mbricos de mano para mejorar la captura de audio en las coberturas oficiales.<\/p>\n\n\n\n<p>La iniciativa forma parte de una fuerte inversi\u00f3n para jerarquizar la producci\u00f3n de contenidos y modernizar la infraestructura tecnol\u00f3gica de la provincia. Se realiza en el marco del \u201cPrograma de Fortalecimiento de la Capacidad de Gesti\u00f3n PBA\u201d, mediante un pr\u00e9stamo del Banco Interamericano de Desarrollo (BID).<\/p>\n\n\n\n<p>El plan de modernizaci\u00f3n contempla varias etapas de ejecuci\u00f3n que continuar\u00e1n en los pr\u00f3ximos meses. El proyecto prev\u00e9 una renovaci\u00f3n integral de la infraestructura tecnol\u00f3gica de Radio Provincia, con el objetivo de fortalecer su perfil multimedia, as\u00ed como la actualizaci\u00f3n de los insumos t\u00e9cnicos para la Direcci\u00f3n de Actos de Gobierno.<\/p>\n\n\n\n<p>En tanto, se proyecta tambi\u00e9n el refuerzo de equipos para el \u00e1rea de Inform\u00e1tica, con el objetivo de garantizar est\u00e1ndares internacionales en la producci\u00f3n de contenidos y la seguridad de las transmisiones oficiales.<\/p>\n","protected":false},"excerpt":{"rendered":"<p>La inversi&oacute;n se realiza en el marco del &ldquo;Programa de Fortalecimiento de la Capacidad de Gesti&oacute;n PBA&rdquo;, mediante un pr&eacute;stamo del Banco Interamericano de Desarrollo (BID). El Ministerio de Comunicaci&oacute;n P&uacute;blica que conduce Jesica Rey concret&oacute; hoy la entrega de nuevo equipamiento tecnol&oacute;gico destinado a la producci&oacute;n audiovisual de las actividades institucionales del Gobierno bonaerense. &hellip; <\/p>\n","protected":false},"author":5,"featured_media":30444,"comment_status":"closed","ping_status":"closed","sticky":false,"template":"","format":"standard","meta":{"om_disable_all_campaigns":false,"_joinchat":[]},"categories":[4],"tags":[46,43,569],"featured_image_urls":{"full":["https:\/\/infotep.com.ar\/wp-content\/uploads\/2025\/12\/1000289581ed.jpg",743,530,false],"thumbnail":["https:\/\/infotep.com.ar\/wp-content\/uploads\/2025\/12\/1000289581ed-150x150.jpg",150,150,true],"medium":["https:\/\/infotep.com.ar\/wp-content\/uploads\/2025\/12\/1000289581ed-300x214.jpg",300,214,true],"medium_large":["https:\/\/infotep.com.ar\/wp-content\/uploads\/2025\/12\/1000289581ed.jpg",743,530,false],"large":["https:\/\/infotep.com.ar\/wp-content\/uploads\/2025\/12\/1000289581ed.jpg",743,530,false],"1536x1536":["https:\/\/infotep.com.ar\/wp-content\/uploads\/2025\/12\/1000289581ed.jpg",743,530,false],"2048x2048":["https:\/\/infotep.com.ar\/wp-content\/uploads\/2025\/12\/1000289581ed.jpg",743,530,false],"blossom-feminine-slider":["https:\/\/infotep.com.ar\/wp-content\/uploads\/2025\/12\/1000289581ed.jpg",743,530,false],"blossom-feminine-featured":["https:\/\/infotep.com.ar\/wp-content\/uploads\/2025\/12\/1000289581ed.jpg",743,530,false],"blossom-feminine-with-sidebar":["https:\/\/infotep.com.ar\/wp-content\/uploads\/2025\/12\/1000289581ed.jpg",743,530,false],"blossom-feminine-blog":["https:\/\/infotep.com.ar\/wp-content\/uploads\/2025\/12\/1000289581ed-435x435.jpg",435,435,true],"blossom-feminine-cat":["https:\/\/infotep.com.ar\/wp-content\/uploads\/2025\/12\/1000289581ed-450x300.jpg",450,300,true],"blossom-feminine-related":["https:\/\/infotep.com.ar\/wp-content\/uploads\/2025\/12\/1000289581ed-320x200.jpg",320,200,true],"blossom-feminine-schema":["https:\/\/infotep.com.ar\/wp-content\/uploads\/2025\/12\/1000289581ed-84x60.jpg",84,60,true],"blossom-mommy-blog-slider-big":["https:\/\/infotep.com.ar\/wp-content\/uploads\/2025\/12\/1000289581ed.jpg",743,530,false],"blossom-mommy-blog-slider":["https:\/\/infotep.com.ar\/wp-content\/uploads\/2025\/12\/1000289581ed-460x310.jpg",460,310,true],"blossom-mommy-blog-two":["https:\/\/infotep.com.ar\/wp-content\/uploads\/2025\/12\/1000289581ed-743x480.jpg",743,480,true]},"author_info":{"info":["Angela Tobar"]},"category_info":"<a href=\"https:\/\/infotep.com.ar\/index.php\/category\/provinciales\/\" rel=\"category tag\">Provinciales<\/a>","tag_info":"Provinciales","comment_count":"0","_links":{"self":[{"href":"https:\/\/infotep.com.ar\/index.php\/wp-json\/wp\/v2\/posts\/30443"}],"collection":[{"href":"https:\/\/infotep.com.ar\/index.php\/wp-json\/wp\/v2\/posts"}],"about":[{"href":"https:\/\/infotep.com.ar\/index.php\/wp-json\/wp\/v2\/types\/post"}],"author":[{"embeddable":true,"href":"https:\/\/infotep.com.ar\/index.php\/wp-json\/wp\/v2\/users\/5"}],"replies":[{"embeddable":true,"href":"https:\/\/infotep.com.ar\/index.php\/wp-json\/wp\/v2\/comments?post=30443"}],"version-history":[{"count":1,"href":"https:\/\/infotep.com.ar\/index.php\/wp-json\/wp\/v2\/posts\/30443\/revisions"}],"predecessor-version":[{"id":30445,"href":"https:\/\/infotep.com.ar\/index.php\/wp-json\/wp\/v2\/posts\/30443\/revisions\/30445"}],"wp:featuredmedia":[{"embeddable":true,"href":"https:\/\/infotep.com.ar\/index.php\/wp-json\/wp\/v2\/media\/30444"}],"wp:attachment":[{"href":"https:\/\/infotep.com.ar\/index.php\/wp-json\/wp\/v2\/media?parent=30443"}],"wp:term":[{"taxonomy":"category","embeddable":true,"href":"https:\/\/infotep.com.ar\/index.php\/wp-json\/wp\/v2\/categories?post=30443"},{"taxonomy":"post_tag","embeddable":true,"href":"https:\/\/infotep.com.ar\/index.php\/wp-json\/wp\/v2\/tags?post=30443"}],"curies":[{"name":"wp","href":"https:\/\/api.w.org\/{rel}","templated":true}]}}