{"id":30446,"date":"2025-12-23T00:41:22","date_gmt":"2025-12-23T03:41:22","guid":{"rendered":"https:\/\/infotep.com.ar\/?p=30446"},"modified":"2025-12-23T00:41:23","modified_gmt":"2025-12-23T03:41:23","slug":"bianco-vamos-a-hacer-todo-lo-posible-para-tener-una-gran-temporada-turistica","status":"publish","type":"post","link":"https:\/\/infotep.com.ar\/index.php\/2025\/12\/23\/bianco-vamos-a-hacer-todo-lo-posible-para-tener-una-gran-temporada-turistica\/","title":{"rendered":"Bianco: \u201cVamos a hacer todo lo posible para tener una gran temporada tur\u00edstica\u201d"},"content":{"rendered":"\n<p>El ministro de Gobierno, junto sus pares de Salud, Nicol\u00e1s Kreplak, y de Seguridad, Javier Alonso, brindaron una conferencia de prensa en la que se refirieron al Operativo de Sol a Sol durante la temporada de verano.<\/p>\n\n\n\n<p>El ministro de Gobierno de la Provincia de Buenos Aires, Carlos Bianco, encabez\u00f3 hoy una nueva conferencia de prensa en la Gobernaci\u00f3n bonaerense, en la que estuvo acompa\u00f1ado por el ministro de Salud, Nicol\u00e1s Kreplak, y su par de Seguridad, Javier Alonso. En este marco, los funcionarios presentaron las principales iniciativas que estar\u00e1n vigentes a lo largo de la actual temporada estival y tambi\u00e9n se refirieron a cuestiones de la actualidad nacional y provincial.<\/p>\n\n\n\n<p>Bianco inform\u00f3 que la Provincia lleg\u00f3 a un acuerdo con los acreedores que no hab\u00edan ingresado en el proceso de reestructuraci\u00f3n de la deuda que hab\u00eda sido tomada durante la gesti\u00f3n de la exgobernadora Mar\u00eda Eugenia Vidal. Gracias al trabajo realizado por el Ministerio de Econom\u00eda conducido por el ministro Pablo L\u00f3pez, destac\u00f3 Bianco, se logr\u00f3 un fallo judicial en la Corte del distrito sur de Nueva York que ratifica la conformidad de todos los acreedores que quedaban pendientes. \u201cLlegamos a un acuerdo por un pago en efectivo de 38,7 millones de d\u00f3lares y bonos en moneda extranjera con vencimiento en 2037 por un monto total de 169 millones de d\u00f3lares, en t\u00e9rminos similares a los de la reestructuraci\u00f3n de 2021. De esta manera cerramos este cap\u00edtulo, saneamos la situaci\u00f3n financiera y evitamos que la Provincia siga siendo objeto de litigios internacionales\u201d.<\/p>\n\n\n\n<p>Asimismo, el Ministro de Gobierno se refiri\u00f3 a la temporada tur\u00edstica de verano. \u201cEstimamos tener una afluencia importante en los distintos destinos bonaerenses, si bien contin\u00faa el contexto de fuerte ca\u00edda del consumo. Desde la Provincia vamos a hacer todo lo posible para que la temporada sea segura, en t\u00e9rminos de salud y de seguridad. Tambi\u00e9n ofreceremos entretenimiento con dos paradores Recreo, uno en Miramar y otro en Villa Gesell, que contar\u00e1n distintas comodidades y actividades gratuitas, promociones del Banco Provincia y actividades del Instituto Cultural con la participaci\u00f3n de diversos artistas\u201d. Adem\u00e1s, Bianco destac\u00f3 los distintos operativos de control que habr\u00e1 en las rutas y las obras de mejoras que ha realizado el Gobierno de la Provincia para garantizar la seguridad durante los viajes de los turistas.<\/p>\n\n\n\n<p>A su turno, el ministro Alonso repas\u00f3 los principales puntos del tradicional Operativo de Sol a Sol, destinado a brindar seguridad durante la temporada estival. El mismo comenz\u00f3 el pasado 17 de diciembre y se extender\u00e1 hasta el 10 de marzo de 2026, con la participaci\u00f3n de un total de 28.506 efectivos a lo largo de 60 distritos, en un trabajo de coordinaci\u00f3n entre la Provincia y los distintos municipios. \u201cTambi\u00e9n realizamos una estrategia conjunta con los equipos del Ministerio de Salud y la industria de la nocturnidad, a fin de brindar mayores garant\u00edas con un esquema de guardias a la salida de los centros bailables. Seguiremos trabajando en este sentido y esperamos que este a\u00f1o los resultados sean favorables como los de los \u00faltimos a\u00f1os\u201d, destac\u00f3 Alonso.<\/p>\n\n\n\n<p>Por su parte, el ministro Kreplak se refiri\u00f3 a las acciones que el Ministerio de Salud pone en marcha en materia de atenci\u00f3n a las y los turistas. \u201cFortalecimos la cantidad de horas de profesionales y el equipamiento en todas las \u00e1reas, en un trabajo que involucra a las rutas 2, 3, 11, 36, 51, 56, 66, 63, 84 y 88, con m\u00e1s de 1.100 profesionales, entre m\u00e9dicos y enfermeros\u201d, destac\u00f3 Kreplak y agreg\u00f3: \u201cSe fortaleci\u00f3 el sistema de emergencia sanitaria y el Sistema Integrado de Emergencias Sanitarias (SIES) con nuevos m\u00f3viles, sumando 11 ambulancias m\u00e1s. Tambi\u00e9n ampliamos las unidades de refuerzo sanitario y las Unidades de Pronta Atenci\u00f3n (UPAs), creadas durante la pandemia, para ampliar la distribuci\u00f3n de la atenci\u00f3n. Tambi\u00e9n contamos con equipos de salud mental de emergencia itinerante que pueden llegar a cualquier destino de la costa donde haya una necesidad y, adem\u00e1s, trabajamos con un fuerte foco en la prevenci\u00f3n del abordaje de la nocturnidad y de consumos problem\u00e1ticos\u201d.<\/p>\n\n\n\n<p>Para finalizar, los funcionarios expresaron el rechazo del Gobierno a la Provincia a las amenazas de intervenci\u00f3n militar de potencias extranjeras en Am\u00e9rica Latina. En tal sentido, el ministro Bianco afirm\u00f3: \u201cNuestra regi\u00f3n es una zona de paz y nosotros vamos a seguir trabajando para que lo contin\u00fae siendo. Repudiamos cualquier intervenci\u00f3n militar y nos preocupa la posici\u00f3n del gobierno del presidente Javier Milei con respecto a estas amenazas\u201d.<\/p>\n","protected":false},"excerpt":{"rendered":"<p>El ministro de Gobierno, junto sus pares de Salud, Nicol&aacute;s Kreplak, y de Seguridad, Javier Alonso, brindaron una conferencia de prensa en la que se refirieron al Operativo de Sol a Sol durante la temporada de verano. El ministro de Gobierno de la Provincia de Buenos Aires, Carlos Bianco, encabez&oacute; hoy una nueva conferencia de &hellip; <\/p>\n","protected":false},"author":5,"featured_media":9865,"comment_status":"closed","ping_status":"closed","sticky":false,"template":"","format":"standard","meta":{"om_disable_all_campaigns":false,"_joinchat":[]},"categories":[4],"tags":[46,43,569],"featured_image_urls":{"full":["https:\/\/infotep.com.ar\/wp-content\/uploads\/2023\/12\/bianco.jpg",1024,610,false],"thumbnail":["https:\/\/infotep.com.ar\/wp-content\/uploads\/2023\/12\/bianco-150x150.jpg",150,150,true],"medium":["https:\/\/infotep.com.ar\/wp-content\/uploads\/2023\/12\/bianco-300x179.jpg",300,179,true],"medium_large":["https:\/\/infotep.com.ar\/wp-content\/uploads\/2023\/12\/bianco-768x458.jpg",768,458,true],"large":["https:\/\/infotep.com.ar\/wp-content\/uploads\/2023\/12\/bianco.jpg",1020,608,false],"1536x1536":["https:\/\/infotep.com.ar\/wp-content\/uploads\/2023\/12\/bianco.jpg",1024,610,false],"2048x2048":["https:\/\/infotep.com.ar\/wp-content\/uploads\/2023\/12\/bianco.jpg",1024,610,false],"blossom-feminine-slider":["https:\/\/infotep.com.ar\/wp-content\/uploads\/2023\/12\/bianco.jpg",1024,610,false],"blossom-feminine-featured":["https:\/\/infotep.com.ar\/wp-content\/uploads\/2023\/12\/bianco-1024x600.jpg",1024,600,true],"blossom-feminine-with-sidebar":["https:\/\/infotep.com.ar\/wp-content\/uploads\/2023\/12\/bianco-1020x600.jpg",1020,600,true],"blossom-feminine-blog":["https:\/\/infotep.com.ar\/wp-content\/uploads\/2023\/12\/bianco-435x435.jpg",435,435,true],"blossom-feminine-cat":["https:\/\/infotep.com.ar\/wp-content\/uploads\/2023\/12\/bianco-450x300.jpg",450,300,true],"blossom-feminine-related":["https:\/\/infotep.com.ar\/wp-content\/uploads\/2023\/12\/bianco-320x200.jpg",320,200,true],"blossom-feminine-schema":["https:\/\/infotep.com.ar\/wp-content\/uploads\/2023\/12\/bianco-101x60.jpg",101,60,true],"blossom-mommy-blog-slider-big":["https:\/\/infotep.com.ar\/wp-content\/uploads\/2023\/12\/bianco-920x610.jpg",920,610,true],"blossom-mommy-blog-slider":["https:\/\/infotep.com.ar\/wp-content\/uploads\/2023\/12\/bianco-460x310.jpg",460,310,true],"blossom-mommy-blog-two":["https:\/\/infotep.com.ar\/wp-content\/uploads\/2023\/12\/bianco-768x480.jpg",768,480,true]},"author_info":{"info":["Angela Tobar"]},"category_info":"<a href=\"https:\/\/infotep.com.ar\/index.php\/category\/provinciales\/\" rel=\"category tag\">Provinciales<\/a>","tag_info":"Provinciales","comment_count":"0","_links":{"self":[{"href":"https:\/\/infotep.com.ar\/index.php\/wp-json\/wp\/v2\/posts\/30446"}],"collection":[{"href":"https:\/\/infotep.com.ar\/index.php\/wp-json\/wp\/v2\/posts"}],"about":[{"href":"https:\/\/infotep.com.ar\/index.php\/wp-json\/wp\/v2\/types\/post"}],"author":[{"embeddable":true,"href":"https:\/\/infotep.com.ar\/index.php\/wp-json\/wp\/v2\/users\/5"}],"replies":[{"embeddable":true,"href":"https:\/\/infotep.com.ar\/index.php\/wp-json\/wp\/v2\/comments?post=30446"}],"version-history":[{"count":1,"href":"https:\/\/infotep.com.ar\/index.php\/wp-json\/wp\/v2\/posts\/30446\/revisions"}],"predecessor-version":[{"id":30447,"href":"https:\/\/infotep.com.ar\/index.php\/wp-json\/wp\/v2\/posts\/30446\/revisions\/30447"}],"wp:featuredmedia":[{"embeddable":true,"href":"https:\/\/infotep.com.ar\/index.php\/wp-json\/wp\/v2\/media\/9865"}],"wp:attachment":[{"href":"https:\/\/infotep.com.ar\/index.php\/wp-json\/wp\/v2\/media?parent=30446"}],"wp:term":[{"taxonomy":"category","embeddable":true,"href":"https:\/\/infotep.com.ar\/index.php\/wp-json\/wp\/v2\/categories?post=30446"},{"taxonomy":"post_tag","embeddable":true,"href":"https:\/\/infotep.com.ar\/index.php\/wp-json\/wp\/v2\/tags?post=30446"}],"curies":[{"name":"wp","href":"https:\/\/api.w.org\/{rel}","templated":true}]}}