{"id":30477,"date":"2025-12-24T01:22:00","date_gmt":"2025-12-24T04:22:00","guid":{"rendered":"https:\/\/infotep.com.ar\/?p=30477"},"modified":"2025-12-24T13:24:17","modified_gmt":"2025-12-24T16:24:17","slug":"sabbatella-insto-a-los-vecinos-de-moron-a-volver-a-ser-un-municipio-que-se-distinga-por-la-eficiencia-y-la-cercania","status":"publish","type":"post","link":"https:\/\/infotep.com.ar\/index.php\/2025\/12\/24\/sabbatella-insto-a-los-vecinos-de-moron-a-volver-a-ser-un-municipio-que-se-distinga-por-la-eficiencia-y-la-cercania\/","title":{"rendered":"Sabbatella inst\u00f3 a los vecinos de Mor\u00f3n: a &#8220;volver a ser un municipio que se distinga por la eficiencia y la cercan\u00eda\u201d"},"content":{"rendered":"\n<p>En v\u00edsperas del cierre de a\u00f1o, el referente pol\u00edtico y ex intendente de Mor\u00f3n, Mart\u00edn Sabbatella, difundi\u00f3 una carta dirigida a las familias del distrito. En el texto, que lleg\u00f3 a los hogares de los distintos barrios, Sabbatella realiz\u00f3 un balance de un 2025 signado por la crisis econ\u00f3mica y convoc\u00f3 a la comunidad a recuperar un \u201cproyecto de futuro compartido\u201d.<\/p>\n\n\n\n<p>Bajo el deseo de un 2026 con \u201cpaz, salud y trabajo\u201d, el dirigente analiz\u00f3 la coyuntura nacional, se\u00f1alando que, si bien se registr\u00f3 una baja en la inflaci\u00f3n, el costo social ha sido alto. \u201cFue un a\u00f1o duro. Muchos sufren hoy las consecuencias del ajuste; la baja de la inflaci\u00f3n vino acompa\u00f1ada de una gran ca\u00edda del poder de compra y de incertidumbre laboral\u201d, expres\u00f3.<\/p>\n\n\n\n<p><strong>Cr\u00edtica y propuesta para el \u00e1mbito local<\/strong><\/p>\n\n\n\n<p>Sabbatella dedic\u00f3 un tramo central de su mensaje a la gesti\u00f3n local, marcando la necesidad de retomar un modelo de ciudad basado en la gesti\u00f3n p\u00fablica de calidad. El ex intendente enfatiz\u00f3:<\/p>\n\n\n\n<p>\u201cEn Mor\u00f3n tenemos mucho por hacer y mejorar. Debemos volver a ser un Municipio que se reconozca por la eficiencia, la transparencia y la planificaci\u00f3n; que se distinga por la cercan\u00eda entre el Gobierno y la sociedad. Lo fuimos y lo volveremos a ser\u201d.<\/p>\n\n\n\n<p><strong>Un llamado al protagonismo<\/strong><\/p>\n\n\n\n<p>Hacia el final de la misiva, el referente llam\u00f3 a los vecinos y vecinas a involucrarse de cara al a\u00f1o entrante, con un mensaje de esperanza y reconstrucci\u00f3n pol\u00edtica: \u201cEste 2026 vamos a trabajar juntos para que el futuro que so\u00f1amos se haga realidad en Mor\u00f3n y en todo el pa\u00eds. Te invito a volver a ser protagonista\u201d.<\/p>\n\n\n\n<p>La carta concluye con un saludo afectuoso a las familias moronenses, reafirmando el compromiso de su espacio pol\u00edtico con el bienestar de los trabajadores y, especialmente, de los adultos mayores, a quienes mencion\u00f3 como uno de los sectores m\u00e1s afectados por la situaci\u00f3n actual.<\/p>\n","protected":false},"excerpt":{"rendered":"<p>En v&iacute;speras del cierre de a&ntilde;o, el referente pol&iacute;tico y ex intendente de Mor&oacute;n, Mart&iacute;n Sabbatella, difundi&oacute; una carta dirigida a las familias del distrito. En el texto, que lleg&oacute; a los hogares de los distintos barrios, Sabbatella realiz&oacute; un balance de un 2025 signado por la crisis econ&oacute;mica y convoc&oacute; a la comunidad a &hellip; <\/p>\n","protected":false},"author":5,"featured_media":30478,"comment_status":"closed","ping_status":"closed","sticky":false,"template":"","format":"standard","meta":{"om_disable_all_campaigns":false,"_joinchat":[]},"categories":[9],"tags":[46,53,43,569],"featured_image_urls":{"full":["https:\/\/infotep.com.ar\/wp-content\/uploads\/2025\/12\/1_UufUWKlkegZFWCBqocuYWQ.webp",720,540,false],"thumbnail":["https:\/\/infotep.com.ar\/wp-content\/uploads\/2025\/12\/1_UufUWKlkegZFWCBqocuYWQ-150x150.webp",150,150,true],"medium":["https:\/\/infotep.com.ar\/wp-content\/uploads\/2025\/12\/1_UufUWKlkegZFWCBqocuYWQ-300x225.webp",300,225,true],"medium_large":["https:\/\/infotep.com.ar\/wp-content\/uploads\/2025\/12\/1_UufUWKlkegZFWCBqocuYWQ.webp",720,540,false],"large":["https:\/\/infotep.com.ar\/wp-content\/uploads\/2025\/12\/1_UufUWKlkegZFWCBqocuYWQ.webp",720,540,false],"1536x1536":["https:\/\/infotep.com.ar\/wp-content\/uploads\/2025\/12\/1_UufUWKlkegZFWCBqocuYWQ.webp",720,540,false],"2048x2048":["https:\/\/infotep.com.ar\/wp-content\/uploads\/2025\/12\/1_UufUWKlkegZFWCBqocuYWQ.webp",720,540,false],"blossom-feminine-slider":["https:\/\/infotep.com.ar\/wp-content\/uploads\/2025\/12\/1_UufUWKlkegZFWCBqocuYWQ.webp",720,540,false],"blossom-feminine-featured":["https:\/\/infotep.com.ar\/wp-content\/uploads\/2025\/12\/1_UufUWKlkegZFWCBqocuYWQ.webp",720,540,false],"blossom-feminine-with-sidebar":["https:\/\/infotep.com.ar\/wp-content\/uploads\/2025\/12\/1_UufUWKlkegZFWCBqocuYWQ.webp",720,540,false],"blossom-feminine-blog":["https:\/\/infotep.com.ar\/wp-content\/uploads\/2025\/12\/1_UufUWKlkegZFWCBqocuYWQ-435x435.webp",435,435,true],"blossom-feminine-cat":["https:\/\/infotep.com.ar\/wp-content\/uploads\/2025\/12\/1_UufUWKlkegZFWCBqocuYWQ-450x300.webp",450,300,true],"blossom-feminine-related":["https:\/\/infotep.com.ar\/wp-content\/uploads\/2025\/12\/1_UufUWKlkegZFWCBqocuYWQ-320x200.webp",320,200,true],"blossom-feminine-schema":["https:\/\/infotep.com.ar\/wp-content\/uploads\/2025\/12\/1_UufUWKlkegZFWCBqocuYWQ-80x60.webp",80,60,true],"blossom-mommy-blog-slider-big":["https:\/\/infotep.com.ar\/wp-content\/uploads\/2025\/12\/1_UufUWKlkegZFWCBqocuYWQ.webp",720,540,false],"blossom-mommy-blog-slider":["https:\/\/infotep.com.ar\/wp-content\/uploads\/2025\/12\/1_UufUWKlkegZFWCBqocuYWQ-460x310.webp",460,310,true],"blossom-mommy-blog-two":["https:\/\/infotep.com.ar\/wp-content\/uploads\/2025\/12\/1_UufUWKlkegZFWCBqocuYWQ-720x480.webp",720,480,true]},"author_info":{"info":["Angela Tobar"]},"category_info":"<a href=\"https:\/\/infotep.com.ar\/index.php\/category\/municipales\/moron\/\" rel=\"category tag\">Mor\u00f3n<\/a>","tag_info":"Mor\u00f3n","comment_count":"0","_links":{"self":[{"href":"https:\/\/infotep.com.ar\/index.php\/wp-json\/wp\/v2\/posts\/30477"}],"collection":[{"href":"https:\/\/infotep.com.ar\/index.php\/wp-json\/wp\/v2\/posts"}],"about":[{"href":"https:\/\/infotep.com.ar\/index.php\/wp-json\/wp\/v2\/types\/post"}],"author":[{"embeddable":true,"href":"https:\/\/infotep.com.ar\/index.php\/wp-json\/wp\/v2\/users\/5"}],"replies":[{"embeddable":true,"href":"https:\/\/infotep.com.ar\/index.php\/wp-json\/wp\/v2\/comments?post=30477"}],"version-history":[{"count":1,"href":"https:\/\/infotep.com.ar\/index.php\/wp-json\/wp\/v2\/posts\/30477\/revisions"}],"predecessor-version":[{"id":30479,"href":"https:\/\/infotep.com.ar\/index.php\/wp-json\/wp\/v2\/posts\/30477\/revisions\/30479"}],"wp:featuredmedia":[{"embeddable":true,"href":"https:\/\/infotep.com.ar\/index.php\/wp-json\/wp\/v2\/media\/30478"}],"wp:attachment":[{"href":"https:\/\/infotep.com.ar\/index.php\/wp-json\/wp\/v2\/media?parent=30477"}],"wp:term":[{"taxonomy":"category","embeddable":true,"href":"https:\/\/infotep.com.ar\/index.php\/wp-json\/wp\/v2\/categories?post=30477"},{"taxonomy":"post_tag","embeddable":true,"href":"https:\/\/infotep.com.ar\/index.php\/wp-json\/wp\/v2\/tags?post=30477"}],"curies":[{"name":"wp","href":"https:\/\/api.w.org\/{rel}","templated":true}]}}