{"id":30491,"date":"2025-12-26T11:47:03","date_gmt":"2025-12-26T14:47:03","guid":{"rendered":"https:\/\/infotep.com.ar\/?p=30491"},"modified":"2025-12-26T11:47:04","modified_gmt":"2025-12-26T14:47:04","slug":"pablo-descalzo-presento-a-su-nuevo-gabinete","status":"publish","type":"post","link":"https:\/\/infotep.com.ar\/index.php\/2025\/12\/26\/pablo-descalzo-presento-a-su-nuevo-gabinete\/","title":{"rendered":"Pablo Descalzo present\u00f3 a su nuevo gabinete"},"content":{"rendered":"\n<p>El Intendente Municipal, Pablo Descalzo, encabez\u00f3 la jura de las nuevas autoridades del ejecutivo local, en un acto en el Polideportivo La Torcaza (Brandsen y Pringles) durante el mediod\u00eda del lunes 22 de diciembre.<\/p>\n\n\n\n<p>Durante el acto, el nuevo gabinete ejecutivo jur\u00f3 para desempe\u00f1ar sus funciones conforme a la Constituci\u00f3n, nacional, provincial, las leyes reglamentarias y las ordenanzas municipales vigentes. Al finalizar la toma de jura y la presentaci\u00f3n de las nuevas autoridades, el intendente entreg\u00f3 reconocimientos a empleados municipales por su trayectoria y a\u00f1os de servicio a la comunidad.<\/p>\n\n\n\n<p>El intendente agradeci\u00f3 el compromiso y dio un mensaje para esta nueva etapa que inicia en su gesti\u00f3n: \u201cEste mes Ituzaing\u00f3 cumpli\u00f3 30 a\u00f1os de autonom\u00eda y, gracias al trabajo y esfuerzo de los empleados municipales y de las personas que pasaron por el gabinete a lo largo de estos a\u00f1os, hemos cumplido muchos de los sue\u00f1os que parec\u00edan lejanos y hoy son una realidad para todos los vecinos y vecinas\u201d. Y agreg\u00f3: \u201cTodav\u00eda nos queda mucho camino por recorrer, pero si algo caracteriza a nuestra gente es que tenemos convicciones, amor propio y orgullo de ser ituzainguenses: con ese compromiso y esa fuerza tan nuestra, los sue\u00f1os que quedan, tarde o temprano, se van a realizar para vivir en el Ituzaing\u00f3 que nos merecemos\u201d.<\/p>\n\n\n\n<p><strong>Tras la jura de autoridades, el Gabinete Municipal qued\u00f3 conformado de la siguiente manera:<\/strong><\/p>\n\n\n\n<p>Pablo Piana | Jefe de Gabinete<br>Dr. Mauro Lavagnino | Secretario de Gobierno<br>Mart\u00edn Rossi | Secretario de Planificaci\u00f3n, Desarrollo Urbano y Ambiente<br>Lic. Natalia Lazzeri | Secretaria de Desarrollo Productivo<br>Juan Cruz Descalzo | Secretario de Servicios P\u00fablicos<br>Jos\u00e9 Antonio Rosendo | Secretario de Seguridad<br>Cdor. Marcelo Martinelli | Secretario de Econom\u00eda y Hacienda<br>Lic. Ayel\u00e9n Est\u00e9vez | Secretaria de Educaci\u00f3n y Cultura<br>Lucas Garc\u00eda | Secretario de Deportes<br>Nahuel Segovia | Secretario de Desarrollo Humano y Relaciones con la Comunidad<br>Fabi\u00e1n Basilico | Secretario de Salud<br>Dra. Rita Sale | Secretaria de Educaci\u00f3n T\u00e9cnica y Superior<br>Cdra. Sandra Rey | Secretaria de Innovaci\u00f3n, Tecnolog\u00eda, Transparencia y Asuntos Estrat\u00e9gicos<br>Lic. Carolina Meert | Directora Ejecutiva del Consejo de Mujeres, G\u00e9neros, Diversidad, Ni\u00f1eces y Adolescencias<br>Cdra. Gimena Olmedo | Subsecretaria a cargo de la Secretar\u00eda de Ingresos P\u00fablicos<br>Lic. Silvina Morelli | Subsecretaria a cargo de la Secretar\u00eda de Imagen y Comunicaci\u00f3n<br>Mar\u00eda Santina Laurenza | Delegada de la Unidad de Gesti\u00f3n Municipal Sur<br>I\u00f1aki Irizar | Delegado de la Unidad de Gesti\u00f3n Municipal Norte<br>Damian Berardo | Delegado de la Unidad de Gesti\u00f3n Municipal Udaondo<br>Estuvieron presentes el Presidente del Honorable Concejo Deliberante, Juan Manuel \u00c1lvarez Luna, veteranos de Malvinas, representantes del poder judicial, concejales y concejalas, vecinos y familiares.<\/p>\n","protected":false},"excerpt":{"rendered":"<p>El Intendente Municipal, Pablo Descalzo, encabez&oacute; la jura de las nuevas autoridades del ejecutivo local, en un acto en el Polideportivo La Torcaza (Brandsen y Pringles) durante el mediod&iacute;a del lunes 22 de diciembre. Durante el acto, el nuevo gabinete ejecutivo jur&oacute; para desempe&ntilde;ar sus funciones conforme a la Constituci&oacute;n, nacional, provincial, las leyes reglamentarias &hellip; <\/p>\n","protected":false},"author":5,"featured_media":30492,"comment_status":"closed","ping_status":"closed","sticky":false,"template":"","format":"standard","meta":{"om_disable_all_campaigns":false,"_joinchat":[]},"categories":[31,8],"tags":[46,51,43,569],"featured_image_urls":{"full":["https:\/\/infotep.com.ar\/wp-content\/uploads\/2025\/12\/ejecutivo-780x470-1.jpeg",780,470,false],"thumbnail":["https:\/\/infotep.com.ar\/wp-content\/uploads\/2025\/12\/ejecutivo-780x470-1-150x150.jpeg",150,150,true],"medium":["https:\/\/infotep.com.ar\/wp-content\/uploads\/2025\/12\/ejecutivo-780x470-1-300x181.jpeg",300,181,true],"medium_large":["https:\/\/infotep.com.ar\/wp-content\/uploads\/2025\/12\/ejecutivo-780x470-1-768x463.jpeg",768,463,true],"large":["https:\/\/infotep.com.ar\/wp-content\/uploads\/2025\/12\/ejecutivo-780x470-1.jpeg",780,470,false],"1536x1536":["https:\/\/infotep.com.ar\/wp-content\/uploads\/2025\/12\/ejecutivo-780x470-1.jpeg",780,470,false],"2048x2048":["https:\/\/infotep.com.ar\/wp-content\/uploads\/2025\/12\/ejecutivo-780x470-1.jpeg",780,470,false],"blossom-feminine-slider":["https:\/\/infotep.com.ar\/wp-content\/uploads\/2025\/12\/ejecutivo-780x470-1.jpeg",780,470,false],"blossom-feminine-featured":["https:\/\/infotep.com.ar\/wp-content\/uploads\/2025\/12\/ejecutivo-780x470-1.jpeg",780,470,false],"blossom-feminine-with-sidebar":["https:\/\/infotep.com.ar\/wp-content\/uploads\/2025\/12\/ejecutivo-780x470-1.jpeg",780,470,false],"blossom-feminine-blog":["https:\/\/infotep.com.ar\/wp-content\/uploads\/2025\/12\/ejecutivo-780x470-1-435x435.jpeg",435,435,true],"blossom-feminine-cat":["https:\/\/infotep.com.ar\/wp-content\/uploads\/2025\/12\/ejecutivo-780x470-1-450x300.jpeg",450,300,true],"blossom-feminine-related":["https:\/\/infotep.com.ar\/wp-content\/uploads\/2025\/12\/ejecutivo-780x470-1-320x200.jpeg",320,200,true],"blossom-feminine-schema":["https:\/\/infotep.com.ar\/wp-content\/uploads\/2025\/12\/ejecutivo-780x470-1-100x60.jpeg",100,60,true],"blossom-mommy-blog-slider-big":["https:\/\/infotep.com.ar\/wp-content\/uploads\/2025\/12\/ejecutivo-780x470-1.jpeg",780,470,false],"blossom-mommy-blog-slider":["https:\/\/infotep.com.ar\/wp-content\/uploads\/2025\/12\/ejecutivo-780x470-1-460x310.jpeg",460,310,true],"blossom-mommy-blog-two":["https:\/\/infotep.com.ar\/wp-content\/uploads\/2025\/12\/ejecutivo-780x470-1-768x470.jpeg",768,470,true]},"author_info":{"info":["Angela Tobar"]},"category_info":"<a href=\"https:\/\/infotep.com.ar\/index.php\/category\/destacadas\/\" rel=\"category tag\">Destacadas<\/a> <a href=\"https:\/\/infotep.com.ar\/index.php\/category\/municipales\/ituzaingo\/\" rel=\"category tag\">Ituzaing\u00f3<\/a>","tag_info":"Ituzaing\u00f3","comment_count":"0","_links":{"self":[{"href":"https:\/\/infotep.com.ar\/index.php\/wp-json\/wp\/v2\/posts\/30491"}],"collection":[{"href":"https:\/\/infotep.com.ar\/index.php\/wp-json\/wp\/v2\/posts"}],"about":[{"href":"https:\/\/infotep.com.ar\/index.php\/wp-json\/wp\/v2\/types\/post"}],"author":[{"embeddable":true,"href":"https:\/\/infotep.com.ar\/index.php\/wp-json\/wp\/v2\/users\/5"}],"replies":[{"embeddable":true,"href":"https:\/\/infotep.com.ar\/index.php\/wp-json\/wp\/v2\/comments?post=30491"}],"version-history":[{"count":1,"href":"https:\/\/infotep.com.ar\/index.php\/wp-json\/wp\/v2\/posts\/30491\/revisions"}],"predecessor-version":[{"id":30493,"href":"https:\/\/infotep.com.ar\/index.php\/wp-json\/wp\/v2\/posts\/30491\/revisions\/30493"}],"wp:featuredmedia":[{"embeddable":true,"href":"https:\/\/infotep.com.ar\/index.php\/wp-json\/wp\/v2\/media\/30492"}],"wp:attachment":[{"href":"https:\/\/infotep.com.ar\/index.php\/wp-json\/wp\/v2\/media?parent=30491"}],"wp:term":[{"taxonomy":"category","embeddable":true,"href":"https:\/\/infotep.com.ar\/index.php\/wp-json\/wp\/v2\/categories?post=30491"},{"taxonomy":"post_tag","embeddable":true,"href":"https:\/\/infotep.com.ar\/index.php\/wp-json\/wp\/v2\/tags?post=30491"}],"curies":[{"name":"wp","href":"https:\/\/api.w.org\/{rel}","templated":true}]}}