{"id":30504,"date":"2025-12-26T12:06:40","date_gmt":"2025-12-26T15:06:40","guid":{"rendered":"https:\/\/infotep.com.ar\/?p=30504"},"modified":"2025-12-26T12:06:41","modified_gmt":"2025-12-26T15:06:41","slug":"katopodis-e-intendentes-se-reunieron-por-obras-en-la-autovia-provincial-ruta-6","status":"publish","type":"post","link":"https:\/\/infotep.com.ar\/index.php\/2025\/12\/26\/katopodis-e-intendentes-se-reunieron-por-obras-en-la-autovia-provincial-ruta-6\/","title":{"rendered":"Katopodis e intendentes se reunieron por obras en la Autov\u00eda Provincial Ruta 6"},"content":{"rendered":"\n<p>Vialidad Provincial y AUBASA llevar\u00e1n adelante obras y proyectos que contemplan un nuevo sistema de iluminaci\u00f3n, mantenimiento y servicios de asistencia en los 179 km de este corredor que atraviesa 12 municipios de la provincia.<\/p>\n\n\n\n<p>El ministro de Infraestructura y Servicios P\u00fablicos, Gabriel Katopodis, encabez\u00f3 una reuni\u00f3n de trabajo junto a intendentes y autoridades de AUBASA y la Direcci\u00f3n de Vialidad para avanzar en obras y proyectos para la Autov\u00eda Provincial Ruta 6.<\/p>\n\n\n\n<p>Del encuentro particip\u00f3 el intendente de La Plata, Julio Alak; el de Gral. Las Heras, Juan Manuel Cerezo; de Luj\u00e1n, Leonardo Boto, de Z\u00e1rate, Marcelo Matzkin; y de Exaltaci\u00f3n de la Cruz, Luis Mart\u00edn. Adem\u00e1s, representantes de los municipios de Brandsen y Campana.<\/p>\n\n\n\n<p>Por parte de la empresa AUBASA estuvieron presentes su Presidente, Jos\u00e9 Arteaga; el Gerente General, Pablo Ceriani; y los coordinadores Julio Roca y Martin Valli; de la Direcci\u00f3n de Vialidad, participaron Roberto Caggiano y Hern\u00e1n Y Zurieta, administrador y subadministrador respectivamente; en tanto del Ministerio de Infraestructura y Servicios P\u00fablicos estuvieron el subsecretario de Legal y T\u00e9cnica, Guillermo Sauro; la directora Provincial de Articulaci\u00f3n Territorial de la Regi\u00f3n Metropolitana de Buenos Aires, Valentina Romano y el director Provincial de Planificaci\u00f3n Estrat\u00e9gica del MINFRA, Juli\u00e1n Gonz\u00e1lez Duran.<\/p>\n\n\n\n<p>La reuni\u00f3n tuvo por objetivo informar sobre las acciones en curso y los procesos licitatorios necesarios para asegurar los servicios esenciales del corredor.<\/p>\n\n\n\n<p>Al respecto, Katopodis afirm\u00f3: \u201cEstamos avanzando en el proyecto de puesta en valor de la Autov\u00eda Provincial Ruta 6, un corredor estrat\u00e9gico para la provincia de Buenos Aires. Comenzamos a trabajar en un plan integral con obras y proyectos concretos como nueva iluminaci\u00f3n de accesos y rotondas, repavimentaci\u00f3n, se\u00f1alamiento horizontal y vertical, servicio de asistencia vial, corte de pasto y mantenimiento, entre otras mejoras\u201d.<\/p>\n\n\n\n<p>\u201cEl di\u00e1logo y el trabajo conjunto entre los municipios y la Provincia, en una agenda com\u00fan impulsada por el gobernador Kicillof, nos permite dar un salto de calidad en infraestructura y obtener mejores resultados para las y los bonaerenses\u201d, concluy\u00f3 Katopodis.<\/p>\n\n\n\n<p>En ese sentido, se proyecta la contrataci\u00f3n del servicio de asistencia m\u00e9dica y transporte sanitario; los servicios de auxilio mec\u00e1nico y remolque de veh\u00edculos livianos y pesados; y el mantenimiento para la seguridad vial.<\/p>\n\n\n\n<p>Asimismo, se pondr\u00e1 en valor el Parque Lum\u00ednico con la renovaci\u00f3n integral de todo el sistema, que incluye el reemplazo de 2.810 luminarias, la reposici\u00f3n de columnas y la actualizaci\u00f3n de tableros.<\/p>\n\n\n\n<p>En tanto, la Direcci\u00f3n de Vialidad avanza con la repavimentaci\u00f3n de los sectores que presentan mayor deterioro y en la rehabilitaci\u00f3n de las calzadas en ambos sentidos de circulaci\u00f3n. Adem\u00e1s, incluye el mantenimiento y la puesta en valor de 16 puentes viales y 12 puentes hidr\u00e1ulicos; el mejoramiento de alcantarillas para garantizar el escurrimiento; la se\u00f1alizaci\u00f3n vertical y horizontal; el recambio de luminarias y la colocaci\u00f3n de barandas de defensa vehicular en toda la traza intervenida.<\/p>\n\n\n\n<p>Tambi\u00e9n, terminar\u00e1 el tramo entre Campana, Exaltaci\u00f3n de la Cruz y Pilar y el cruce de la Ruta 6 con la 9.<\/p>\n\n\n\n<p>La Autov\u00eda Provincial Ruta 6 es un corredor estructural de la Provincia de Buenos Aires que abarca un total de 179 Kil\u00f3metros, conforma el cuarto anillo de circunvalaci\u00f3n del AMBA y articula rutas nacionales y provinciales.<\/p>\n\n\n\n<p>A lo largo de su trazado recorre los municipios Z\u00e1rate, Campana, Exaltaci\u00f3n de la Cruz, Pilar, Luj\u00e1n, General Rodr\u00edguez, Marcos Paz, General Las Heras, Ca\u00f1uelas, San Vicente, Brandsen y La Plata y es clave para el desarrollo econ\u00f3mico y para la descongesti\u00f3n de la Regi\u00f3n Metropolitana. Adem\u00e1s, conecta polos productivos, zonas log\u00edsticas, parques industriales y vincula directamente los puertos de La Plata y de Z\u00e1rate\u2013Campana.<\/p>\n","protected":false},"excerpt":{"rendered":"<p>Vialidad Provincial y AUBASA llevar&aacute;n adelante obras y proyectos que contemplan un nuevo sistema de iluminaci&oacute;n, mantenimiento y servicios de asistencia en los 179 km de este corredor que atraviesa 12 municipios de la provincia. El ministro de Infraestructura y Servicios P&uacute;blicos, Gabriel Katopodis, encabez&oacute; una reuni&oacute;n de trabajo junto a intendentes y autoridades de &hellip; <\/p>\n","protected":false},"author":5,"featured_media":30505,"comment_status":"closed","ping_status":"closed","sticky":false,"template":"","format":"standard","meta":{"om_disable_all_campaigns":false,"_joinchat":[]},"categories":[4],"tags":[46,43,569],"featured_image_urls":{"full":["https:\/\/infotep.com.ar\/wp-content\/uploads\/2025\/12\/DSC_8608.jpg",700,466,false],"thumbnail":["https:\/\/infotep.com.ar\/wp-content\/uploads\/2025\/12\/DSC_8608-150x150.jpg",150,150,true],"medium":["https:\/\/infotep.com.ar\/wp-content\/uploads\/2025\/12\/DSC_8608-300x200.jpg",300,200,true],"medium_large":["https:\/\/infotep.com.ar\/wp-content\/uploads\/2025\/12\/DSC_8608.jpg",700,466,false],"large":["https:\/\/infotep.com.ar\/wp-content\/uploads\/2025\/12\/DSC_8608.jpg",700,466,false],"1536x1536":["https:\/\/infotep.com.ar\/wp-content\/uploads\/2025\/12\/DSC_8608.jpg",700,466,false],"2048x2048":["https:\/\/infotep.com.ar\/wp-content\/uploads\/2025\/12\/DSC_8608.jpg",700,466,false],"blossom-feminine-slider":["https:\/\/infotep.com.ar\/wp-content\/uploads\/2025\/12\/DSC_8608.jpg",700,466,false],"blossom-feminine-featured":["https:\/\/infotep.com.ar\/wp-content\/uploads\/2025\/12\/DSC_8608.jpg",700,466,false],"blossom-feminine-with-sidebar":["https:\/\/infotep.com.ar\/wp-content\/uploads\/2025\/12\/DSC_8608.jpg",700,466,false],"blossom-feminine-blog":["https:\/\/infotep.com.ar\/wp-content\/uploads\/2025\/12\/DSC_8608-435x435.jpg",435,435,true],"blossom-feminine-cat":["https:\/\/infotep.com.ar\/wp-content\/uploads\/2025\/12\/DSC_8608-450x300.jpg",450,300,true],"blossom-feminine-related":["https:\/\/infotep.com.ar\/wp-content\/uploads\/2025\/12\/DSC_8608-320x200.jpg",320,200,true],"blossom-feminine-schema":["https:\/\/infotep.com.ar\/wp-content\/uploads\/2025\/12\/DSC_8608-90x60.jpg",90,60,true],"blossom-mommy-blog-slider-big":["https:\/\/infotep.com.ar\/wp-content\/uploads\/2025\/12\/DSC_8608.jpg",700,466,false],"blossom-mommy-blog-slider":["https:\/\/infotep.com.ar\/wp-content\/uploads\/2025\/12\/DSC_8608-460x310.jpg",460,310,true],"blossom-mommy-blog-two":["https:\/\/infotep.com.ar\/wp-content\/uploads\/2025\/12\/DSC_8608.jpg",700,466,false]},"author_info":{"info":["Angela Tobar"]},"category_info":"<a href=\"https:\/\/infotep.com.ar\/index.php\/category\/provinciales\/\" rel=\"category tag\">Provinciales<\/a>","tag_info":"Provinciales","comment_count":"0","_links":{"self":[{"href":"https:\/\/infotep.com.ar\/index.php\/wp-json\/wp\/v2\/posts\/30504"}],"collection":[{"href":"https:\/\/infotep.com.ar\/index.php\/wp-json\/wp\/v2\/posts"}],"about":[{"href":"https:\/\/infotep.com.ar\/index.php\/wp-json\/wp\/v2\/types\/post"}],"author":[{"embeddable":true,"href":"https:\/\/infotep.com.ar\/index.php\/wp-json\/wp\/v2\/users\/5"}],"replies":[{"embeddable":true,"href":"https:\/\/infotep.com.ar\/index.php\/wp-json\/wp\/v2\/comments?post=30504"}],"version-history":[{"count":1,"href":"https:\/\/infotep.com.ar\/index.php\/wp-json\/wp\/v2\/posts\/30504\/revisions"}],"predecessor-version":[{"id":30506,"href":"https:\/\/infotep.com.ar\/index.php\/wp-json\/wp\/v2\/posts\/30504\/revisions\/30506"}],"wp:featuredmedia":[{"embeddable":true,"href":"https:\/\/infotep.com.ar\/index.php\/wp-json\/wp\/v2\/media\/30505"}],"wp:attachment":[{"href":"https:\/\/infotep.com.ar\/index.php\/wp-json\/wp\/v2\/media?parent=30504"}],"wp:term":[{"taxonomy":"category","embeddable":true,"href":"https:\/\/infotep.com.ar\/index.php\/wp-json\/wp\/v2\/categories?post=30504"},{"taxonomy":"post_tag","embeddable":true,"href":"https:\/\/infotep.com.ar\/index.php\/wp-json\/wp\/v2\/tags?post=30504"}],"curies":[{"name":"wp","href":"https:\/\/api.w.org\/{rel}","templated":true}]}}