{"id":30510,"date":"2025-12-26T12:09:44","date_gmt":"2025-12-26T15:09:44","guid":{"rendered":"https:\/\/infotep.com.ar\/?p=30510"},"modified":"2025-12-26T12:09:45","modified_gmt":"2025-12-26T15:09:45","slug":"kicillof-se-reunio-con-representantes-del-sector-energetico","status":"publish","type":"post","link":"https:\/\/infotep.com.ar\/index.php\/2025\/12\/26\/kicillof-se-reunio-con-representantes-del-sector-energetico\/","title":{"rendered":"Kicillof se reuni\u00f3 con representantes del sector energ\u00e9tico"},"content":{"rendered":"\n<p>La actividad se desarroll\u00f3 en el marco del intento del Gobierno nacional de privatizar la empresa p\u00fablica Nucleoel\u00e9ctrica Argentina S.A.<\/p>\n\n\n\n<p>El gobernador de la provincia de Buenos Aires, Axel Kicillof, encabez\u00f3 este lunes una reuni\u00f3n con referentes del sector de energ\u00eda nuclear y representantes sindicales vinculados a la actividad. Fue en el Sal\u00f3n Dorado de la Casa de Gobierno, junto al ministro de Gobierno, Carlos Bianco; y el subsecretario de Energ\u00eda, Gast\u00f3n Ghioni.<\/p>\n\n\n\n<p>En ese marco, Kicillof afirm\u00f3: \u201cHace muchos a\u00f1os que la Argentina decidi\u00f3 invertir en el \u00e1rea de energ\u00eda nuclear, lo que llev\u00f3 a posicionar al pa\u00eds en un lugar de privilegio a nivel internacional y contar con un activo estrat\u00e9gico clave\u201d. \u201cLamentablemente todo eso hoy se ve amenazado por un Gobierno nacional entreguista que, con su idea privatizadora, apunta a generar un gran negocio para unos pocos\u201d, agreg\u00f3.<\/p>\n\n\n\n<p>\u201cLa idea de este encuentro es demostrar que el sector no est\u00e1 solo: ante un Presidente que se subordina a intereses extranjeros y ataca a nuestra soberan\u00eda, cuentan con el compromiso y el acompa\u00f1amiento de un Gobierno bonaerense dispuesto a defenderlo\u201d, explic\u00f3 el Gobernador y concluy\u00f3: \u201cVamos a potenciar todas las iniciativas que est\u00e9n encaminadas a detener la privatizaci\u00f3n de Nucleoel\u00e9ctrica: no podemos permitir que destruyan un sector clave para las perspectivas de futuro de los argentinos y las argentinas\u201d.<\/p>\n\n\n\n<p>El encuentro se desarroll\u00f3 como un espacio de di\u00e1logo para visibilizar y discutir el intento del Gobierno nacional por privatizar Nucleoel\u00e9ctrica Argentina S.A. (NASA) -la empresa p\u00fablica operadora de las centrales nucleares Atucha I, Atucha II y Embalse-, abordando su rol en el sistema energ\u00e9tico nacional y las implicaciones del posible cambio en su modelo de gesti\u00f3n.<\/p>\n\n\n\n<p>Por su parte, Bianco remarc\u00f3: &#8220;Desde el Gobierno provincial comprendemos al sector nuclear como un componente clave para la soberan\u00eda energ\u00e9tica y el desarrollo de nuestro pa\u00eds: por eso trabajamos de manera comprometida con cada uno de los actores involucrados para hacer visible el reclamo y continuar el desarrollo nuclear en nuestra provincia&#8221;.<\/p>\n\n\n\n<p>Nucleoel\u00e9ctrica es la empresa estatal que se encarga de comercializar en el mercado el\u00e9ctrico minorista la energ\u00eda producida por sus plantas, en tanto que sus balances exhiben n\u00fameros positivos y es una referencia tambi\u00e9n a nivel internacional.<\/p>\n\n\n\n<p>En tanto, Ghioni resalt\u00f3: \u201cLa Argentina tiene una tradici\u00f3n nuclear muy importante, con cient\u00edficos reconocidos a nivel mundial por sus aportes. Lamentablemente, los planes del sector siempre se vieron interrumpidos por gestiones del mismo signo pol\u00edtico: como en otras oportunidades en el pasado, este Gobierno nacional vuelve a instalar en la agenda la idea de privatizar el sistema nuclear argentino\u201d.<\/p>\n\n\n\n<p>Participaron de la actividad el ministro de Trabajo, Walter Correa; el subsecretario de Ciencia, Tecnolog\u00eda e Innovaci\u00f3n, Federico Ag\u00fcero; su par de Industria y Pymes, Mariela Bembi; el director provincial de Vinculaci\u00f3n con el Sistema Cient\u00edfico y Universitario, Juan Brardinelli; el vicepresidente del Organismo de Control de Energ\u00eda El\u00e9ctrica (OCEBA), Roberto Daoud; la diputada nacional Adriana Serquis; los secretarios generales de la Federaci\u00f3n Argentina de Trabajadores de Luz y Fuerza (FATLYF), Guillermo Moser; de la CTA Aut\u00f3noma bonaerense, Oscar de Isasi; el presidente de la Comisi\u00f3n Nuclear de ADIMRA, Ricardo Castro Bernal; el expresidente de NASA, Jos\u00e9 Luis Antunez; el exdirector Isidro Baschar; el investigador de la Comisi\u00f3n Nacional de Energ\u00eda At\u00f3mica (CNEA), Rodolfo Kempf; y referentes del sector.<\/p>\n","protected":false},"excerpt":{"rendered":"<p>La actividad se desarroll&oacute; en el marco del intento del Gobierno nacional de privatizar la empresa p&uacute;blica Nucleoel&eacute;ctrica Argentina S.A. El gobernador de la provincia de Buenos Aires, Axel Kicillof, encabez&oacute; este lunes una reuni&oacute;n con referentes del sector de energ&iacute;a nuclear y representantes sindicales vinculados a la actividad. Fue en el Sal&oacute;n Dorado de &hellip; <\/p>\n","protected":false},"author":5,"featured_media":30511,"comment_status":"closed","ping_status":"closed","sticky":false,"template":"","format":"standard","meta":{"om_disable_all_campaigns":false,"_joinchat":[]},"categories":[4],"tags":[46,43,569],"featured_image_urls":{"full":["https:\/\/infotep.com.ar\/wp-content\/uploads\/2025\/12\/DSC2285.jpg",743,530,false],"thumbnail":["https:\/\/infotep.com.ar\/wp-content\/uploads\/2025\/12\/DSC2285-150x150.jpg",150,150,true],"medium":["https:\/\/infotep.com.ar\/wp-content\/uploads\/2025\/12\/DSC2285-300x214.jpg",300,214,true],"medium_large":["https:\/\/infotep.com.ar\/wp-content\/uploads\/2025\/12\/DSC2285.jpg",743,530,false],"large":["https:\/\/infotep.com.ar\/wp-content\/uploads\/2025\/12\/DSC2285.jpg",743,530,false],"1536x1536":["https:\/\/infotep.com.ar\/wp-content\/uploads\/2025\/12\/DSC2285.jpg",743,530,false],"2048x2048":["https:\/\/infotep.com.ar\/wp-content\/uploads\/2025\/12\/DSC2285.jpg",743,530,false],"blossom-feminine-slider":["https:\/\/infotep.com.ar\/wp-content\/uploads\/2025\/12\/DSC2285.jpg",743,530,false],"blossom-feminine-featured":["https:\/\/infotep.com.ar\/wp-content\/uploads\/2025\/12\/DSC2285.jpg",743,530,false],"blossom-feminine-with-sidebar":["https:\/\/infotep.com.ar\/wp-content\/uploads\/2025\/12\/DSC2285.jpg",743,530,false],"blossom-feminine-blog":["https:\/\/infotep.com.ar\/wp-content\/uploads\/2025\/12\/DSC2285-435x435.jpg",435,435,true],"blossom-feminine-cat":["https:\/\/infotep.com.ar\/wp-content\/uploads\/2025\/12\/DSC2285-450x300.jpg",450,300,true],"blossom-feminine-related":["https:\/\/infotep.com.ar\/wp-content\/uploads\/2025\/12\/DSC2285-320x200.jpg",320,200,true],"blossom-feminine-schema":["https:\/\/infotep.com.ar\/wp-content\/uploads\/2025\/12\/DSC2285-84x60.jpg",84,60,true],"blossom-mommy-blog-slider-big":["https:\/\/infotep.com.ar\/wp-content\/uploads\/2025\/12\/DSC2285.jpg",743,530,false],"blossom-mommy-blog-slider":["https:\/\/infotep.com.ar\/wp-content\/uploads\/2025\/12\/DSC2285-460x310.jpg",460,310,true],"blossom-mommy-blog-two":["https:\/\/infotep.com.ar\/wp-content\/uploads\/2025\/12\/DSC2285-743x480.jpg",743,480,true]},"author_info":{"info":["Angela Tobar"]},"category_info":"<a href=\"https:\/\/infotep.com.ar\/index.php\/category\/provinciales\/\" rel=\"category tag\">Provinciales<\/a>","tag_info":"Provinciales","comment_count":"0","_links":{"self":[{"href":"https:\/\/infotep.com.ar\/index.php\/wp-json\/wp\/v2\/posts\/30510"}],"collection":[{"href":"https:\/\/infotep.com.ar\/index.php\/wp-json\/wp\/v2\/posts"}],"about":[{"href":"https:\/\/infotep.com.ar\/index.php\/wp-json\/wp\/v2\/types\/post"}],"author":[{"embeddable":true,"href":"https:\/\/infotep.com.ar\/index.php\/wp-json\/wp\/v2\/users\/5"}],"replies":[{"embeddable":true,"href":"https:\/\/infotep.com.ar\/index.php\/wp-json\/wp\/v2\/comments?post=30510"}],"version-history":[{"count":1,"href":"https:\/\/infotep.com.ar\/index.php\/wp-json\/wp\/v2\/posts\/30510\/revisions"}],"predecessor-version":[{"id":30512,"href":"https:\/\/infotep.com.ar\/index.php\/wp-json\/wp\/v2\/posts\/30510\/revisions\/30512"}],"wp:featuredmedia":[{"embeddable":true,"href":"https:\/\/infotep.com.ar\/index.php\/wp-json\/wp\/v2\/media\/30511"}],"wp:attachment":[{"href":"https:\/\/infotep.com.ar\/index.php\/wp-json\/wp\/v2\/media?parent=30510"}],"wp:term":[{"taxonomy":"category","embeddable":true,"href":"https:\/\/infotep.com.ar\/index.php\/wp-json\/wp\/v2\/categories?post=30510"},{"taxonomy":"post_tag","embeddable":true,"href":"https:\/\/infotep.com.ar\/index.php\/wp-json\/wp\/v2\/tags?post=30510"}],"curies":[{"name":"wp","href":"https:\/\/api.w.org\/{rel}","templated":true}]}}