{"id":30513,"date":"2025-12-26T12:12:40","date_gmt":"2025-12-26T15:12:40","guid":{"rendered":"https:\/\/infotep.com.ar\/?p=30513"},"modified":"2025-12-26T12:12:40","modified_gmt":"2025-12-26T15:12:40","slug":"moreno-lee-y-escribe-participaron-mas-de-2-mil-ninas-y-ninos","status":"publish","type":"post","link":"https:\/\/infotep.com.ar\/index.php\/2025\/12\/26\/moreno-lee-y-escribe-participaron-mas-de-2-mil-ninas-y-ninos\/","title":{"rendered":"Moreno Lee y Escribe: participaron m\u00e1s de 2 mil ni\u00f1as y ni\u00f1os"},"content":{"rendered":"\n<p>Los encuentros se realizaron en 80 centros activos y adem\u00e1s, se formaron m\u00e1s de 200 alfabetizadores y alfabetizadoras<\/p>\n\n\n\n<p>La intendenta, Mariel Fern\u00e1ndez, encabez\u00f3 el cierre anual del Plan Municipal de Acompa\u00f1amiento a la Alfabetizaci\u00f3n Inicial \u201cMoreno Lee y Escribe\u201d, una pol\u00edtica p\u00fablica que durante 2025 alcanz\u00f3 a m\u00e1s de 2 mil ni\u00f1as y ni\u00f1os en todo el distrito, con el funcionamiento sostenido de 80 centros de alfabetizaci\u00f3n y la formaci\u00f3n de 200 alfabetizadores y alfabetizadoras distribuidos en 10 comisiones que abarcaron todas las localidades.<\/p>\n\n\n\n<p>Durante el cierre, la jefa comunal, expres\u00f3: \u201cMoreno Lee y Escribe es una pol\u00edtica que nos ha llenado de satisfacciones. Con un enorme voluntariado ofrecemos la acci\u00f3n m\u00e1s amorosa. La pedagog\u00eda de la ternura abraza a todas las infancias que necesitan de nuestro apoyo para aprender a leer y escribir\u201d, y agreg\u00f3: \u201cAnte la pedagog\u00eda de la crueldad, se puso de moda en Moreno la pedagog\u00eda de la ternura. El a\u00f1o termin\u00f3 con cansancio, pero tambi\u00e9n con felicidad por todo lo realizado\u201d.<\/p>\n\n\n\n<p>A partir de la experiencia y el aprendizaje adquirido durante el 2024, en 2025 el programa Moreno Lee y Escribe se ampli\u00f3 y consolid\u00f3 como una pol\u00edtica p\u00fablica central de alfabetizaci\u00f3n en el distrito. La propuesta, que inicialmente estuvo destinada a estudiantes de 4\u00b0, 5\u00b0y 6\u00b0 grado de la escuela primaria, incorpor\u00f3 a ni\u00f1as y ni\u00f1os de 1\u00b0, 2\u00b0 y 3\u00b0 grado lo que permiti\u00f3 alcanzar a todo el nivel primario.<\/p>\n\n\n\n<p>Durante el a\u00f1o, el Plan sostuvo espacios de alfabetizaci\u00f3n en \u00e1mbitos comunitarios como capillas, centros barriales y Salones de Usos M\u00faltiples (SUM) municipales. En cada uno de ellos, se garantiz\u00f3 el desayuno semanal para las infancias participantes y se proveyeron los insumos necesarios para su funcionamiento, mediante la adquisici\u00f3n de materiales de librer\u00eda, carteler\u00eda y recursos pedag\u00f3gicos orientados a la lectura y la escritura.<\/p>\n\n\n\n<p>El programa profundiz\u00f3 la formaci\u00f3n de alfabetizadores y alfabetizadoras mediante articulaciones con universidades y especialistas, lo que fortaleci\u00f3 las pr\u00e1cticas pedag\u00f3gicas y did\u00e1cticas. En ese marco, se impulsaron producciones infantiles de relatos, cuentos y poes\u00edas con vistas a su publicaci\u00f3n, se desarrollaron nuevos materiales educativos \u2014entre ellos juegos did\u00e1cticos orientados al desarrollo de habilidades lectoras y de escritura\u2014 y se destac\u00f3 el acompa\u00f1amiento de la Facultad de Filosof\u00eda y Letras de la Universidad de Buenos Aires, junto con el compromiso de alfabetizadores y alfabetizadoras, coordinadores pedag\u00f3gicos, formadores y equipos municipales, cuyo trabajo colectivo permiti\u00f3 la continuidad y el crecimiento del programa en todo el distrito.<\/p>\n\n\n\n<p>La iniciativa incluy\u00f3 salidas recreativas y educativas a museos, con eje en la alfabetizaci\u00f3n y el reconocimiento de la identidad cultural y la historia local y nacional, y contempl\u00f3 la cobertura de traslados y refrigerios para todas y todos los participantes. Asimismo, se incorporaron instrumentos de evaluaci\u00f3n para el seguimiento del Plan y se implement\u00f3 una experiencia piloto de alfabetizaci\u00f3n para j\u00f3venes y adultos en la Casa Joven de Sat\u00e9lite.<\/p>\n\n\n\n<p>En cuanto al acompa\u00f1amiento a quienes sostienen el programa, el Municipio mantuvo el convenio con la Red SUBE para el pago de vi\u00e1ticos a alfabetizadores y alfabetizadoras y elev\u00f3, a partir de septiembre, la transferencia mensual a 30.000 pesos<\/p>\n","protected":false},"excerpt":{"rendered":"<p>Los encuentros se realizaron en 80 centros activos y adem&aacute;s, se formaron m&aacute;s de 200 alfabetizadores y alfabetizadoras La intendenta, Mariel Fern&aacute;ndez, encabez&oacute; el cierre anual del Plan Municipal de Acompa&ntilde;amiento a la Alfabetizaci&oacute;n Inicial &ldquo;Moreno Lee y Escribe&rdquo;, una pol&iacute;tica p&uacute;blica que durante 2025 alcanz&oacute; a m&aacute;s de 2 mil ni&ntilde;as y ni&ntilde;os en &hellip; <\/p>\n","protected":false},"author":5,"featured_media":22689,"comment_status":"closed","ping_status":"closed","sticky":false,"template":"","format":"standard","meta":{"om_disable_all_campaigns":false,"_joinchat":[]},"categories":[31,85],"tags":[46,107,43,569],"featured_image_urls":{"full":["https:\/\/infotep.com.ar\/wp-content\/uploads\/2025\/04\/MORENO-LEE-Y-ESCRIBE3.jpg",1920,1080,false],"thumbnail":["https:\/\/infotep.com.ar\/wp-content\/uploads\/2025\/04\/MORENO-LEE-Y-ESCRIBE3-150x150.jpg",150,150,true],"medium":["https:\/\/infotep.com.ar\/wp-content\/uploads\/2025\/04\/MORENO-LEE-Y-ESCRIBE3-300x169.jpg",300,169,true],"medium_large":["https:\/\/infotep.com.ar\/wp-content\/uploads\/2025\/04\/MORENO-LEE-Y-ESCRIBE3-768x432.jpg",768,432,true],"large":["https:\/\/infotep.com.ar\/wp-content\/uploads\/2025\/04\/MORENO-LEE-Y-ESCRIBE3-1024x576.jpg",1020,574,true],"1536x1536":["https:\/\/infotep.com.ar\/wp-content\/uploads\/2025\/04\/MORENO-LEE-Y-ESCRIBE3-1536x864.jpg",1536,864,true],"2048x2048":["https:\/\/infotep.com.ar\/wp-content\/uploads\/2025\/04\/MORENO-LEE-Y-ESCRIBE3.jpg",1920,1080,false],"blossom-feminine-slider":["https:\/\/infotep.com.ar\/wp-content\/uploads\/2025\/04\/MORENO-LEE-Y-ESCRIBE3-1920x649.jpg",1920,649,true],"blossom-feminine-featured":["https:\/\/infotep.com.ar\/wp-content\/uploads\/2025\/04\/MORENO-LEE-Y-ESCRIBE3-1410x600.jpg",1410,600,true],"blossom-feminine-with-sidebar":["https:\/\/infotep.com.ar\/wp-content\/uploads\/2025\/04\/MORENO-LEE-Y-ESCRIBE3-1020x600.jpg",1020,600,true],"blossom-feminine-blog":["https:\/\/infotep.com.ar\/wp-content\/uploads\/2025\/04\/MORENO-LEE-Y-ESCRIBE3-435x435.jpg",435,435,true],"blossom-feminine-cat":["https:\/\/infotep.com.ar\/wp-content\/uploads\/2025\/04\/MORENO-LEE-Y-ESCRIBE3-450x300.jpg",450,300,true],"blossom-feminine-related":["https:\/\/infotep.com.ar\/wp-content\/uploads\/2025\/04\/MORENO-LEE-Y-ESCRIBE3-320x200.jpg",320,200,true],"blossom-feminine-schema":["https:\/\/infotep.com.ar\/wp-content\/uploads\/2025\/04\/MORENO-LEE-Y-ESCRIBE3-107x60.jpg",107,60,true],"blossom-mommy-blog-slider-big":["https:\/\/infotep.com.ar\/wp-content\/uploads\/2025\/04\/MORENO-LEE-Y-ESCRIBE3-920x650.jpg",920,650,true],"blossom-mommy-blog-slider":["https:\/\/infotep.com.ar\/wp-content\/uploads\/2025\/04\/MORENO-LEE-Y-ESCRIBE3-460x310.jpg",460,310,true],"blossom-mommy-blog-two":["https:\/\/infotep.com.ar\/wp-content\/uploads\/2025\/04\/MORENO-LEE-Y-ESCRIBE3-768x480.jpg",768,480,true]},"author_info":{"info":["Angela Tobar"]},"category_info":"<a href=\"https:\/\/infotep.com.ar\/index.php\/category\/destacadas\/\" rel=\"category tag\">Destacadas<\/a> <a href=\"https:\/\/infotep.com.ar\/index.php\/category\/municipales\/moreno\/\" rel=\"category tag\">Moreno<\/a>","tag_info":"Moreno","comment_count":"0","_links":{"self":[{"href":"https:\/\/infotep.com.ar\/index.php\/wp-json\/wp\/v2\/posts\/30513"}],"collection":[{"href":"https:\/\/infotep.com.ar\/index.php\/wp-json\/wp\/v2\/posts"}],"about":[{"href":"https:\/\/infotep.com.ar\/index.php\/wp-json\/wp\/v2\/types\/post"}],"author":[{"embeddable":true,"href":"https:\/\/infotep.com.ar\/index.php\/wp-json\/wp\/v2\/users\/5"}],"replies":[{"embeddable":true,"href":"https:\/\/infotep.com.ar\/index.php\/wp-json\/wp\/v2\/comments?post=30513"}],"version-history":[{"count":1,"href":"https:\/\/infotep.com.ar\/index.php\/wp-json\/wp\/v2\/posts\/30513\/revisions"}],"predecessor-version":[{"id":30514,"href":"https:\/\/infotep.com.ar\/index.php\/wp-json\/wp\/v2\/posts\/30513\/revisions\/30514"}],"wp:featuredmedia":[{"embeddable":true,"href":"https:\/\/infotep.com.ar\/index.php\/wp-json\/wp\/v2\/media\/22689"}],"wp:attachment":[{"href":"https:\/\/infotep.com.ar\/index.php\/wp-json\/wp\/v2\/media?parent=30513"}],"wp:term":[{"taxonomy":"category","embeddable":true,"href":"https:\/\/infotep.com.ar\/index.php\/wp-json\/wp\/v2\/categories?post=30513"},{"taxonomy":"post_tag","embeddable":true,"href":"https:\/\/infotep.com.ar\/index.php\/wp-json\/wp\/v2\/tags?post=30513"}],"curies":[{"name":"wp","href":"https:\/\/api.w.org\/{rel}","templated":true}]}}