{"id":30515,"date":"2025-12-26T00:13:00","date_gmt":"2025-12-26T03:13:00","guid":{"rendered":"https:\/\/infotep.com.ar\/?p=30515"},"modified":"2025-12-26T12:19:45","modified_gmt":"2025-12-26T15:19:45","slug":"universidad-del-oeste-celebro-un-nuevo-acto-de-colacion","status":"publish","type":"post","link":"https:\/\/infotep.com.ar\/index.php\/2025\/12\/26\/universidad-del-oeste-celebro-un-nuevo-acto-de-colacion\/","title":{"rendered":"Universidad del Oeste celebr\u00f3 un nuevo acto de colaci\u00f3n"},"content":{"rendered":"\n<p>El Intendente Gustavo Men\u00e9ndez, junto a autoridades municipales y acad\u00e9micas, encabez\u00f3 el acto de colaci\u00f3n de los graduados en \u201cDiplomatura Superior en Derecho y Constituci\u00f3n\u201d, que la UNO brinda junto a la Universidad de Bologna. Adem\u00e1s, se realiz\u00f3 la presentaci\u00f3n de la 5ta edici\u00f3n de la Revista Jur\u00eddica.<\/p>\n\n\n\n<p>La \u201cDiplomatura Superior en Derecho y Constituci\u00f3n\u201d fue dictada a partir de la vinculaci\u00f3n acad\u00e9mica de la Escuela de Ciencias Jur\u00eddicas, Pol\u00edticas y Sociales de la UNO, con la direcci\u00f3n del Prof. Jorge Alejandro Amaya y el Prof. Lucca Mezzetti, y el Departamento de Ciencias Jur\u00eddicas de la Universidad De Bologna (Alma Mater).<\/p>\n\n\n\n<p>\u201cEn Merlo es algo absolutamente in\u00e9dito, en la regi\u00f3n tambi\u00e9n: no s\u00e9 si en la Rep\u00fablica Argentina haya muchas instituciones que tengan un equipo tan joven pero con tantas medallas en el pecho\u201d, sostuvo el jefe comunal Gustavo Men\u00e9ndez.<\/p>\n\n\n\n<p>Por su parte, el Rector de la UNO, Gustavo Soos, afirm\u00f3 que \u201cPara una universidad p\u00fablica, que nuestros estudiantes accedan a un nivel de formaci\u00f3n conjunta con una de las instituciones m\u00e1s prestigiosas del mundo es motivo de enorme orgullo. Cada diploma refleja esfuerzo, constancia y tiempo de dedicaci\u00f3n. Pero tambi\u00e9n expresa el trabajo de una universidad que crece, apuesta por el conocimiento, que sabe que la educaci\u00f3n p\u00fablica de calidad transforma vidas y sociedades\u201d.<\/p>\n\n\n\n<p>En este marco, se llev\u00f3 a cabo la presentaci\u00f3n de la 5\u00b0 edici\u00f3n de la revista jur\u00eddica de la UNO, en esta ocasi\u00f3n dedicada a la ni\u00f1ez y la adolescencia. Participaron la Sec. Judicial del Consejo de la Magistratura CABA-FOFECMA Victoria Ric\u00e1pito, y de la Presidenta de la Mesa Ind\u00edgena HCD San Pedro, Carash\u00e9 Nal\u00e1.<\/p>\n","protected":false},"excerpt":{"rendered":"<p>El Intendente Gustavo Men&eacute;ndez, junto a autoridades municipales y acad&eacute;micas, encabez&oacute; el acto de colaci&oacute;n de los graduados en &ldquo;Diplomatura Superior en Derecho y Constituci&oacute;n&rdquo;, que la UNO brinda junto a la Universidad de Bologna. Adem&aacute;s, se realiz&oacute; la presentaci&oacute;n de la 5ta edici&oacute;n de la Revista Jur&iacute;dica. La &ldquo;Diplomatura Superior en Derecho y Constituci&oacute;n&rdquo; &hellip; <\/p>\n","protected":false},"author":5,"featured_media":30516,"comment_status":"closed","ping_status":"closed","sticky":false,"template":"","format":"standard","meta":{"om_disable_all_campaigns":false,"_joinchat":[]},"categories":[6],"tags":[46,43,569],"featured_image_urls":{"full":["https:\/\/infotep.com.ar\/wp-content\/uploads\/2025\/12\/Mas-egresados-en-la-UNO-3.jpg",1024,577,false],"thumbnail":["https:\/\/infotep.com.ar\/wp-content\/uploads\/2025\/12\/Mas-egresados-en-la-UNO-3-150x150.jpg",150,150,true],"medium":["https:\/\/infotep.com.ar\/wp-content\/uploads\/2025\/12\/Mas-egresados-en-la-UNO-3-300x169.jpg",300,169,true],"medium_large":["https:\/\/infotep.com.ar\/wp-content\/uploads\/2025\/12\/Mas-egresados-en-la-UNO-3-768x433.jpg",768,433,true],"large":["https:\/\/infotep.com.ar\/wp-content\/uploads\/2025\/12\/Mas-egresados-en-la-UNO-3.jpg",1020,575,false],"1536x1536":["https:\/\/infotep.com.ar\/wp-content\/uploads\/2025\/12\/Mas-egresados-en-la-UNO-3.jpg",1024,577,false],"2048x2048":["https:\/\/infotep.com.ar\/wp-content\/uploads\/2025\/12\/Mas-egresados-en-la-UNO-3.jpg",1024,577,false],"blossom-feminine-slider":["https:\/\/infotep.com.ar\/wp-content\/uploads\/2025\/12\/Mas-egresados-en-la-UNO-3.jpg",1024,577,false],"blossom-feminine-featured":["https:\/\/infotep.com.ar\/wp-content\/uploads\/2025\/12\/Mas-egresados-en-la-UNO-3.jpg",1024,577,false],"blossom-feminine-with-sidebar":["https:\/\/infotep.com.ar\/wp-content\/uploads\/2025\/12\/Mas-egresados-en-la-UNO-3-1020x577.jpg",1020,577,true],"blossom-feminine-blog":["https:\/\/infotep.com.ar\/wp-content\/uploads\/2025\/12\/Mas-egresados-en-la-UNO-3-435x435.jpg",435,435,true],"blossom-feminine-cat":["https:\/\/infotep.com.ar\/wp-content\/uploads\/2025\/12\/Mas-egresados-en-la-UNO-3-450x300.jpg",450,300,true],"blossom-feminine-related":["https:\/\/infotep.com.ar\/wp-content\/uploads\/2025\/12\/Mas-egresados-en-la-UNO-3-320x200.jpg",320,200,true],"blossom-feminine-schema":["https:\/\/infotep.com.ar\/wp-content\/uploads\/2025\/12\/Mas-egresados-en-la-UNO-3-106x60.jpg",106,60,true],"blossom-mommy-blog-slider-big":["https:\/\/infotep.com.ar\/wp-content\/uploads\/2025\/12\/Mas-egresados-en-la-UNO-3-920x577.jpg",920,577,true],"blossom-mommy-blog-slider":["https:\/\/infotep.com.ar\/wp-content\/uploads\/2025\/12\/Mas-egresados-en-la-UNO-3-460x310.jpg",460,310,true],"blossom-mommy-blog-two":["https:\/\/infotep.com.ar\/wp-content\/uploads\/2025\/12\/Mas-egresados-en-la-UNO-3-768x480.jpg",768,480,true]},"author_info":{"info":["Angela Tobar"]},"category_info":"<a href=\"https:\/\/infotep.com.ar\/index.php\/category\/universitarias\/\" rel=\"category tag\">Universitarias<\/a>","tag_info":"Universitarias","comment_count":"0","_links":{"self":[{"href":"https:\/\/infotep.com.ar\/index.php\/wp-json\/wp\/v2\/posts\/30515"}],"collection":[{"href":"https:\/\/infotep.com.ar\/index.php\/wp-json\/wp\/v2\/posts"}],"about":[{"href":"https:\/\/infotep.com.ar\/index.php\/wp-json\/wp\/v2\/types\/post"}],"author":[{"embeddable":true,"href":"https:\/\/infotep.com.ar\/index.php\/wp-json\/wp\/v2\/users\/5"}],"replies":[{"embeddable":true,"href":"https:\/\/infotep.com.ar\/index.php\/wp-json\/wp\/v2\/comments?post=30515"}],"version-history":[{"count":1,"href":"https:\/\/infotep.com.ar\/index.php\/wp-json\/wp\/v2\/posts\/30515\/revisions"}],"predecessor-version":[{"id":30517,"href":"https:\/\/infotep.com.ar\/index.php\/wp-json\/wp\/v2\/posts\/30515\/revisions\/30517"}],"wp:featuredmedia":[{"embeddable":true,"href":"https:\/\/infotep.com.ar\/index.php\/wp-json\/wp\/v2\/media\/30516"}],"wp:attachment":[{"href":"https:\/\/infotep.com.ar\/index.php\/wp-json\/wp\/v2\/media?parent=30515"}],"wp:term":[{"taxonomy":"category","embeddable":true,"href":"https:\/\/infotep.com.ar\/index.php\/wp-json\/wp\/v2\/categories?post=30515"},{"taxonomy":"post_tag","embeddable":true,"href":"https:\/\/infotep.com.ar\/index.php\/wp-json\/wp\/v2\/tags?post=30515"}],"curies":[{"name":"wp","href":"https:\/\/api.w.org\/{rel}","templated":true}]}}