{"id":30532,"date":"2025-12-27T13:00:37","date_gmt":"2025-12-27T16:00:37","guid":{"rendered":"https:\/\/infotep.com.ar\/?p=30532"},"modified":"2025-12-27T13:00:37","modified_gmt":"2025-12-27T16:00:37","slug":"el-senado-convirtio-en-ley-el-presupuesto-2026-de-milei-con-apoyo-de-dialoguistas-y-peronistas","status":"publish","type":"post","link":"https:\/\/infotep.com.ar\/index.php\/2025\/12\/27\/el-senado-convirtio-en-ley-el-presupuesto-2026-de-milei-con-apoyo-de-dialoguistas-y-peronistas\/","title":{"rendered":"El Senado convirti\u00f3 en ley el Presupuesto 2026 de Milei con apoyo de dialoguistas y peronistas"},"content":{"rendered":"\n<p>El Senado convirti\u00f3 en ley este viernes el Presupuesto 2026 en una extensa sesi\u00f3n de esta manera el presidente Javier Milei contar\u00e1 con la denominada \u201cley de leyes\u201d en dos a\u00f1os de gesti\u00f3n.<\/p>\n\n\n\n<p>La votaci\u00f3n en general fue aprobada por 46 afirmativos, 25 negativos y una abstenci\u00f3n. Adem\u00e1s de los senadores del oficialismo, acompa\u00f1aron la iniciativa los bloques de la Uni\u00f3n C\u00edvica Radical, PRO, un pu\u00f1ado de peronistas referenciados en el bloque Convicci\u00f3n Federal y senadores con terminales en gobernadores o que juegan libres en la C\u00e1mara alta.<\/p>\n\n\n\n<p>Por su parte, el bloque Justicialista, que lidera Jos\u00e9 Mayans, alineado con la ex presidenta Cristina Kirchner, se opuso en su totalidad al texto que hab\u00eda conseguido la media sanci\u00f3n la semana pasada en la C\u00e1mara de Diputados, lugar donde le fue retaceado el Cap\u00edtulo 11 que conten\u00eda la derogaci\u00f3n de las leyes de Emergencia en Discapacidad y Financiamiento Universitario.<\/p>\n\n\n\n<p>El Cap\u00edtulo 2 del Presupuesto, que suscitaba grandes dudas dentro del espectro de los aliados, fue aprobado por 42 votos afirmativos, 28 negativos y solo dos abstenciones. El texto en particular conten\u00eda dos art\u00edculos de la discordia: el 12 y el 30.<\/p>\n\n\n\n<p><strong>El art\u00edculo 12 fija que las universidades nacionales tendr\u00e1n recursos en el orden de 4,8 billones de pesos, pero tambi\u00e9n requisitos para que las casas de estudio puedan acceder a los recursos.<\/strong><\/p>\n\n\n\n<p class=\"has-light-green-cyan-background-color has-background\">El 30 dispone la derogaci\u00f3n del punto de la ley de Educaci\u00f3n donde se establece que deber\u00e1 destinarse un 6% del PBI a ese rubro, del financiamiento de la ley de Ciencia y T\u00e9cnica que establece un aumento progresivo hasta llegar al 1%del PBI en el 2032, y del 0,2% de los gastos corrientes del presupuesto educativo para los colegios t\u00e9cnicos.<\/p>\n\n\n\n<p>Con este resultado, la Casa Rosada se alz\u00f3 con un gran triunfo antes de cerrar un 2025 legislativo magro, donde no pudo contrarrestar los embates opositores. La nueva composici\u00f3n en ambas c\u00e1maras, luego de ganar las elecciones de medio t\u00e9rmino en octubre, le dio un fuerte empuj\u00f3n a Milei para impulsar un Presupuesto casi a su medida.<\/p>\n","protected":false},"excerpt":{"rendered":"<p>El Senado convirti&oacute; en ley este viernes el Presupuesto 2026 en una extensa sesi&oacute;n de esta manera el presidente Javier Milei contar&aacute; con la denominada &ldquo;ley de leyes&rdquo; en dos a&ntilde;os de gesti&oacute;n. La votaci&oacute;n en general fue aprobada por 46 afirmativos, 25 negativos y una abstenci&oacute;n. Adem&aacute;s de los senadores del oficialismo, acompa&ntilde;aron la &hellip; <\/p>\n","protected":false},"author":5,"featured_media":29873,"comment_status":"closed","ping_status":"closed","sticky":false,"template":"","format":"standard","meta":{"om_disable_all_campaigns":false,"_joinchat":[]},"categories":[31,3],"tags":[46,43,569],"featured_image_urls":{"full":["https:\/\/infotep.com.ar\/wp-content\/uploads\/2025\/11\/Senado-vista-aerea-202509178_CDA01_SESION.webp",750,500,false],"thumbnail":["https:\/\/infotep.com.ar\/wp-content\/uploads\/2025\/11\/Senado-vista-aerea-202509178_CDA01_SESION-150x150.webp",150,150,true],"medium":["https:\/\/infotep.com.ar\/wp-content\/uploads\/2025\/11\/Senado-vista-aerea-202509178_CDA01_SESION-300x200.webp",300,200,true],"medium_large":["https:\/\/infotep.com.ar\/wp-content\/uploads\/2025\/11\/Senado-vista-aerea-202509178_CDA01_SESION.webp",750,500,false],"large":["https:\/\/infotep.com.ar\/wp-content\/uploads\/2025\/11\/Senado-vista-aerea-202509178_CDA01_SESION.webp",750,500,false],"1536x1536":["https:\/\/infotep.com.ar\/wp-content\/uploads\/2025\/11\/Senado-vista-aerea-202509178_CDA01_SESION.webp",750,500,false],"2048x2048":["https:\/\/infotep.com.ar\/wp-content\/uploads\/2025\/11\/Senado-vista-aerea-202509178_CDA01_SESION.webp",750,500,false],"blossom-feminine-slider":["https:\/\/infotep.com.ar\/wp-content\/uploads\/2025\/11\/Senado-vista-aerea-202509178_CDA01_SESION.webp",750,500,false],"blossom-feminine-featured":["https:\/\/infotep.com.ar\/wp-content\/uploads\/2025\/11\/Senado-vista-aerea-202509178_CDA01_SESION.webp",750,500,false],"blossom-feminine-with-sidebar":["https:\/\/infotep.com.ar\/wp-content\/uploads\/2025\/11\/Senado-vista-aerea-202509178_CDA01_SESION.webp",750,500,false],"blossom-feminine-blog":["https:\/\/infotep.com.ar\/wp-content\/uploads\/2025\/11\/Senado-vista-aerea-202509178_CDA01_SESION-435x435.webp",435,435,true],"blossom-feminine-cat":["https:\/\/infotep.com.ar\/wp-content\/uploads\/2025\/11\/Senado-vista-aerea-202509178_CDA01_SESION-450x300.webp",450,300,true],"blossom-feminine-related":["https:\/\/infotep.com.ar\/wp-content\/uploads\/2025\/11\/Senado-vista-aerea-202509178_CDA01_SESION-320x200.webp",320,200,true],"blossom-feminine-schema":["https:\/\/infotep.com.ar\/wp-content\/uploads\/2025\/11\/Senado-vista-aerea-202509178_CDA01_SESION-90x60.webp",90,60,true],"blossom-mommy-blog-slider-big":["https:\/\/infotep.com.ar\/wp-content\/uploads\/2025\/11\/Senado-vista-aerea-202509178_CDA01_SESION.webp",750,500,false],"blossom-mommy-blog-slider":["https:\/\/infotep.com.ar\/wp-content\/uploads\/2025\/11\/Senado-vista-aerea-202509178_CDA01_SESION-460x310.webp",460,310,true],"blossom-mommy-blog-two":["https:\/\/infotep.com.ar\/wp-content\/uploads\/2025\/11\/Senado-vista-aerea-202509178_CDA01_SESION-750x480.webp",750,480,true]},"author_info":{"info":["Angela Tobar"]},"category_info":"<a href=\"https:\/\/infotep.com.ar\/index.php\/category\/destacadas\/\" rel=\"category tag\">Destacadas<\/a> <a href=\"https:\/\/infotep.com.ar\/index.php\/category\/nacionales\/\" rel=\"category tag\">Nacionales<\/a>","tag_info":"Nacionales","comment_count":"0","_links":{"self":[{"href":"https:\/\/infotep.com.ar\/index.php\/wp-json\/wp\/v2\/posts\/30532"}],"collection":[{"href":"https:\/\/infotep.com.ar\/index.php\/wp-json\/wp\/v2\/posts"}],"about":[{"href":"https:\/\/infotep.com.ar\/index.php\/wp-json\/wp\/v2\/types\/post"}],"author":[{"embeddable":true,"href":"https:\/\/infotep.com.ar\/index.php\/wp-json\/wp\/v2\/users\/5"}],"replies":[{"embeddable":true,"href":"https:\/\/infotep.com.ar\/index.php\/wp-json\/wp\/v2\/comments?post=30532"}],"version-history":[{"count":1,"href":"https:\/\/infotep.com.ar\/index.php\/wp-json\/wp\/v2\/posts\/30532\/revisions"}],"predecessor-version":[{"id":30533,"href":"https:\/\/infotep.com.ar\/index.php\/wp-json\/wp\/v2\/posts\/30532\/revisions\/30533"}],"wp:featuredmedia":[{"embeddable":true,"href":"https:\/\/infotep.com.ar\/index.php\/wp-json\/wp\/v2\/media\/29873"}],"wp:attachment":[{"href":"https:\/\/infotep.com.ar\/index.php\/wp-json\/wp\/v2\/media?parent=30532"}],"wp:term":[{"taxonomy":"category","embeddable":true,"href":"https:\/\/infotep.com.ar\/index.php\/wp-json\/wp\/v2\/categories?post=30532"},{"taxonomy":"post_tag","embeddable":true,"href":"https:\/\/infotep.com.ar\/index.php\/wp-json\/wp\/v2\/tags?post=30532"}],"curies":[{"name":"wp","href":"https:\/\/api.w.org\/{rel}","templated":true}]}}