{"id":30534,"date":"2025-12-27T13:18:41","date_gmt":"2025-12-27T16:18:41","guid":{"rendered":"https:\/\/infotep.com.ar\/?p=30534"},"modified":"2025-12-27T13:19:00","modified_gmt":"2025-12-27T16:19:00","slug":"kicillof-recorrio-las-obras-de-ampliacion-en-el-hospital-mariano-y-luciano-de-la-vega-en-moreno","status":"publish","type":"post","link":"https:\/\/infotep.com.ar\/index.php\/2025\/12\/27\/kicillof-recorrio-las-obras-de-ampliacion-en-el-hospital-mariano-y-luciano-de-la-vega-en-moreno\/","title":{"rendered":"Kicillof recorri\u00f3 las obras de ampliaci\u00f3n en el Hospital \u201cMariano y Luciano de la Vega\u201d en Moreno"},"content":{"rendered":"\n<p>Adem\u00e1s, el Gobernador puso en funcionamiento tres ambulancias de alta complejidad junto al ministro Kreplak.<\/p>\n\n\n\n<p>El gobernador de la provincia de Buenos Aires, Axel Kicillof, recorri\u00f3 este viernes las obras de ampliaci\u00f3n en el Hospital Zonal General de Agudos \u201cMariano y Luciano de la Vega\u201d en el municipio de Moreno, donde adem\u00e1s entreg\u00f3 tres ambulancias de alta complejidad, con las cuales complet\u00f3 las 425 unidades entregadas desde el inicio de la gesti\u00f3n. Fue junto al ministro de Salud, Nicol\u00e1s Kreplak; la intendenta local, Mariel Fern\u00e1ndez; y el director asociado del hospital, Mat\u00edas Provenzano.<\/p>\n\n\n\n<p><strong>En ese marco, Kicillof destac\u00f3: \u201cEste es el resultado de un plan que iniciamos apenas llegamos a la provincia: despu\u00e9s de muchos a\u00f1os de desinversi\u00f3n, nos llena de orgullo poder reinaugurar quir\u00f3fanos y mejorar las instalaciones de los hospitales p\u00fablicos bonaerenses\u201d. \u201cEste esfuerzo vale doble porque ahora lo hacemos con un Gobierno nacional que quiere destruir al Estado desde adentro: en este fin de a\u00f1o quiero agradecerles a todos los trabajadores de la salud que, a pesar de las dificultades, nunca les dicen a sus vecinos que no hay plata y siempre est\u00e1n preparados para tender una mano\u201d, a\u00f1adi\u00f3.<\/strong><\/p>\n\n\n\n<p>\u201cEs de p\u00fablico conocimiento que el Presidente no quiere recibirnos. Yo s\u00e9 por qu\u00e9 lo hace: sabe que ir\u00edamos a reclamar los equipos que se necesitan en este hospital y todos los dem\u00e1s recursos que les debe a los y las bonaerenses\u201d, sostuvo el Gobernador y se\u00f1al\u00f3: \u201cMilei debe comprender que nunca va a contar con nuestra obediencia porque estamos convencidos de que sus ideas no traen nada bueno para la provincia de Buenos Aires\u201d.<\/p>\n\n\n\n<p>La ampliaci\u00f3n contempla cuatro nuevos consultorios externos destinados a las unidades de urolog\u00eda y cuidados paliativos, y obras en las \u00e1reas de quir\u00f3fano y en el pr\u00f3ximo servicio de hemodinamia. El proyecto incluy\u00f3 tambi\u00e9n remodelaciones en los sectores de internaci\u00f3n y esterilizaci\u00f3n, y nuevas salas de pediatr\u00eda y gineco-obstetricia; que permitieron mejorar en un 30% la capacidad de respuesta del hospital en esas \u00e1reas clave.<\/p>\n\n\n\n<p>Por su parte, Kreplak afirm\u00f3: \u201cEstamos muy orgullosos de lo que ha cambiado el Hospital de Moreno en estos seis a\u00f1os: no fue casualidad, fue gracias al compromiso del Gobierno provincial de invertir sumas hist\u00f3ricas en el mantenimiento y la mejora del sistema de salud p\u00fablico\u201d. \u201cAdem\u00e1s, para lograr una red sanitaria al alcance de todos, el servicio de ambulancias era clave: con las de hoy, alcanzamos las 425 entregadas desde 2019 en toda la Provincia\u201d, a\u00f1adi\u00f3.<\/p>\n\n\n\n<p>Durante la jornada, las autoridades entregaron dos ambulancias de alta complejidad para disposici\u00f3n del municipio y una para el Hospital materno \u201cEstela de Carlotto\u201d. Al respecto, la intendenta Fern\u00e1ndez remarc\u00f3: \u201cNecesit\u00e1bamos de estas obras y de las nuevas ambulancias para seguir cuidando a la poblaci\u00f3n de Moreno: en este contexto tan dif\u00edcil, en el que estamos abandonados por el Gobierno nacional, solo pod\u00edamos lograrlo gracias al esfuerzo y la articulaci\u00f3n permanente entre el municipio y la Provincia\u201d.<\/p>\n\n\n\n<p>\u201cEstamos muy contentos porque las obras de ampliaci\u00f3n fueron indispensables para mejorar el transitar de todos los usuarios por las instalaciones, y ahora estas nuevas ambulancias vienen a potenciar la calidad de atenci\u00f3n a toda nuestra comunidad\u201d, subray\u00f3 Provenzano.<\/p>\n\n\n\n<p>Por \u00faltimo, Kicillof resalt\u00f3: \u201cEstamos orgullosos de poder decir que, a diferencia del Gobierno Nacional, cada esfuerzo que hacemos est\u00e1 pensado para que haya m\u00e1s salud, educaci\u00f3n y trabajo\u201d.<\/p>\n\n\n\n<p>Estuvieron presentes la jefa de Asesores del Gobernador, Cristina \u00c1lvarez Rodr\u00edguez; los ministros de Gobierno, Carlos Bianco; y de Trabajo, Walter Correa; el subsecretario de Transporte Terrestre, Dami\u00e1n Contreras; la diputada provincial Noelia Saavedra; el presidente del Concejo Deliberante Emmanuel Fern\u00e1ndez; el director de la Regi\u00f3n Sanitaria VII, Emmanuel \u00c1lvarez; los directores asociados del hospital Federico Cristofanetti y Soledad Fern\u00e1ndez; funcionarias y funcionarios locales.<\/p>\n","protected":false},"excerpt":{"rendered":"<p>Adem&aacute;s, el Gobernador puso en funcionamiento tres ambulancias de alta complejidad junto al ministro Kreplak. El gobernador de la provincia de Buenos Aires, Axel Kicillof, recorri&oacute; este viernes las obras de ampliaci&oacute;n en el Hospital Zonal General de Agudos &ldquo;Mariano y Luciano de la Vega&rdquo; en el municipio de Moreno, donde adem&aacute;s entreg&oacute; tres ambulancias &hellip; <\/p>\n","protected":false},"author":5,"featured_media":30535,"comment_status":"closed","ping_status":"closed","sticky":false,"template":"","format":"standard","meta":{"om_disable_all_campaigns":false,"_joinchat":[]},"categories":[85,4],"tags":[46,107,43,569],"featured_image_urls":{"full":["https:\/\/infotep.com.ar\/wp-content\/uploads\/2025\/12\/AR15084ed.jpg",743,530,false],"thumbnail":["https:\/\/infotep.com.ar\/wp-content\/uploads\/2025\/12\/AR15084ed-150x150.jpg",150,150,true],"medium":["https:\/\/infotep.com.ar\/wp-content\/uploads\/2025\/12\/AR15084ed-300x214.jpg",300,214,true],"medium_large":["https:\/\/infotep.com.ar\/wp-content\/uploads\/2025\/12\/AR15084ed.jpg",743,530,false],"large":["https:\/\/infotep.com.ar\/wp-content\/uploads\/2025\/12\/AR15084ed.jpg",743,530,false],"1536x1536":["https:\/\/infotep.com.ar\/wp-content\/uploads\/2025\/12\/AR15084ed.jpg",743,530,false],"2048x2048":["https:\/\/infotep.com.ar\/wp-content\/uploads\/2025\/12\/AR15084ed.jpg",743,530,false],"blossom-feminine-slider":["https:\/\/infotep.com.ar\/wp-content\/uploads\/2025\/12\/AR15084ed.jpg",743,530,false],"blossom-feminine-featured":["https:\/\/infotep.com.ar\/wp-content\/uploads\/2025\/12\/AR15084ed.jpg",743,530,false],"blossom-feminine-with-sidebar":["https:\/\/infotep.com.ar\/wp-content\/uploads\/2025\/12\/AR15084ed.jpg",743,530,false],"blossom-feminine-blog":["https:\/\/infotep.com.ar\/wp-content\/uploads\/2025\/12\/AR15084ed-435x435.jpg",435,435,true],"blossom-feminine-cat":["https:\/\/infotep.com.ar\/wp-content\/uploads\/2025\/12\/AR15084ed-450x300.jpg",450,300,true],"blossom-feminine-related":["https:\/\/infotep.com.ar\/wp-content\/uploads\/2025\/12\/AR15084ed-320x200.jpg",320,200,true],"blossom-feminine-schema":["https:\/\/infotep.com.ar\/wp-content\/uploads\/2025\/12\/AR15084ed-84x60.jpg",84,60,true],"blossom-mommy-blog-slider-big":["https:\/\/infotep.com.ar\/wp-content\/uploads\/2025\/12\/AR15084ed.jpg",743,530,false],"blossom-mommy-blog-slider":["https:\/\/infotep.com.ar\/wp-content\/uploads\/2025\/12\/AR15084ed-460x310.jpg",460,310,true],"blossom-mommy-blog-two":["https:\/\/infotep.com.ar\/wp-content\/uploads\/2025\/12\/AR15084ed-743x480.jpg",743,480,true]},"author_info":{"info":["Angela Tobar"]},"category_info":"<a href=\"https:\/\/infotep.com.ar\/index.php\/category\/municipales\/moreno\/\" rel=\"category tag\">Moreno<\/a> <a href=\"https:\/\/infotep.com.ar\/index.php\/category\/provinciales\/\" rel=\"category tag\">Provinciales<\/a>","tag_info":"Provinciales","comment_count":"0","_links":{"self":[{"href":"https:\/\/infotep.com.ar\/index.php\/wp-json\/wp\/v2\/posts\/30534"}],"collection":[{"href":"https:\/\/infotep.com.ar\/index.php\/wp-json\/wp\/v2\/posts"}],"about":[{"href":"https:\/\/infotep.com.ar\/index.php\/wp-json\/wp\/v2\/types\/post"}],"author":[{"embeddable":true,"href":"https:\/\/infotep.com.ar\/index.php\/wp-json\/wp\/v2\/users\/5"}],"replies":[{"embeddable":true,"href":"https:\/\/infotep.com.ar\/index.php\/wp-json\/wp\/v2\/comments?post=30534"}],"version-history":[{"count":1,"href":"https:\/\/infotep.com.ar\/index.php\/wp-json\/wp\/v2\/posts\/30534\/revisions"}],"predecessor-version":[{"id":30536,"href":"https:\/\/infotep.com.ar\/index.php\/wp-json\/wp\/v2\/posts\/30534\/revisions\/30536"}],"wp:featuredmedia":[{"embeddable":true,"href":"https:\/\/infotep.com.ar\/index.php\/wp-json\/wp\/v2\/media\/30535"}],"wp:attachment":[{"href":"https:\/\/infotep.com.ar\/index.php\/wp-json\/wp\/v2\/media?parent=30534"}],"wp:term":[{"taxonomy":"category","embeddable":true,"href":"https:\/\/infotep.com.ar\/index.php\/wp-json\/wp\/v2\/categories?post=30534"},{"taxonomy":"post_tag","embeddable":true,"href":"https:\/\/infotep.com.ar\/index.php\/wp-json\/wp\/v2\/tags?post=30534"}],"curies":[{"name":"wp","href":"https:\/\/api.w.org\/{rel}","templated":true}]}}