{"id":30560,"date":"2025-12-29T01:58:53","date_gmt":"2025-12-29T04:58:53","guid":{"rendered":"https:\/\/infotep.com.ar\/?p=30560"},"modified":"2025-12-29T01:58:54","modified_gmt":"2025-12-29T04:58:54","slug":"neuquen-confirmo-dos-casos-de-gripe-h3n2","status":"publish","type":"post","link":"https:\/\/infotep.com.ar\/index.php\/2025\/12\/29\/neuquen-confirmo-dos-casos-de-gripe-h3n2\/","title":{"rendered":"Neuqu\u00e9n confirm\u00f3 dos casos de Gripe H3N2"},"content":{"rendered":"\n<p>Las autoridades del Ministerio de Salud provincial comunicaron que los pacientes ya recibieron el alta m\u00e9dica y que no hay circulaci\u00f3n comunitaria.<br><br>El Ministerio de Salud de Neuqu\u00e9n confirm\u00f3 dos casos de Gripe H3N2 y en conferencia de prensa informaron que los pacientes ya recibieron el alta m\u00e9dica y tranquilizaron a los vecinos al sostener que no hay circulaci\u00f3n comunitaria.<\/p>\n\n\n\n<p>En un contexto de aumento de la actividad del virus a nivel internacional durante los \u00faltimos meses, Mart\u00edn Regueiro, actual ministro de Salud provincial, confirm\u00f3 la detecci\u00f3n de dos casos de influenza A(H3N2) subclado K en Neuqu\u00e9n.<\/p>\n\n\n\n<p>El funcionario explic\u00f3 que ambos pacientes requirieron internaci\u00f3n por neumon\u00eda, pero evolucionaron favorablemente y ya recibieron el alta m\u00e9dica.<\/p>\n\n\n\n<p>Un punto importante, mencionado durante la conferencia, es que se tratan de casos aislados y que hasta el momento \u201cno hay evidencia de transmisi\u00f3n comunitaria sostenida en Neuqu\u00e9n\u201d, conforme a los datos a los que accedi\u00f3 la Agencia Noticias Argentinas.<\/p>\n\n\n\n<p>El subclado K del virus influenza A(H3N2) ya fue detectado en varios pa\u00edses del mundo, aunque por ahora no se observ\u00f3 una mayor gravedad cl\u00ednica asociada a esta variante, ni un aumento de hospitalizaciones o fallecimientos en relaci\u00f3n con temporadas previas.<\/p>\n\n\n\n<p>\u201cEl sistema de vigilancia epidemiol\u00f3gica y virol\u00f3gica de la provincia se encuentra reforzado, monitoreando de manera permanente la situaci\u00f3n\u201d, sostuvo Regueiro, quien remarc\u00f3 que no se trata de una situaci\u00f3n de alarma, sino de un evento que est\u00e1 siendo controlado de forma oportuna y eficaz.<\/p>\n\n\n\n<p><strong>Medidas de prevenci\u00f3n<br><\/strong>Las autoridades sanitarias neuquinas insisten en la importancia de mantener las medidas de prevenci\u00f3n habituales:<\/p>\n\n\n\n<p>Mantener al d\u00eda la vacunaci\u00f3n antigripal, especialmente en grupos de riesgo: personas gestantes en cualquier etapa del embarazo, personas pu\u00e9rperas, ni\u00f1as y ni\u00f1os de 6 a 24 meses inclusive, ni\u00f1as y ni\u00f1os de 2 a 8 a\u00f1os inclusive con factores de riesgo, personas de 9 a 64 a\u00f1os con factores de riesgo, tales como enfermedades card\u00edacas, respiratorias o renales, inmunosupresi\u00f3n, obesidad o diabetes; y personas mayores de 65 a\u00f1os.<br>Lavarse frecuentemente las manos.<br>Ventilar los ambientes.<br>Cubrirse al toser o estornudar.<br>Ante s\u00edntomas respiratorios, quedarse en casa y consultar al sistema de salud, sobre todo si se pertenece a un grupo de riesgo<\/p>\n","protected":false},"excerpt":{"rendered":"<p>Las autoridades del Ministerio de Salud provincial comunicaron que los pacientes ya recibieron el alta m&eacute;dica y que no hay circulaci&oacute;n comunitaria. El Ministerio de Salud de Neuqu&eacute;n confirm&oacute; dos casos de Gripe H3N2 y en conferencia de prensa informaron que los pacientes ya recibieron el alta m&eacute;dica y tranquilizaron a los vecinos al sostener &hellip; <\/p>\n","protected":false},"author":5,"featured_media":30561,"comment_status":"closed","ping_status":"closed","sticky":false,"template":"","format":"standard","meta":{"om_disable_all_campaigns":false,"_joinchat":[]},"categories":[4],"tags":[46,43,569],"featured_image_urls":{"full":["https:\/\/infotep.com.ar\/wp-content\/uploads\/2025\/12\/720-1-1.webp",1081,720,false],"thumbnail":["https:\/\/infotep.com.ar\/wp-content\/uploads\/2025\/12\/720-1-1-150x150.webp",150,150,true],"medium":["https:\/\/infotep.com.ar\/wp-content\/uploads\/2025\/12\/720-1-1-300x200.webp",300,200,true],"medium_large":["https:\/\/infotep.com.ar\/wp-content\/uploads\/2025\/12\/720-1-1-768x512.webp",768,512,true],"large":["https:\/\/infotep.com.ar\/wp-content\/uploads\/2025\/12\/720-1-1-1024x682.webp",1020,679,true],"1536x1536":["https:\/\/infotep.com.ar\/wp-content\/uploads\/2025\/12\/720-1-1.webp",1081,720,false],"2048x2048":["https:\/\/infotep.com.ar\/wp-content\/uploads\/2025\/12\/720-1-1.webp",1081,720,false],"blossom-feminine-slider":["https:\/\/infotep.com.ar\/wp-content\/uploads\/2025\/12\/720-1-1-1081x649.webp",1081,649,true],"blossom-feminine-featured":["https:\/\/infotep.com.ar\/wp-content\/uploads\/2025\/12\/720-1-1-1081x600.webp",1081,600,true],"blossom-feminine-with-sidebar":["https:\/\/infotep.com.ar\/wp-content\/uploads\/2025\/12\/720-1-1-1020x600.webp",1020,600,true],"blossom-feminine-blog":["https:\/\/infotep.com.ar\/wp-content\/uploads\/2025\/12\/720-1-1-435x435.webp",435,435,true],"blossom-feminine-cat":["https:\/\/infotep.com.ar\/wp-content\/uploads\/2025\/12\/720-1-1-450x300.webp",450,300,true],"blossom-feminine-related":["https:\/\/infotep.com.ar\/wp-content\/uploads\/2025\/12\/720-1-1-320x200.webp",320,200,true],"blossom-feminine-schema":["https:\/\/infotep.com.ar\/wp-content\/uploads\/2025\/12\/720-1-1-90x60.webp",90,60,true],"blossom-mommy-blog-slider-big":["https:\/\/infotep.com.ar\/wp-content\/uploads\/2025\/12\/720-1-1-920x650.webp",920,650,true],"blossom-mommy-blog-slider":["https:\/\/infotep.com.ar\/wp-content\/uploads\/2025\/12\/720-1-1-460x310.webp",460,310,true],"blossom-mommy-blog-two":["https:\/\/infotep.com.ar\/wp-content\/uploads\/2025\/12\/720-1-1-768x480.webp",768,480,true]},"author_info":{"info":["Angela Tobar"]},"category_info":"<a href=\"https:\/\/infotep.com.ar\/index.php\/category\/provinciales\/\" rel=\"category tag\">Provinciales<\/a>","tag_info":"Provinciales","comment_count":"0","_links":{"self":[{"href":"https:\/\/infotep.com.ar\/index.php\/wp-json\/wp\/v2\/posts\/30560"}],"collection":[{"href":"https:\/\/infotep.com.ar\/index.php\/wp-json\/wp\/v2\/posts"}],"about":[{"href":"https:\/\/infotep.com.ar\/index.php\/wp-json\/wp\/v2\/types\/post"}],"author":[{"embeddable":true,"href":"https:\/\/infotep.com.ar\/index.php\/wp-json\/wp\/v2\/users\/5"}],"replies":[{"embeddable":true,"href":"https:\/\/infotep.com.ar\/index.php\/wp-json\/wp\/v2\/comments?post=30560"}],"version-history":[{"count":1,"href":"https:\/\/infotep.com.ar\/index.php\/wp-json\/wp\/v2\/posts\/30560\/revisions"}],"predecessor-version":[{"id":30562,"href":"https:\/\/infotep.com.ar\/index.php\/wp-json\/wp\/v2\/posts\/30560\/revisions\/30562"}],"wp:featuredmedia":[{"embeddable":true,"href":"https:\/\/infotep.com.ar\/index.php\/wp-json\/wp\/v2\/media\/30561"}],"wp:attachment":[{"href":"https:\/\/infotep.com.ar\/index.php\/wp-json\/wp\/v2\/media?parent=30560"}],"wp:term":[{"taxonomy":"category","embeddable":true,"href":"https:\/\/infotep.com.ar\/index.php\/wp-json\/wp\/v2\/categories?post=30560"},{"taxonomy":"post_tag","embeddable":true,"href":"https:\/\/infotep.com.ar\/index.php\/wp-json\/wp\/v2\/tags?post=30560"}],"curies":[{"name":"wp","href":"https:\/\/api.w.org\/{rel}","templated":true}]}}