{"id":30577,"date":"2025-12-29T00:35:00","date_gmt":"2025-12-29T03:35:00","guid":{"rendered":"https:\/\/infotep.com.ar\/?p=30577"},"modified":"2025-12-29T02:37:38","modified_gmt":"2025-12-29T05:37:38","slug":"ex-trabajadores-de-segba-rechazaron-el-plan-del-gobierno-para-privatizar-la-empresa-de-energia-transener","status":"publish","type":"post","link":"https:\/\/infotep.com.ar\/index.php\/2025\/12\/29\/ex-trabajadores-de-segba-rechazaron-el-plan-del-gobierno-para-privatizar-la-empresa-de-energia-transener\/","title":{"rendered":"Ex trabajadores de SEGBA rechazaron el plan del Gobierno para privatizar la empresa de energ\u00eda, Transener"},"content":{"rendered":"\n<p><br>Es la principal transportista de energ\u00eda el\u00e9ctrica en alta tensi\u00f3n del pa\u00eds. Piden resguardarla del desguace y la privatizaci\u00f3n \u00absimilar a los a\u00f1os \u00b490\u00bb por considerarla \u00abestrat\u00e9gica\u00bb.<br><br>Ex trabajadores de SEGBA apuntaron contra el plan de privatizaci\u00f3n de la empresa transportista de energ\u00eda el\u00e9ctrica de alta tensi\u00f3n, Transener.<\/p>\n\n\n\n<p>La empresa, creada con los activos de las empresas estatales SEGBA (Servicios el\u00e9ctricos del Gran Buenos Aires), Agua y Energ\u00eda El\u00e9ctrica (AyEE) e Hidronor, empresas estrat\u00e9gicas del Estado que fueron desguazadas y privatizadas durante la d\u00e9cada de 1990 mediante las leyes de privatizaci\u00f3n del menemismo 23.696 y 24.065, est\u00e1 en proceso de privatizaci\u00f3n como parte del plan del gobierno de Javier Milei.<\/p>\n\n\n\n<p>\u00abEste proceso, entreg\u00f3 el control de sectores estrat\u00e9gicos a intereses privados, generando un da\u00f1o econ\u00f3mico y social profundo que persiste hasta hoy\u00ab, sostienen en un comunicado y apuntan que \u00aba\u00fan m\u00e1s grave, el Estado argentino mantiene una deuda hist\u00f3rica con los trabajadores de estas empresas privatizadas por el incumplimiento del Programa de Propiedad Participada (PPP), que deb\u00eda garantizar una participaci\u00f3n accionaria en favor de los empleados\u00ab.<\/p>\n","protected":false},"excerpt":{"rendered":"<p>Es la principal transportista de energ&iacute;a el&eacute;ctrica en alta tensi&oacute;n del pa&iacute;s. Piden resguardarla del desguace y la privatizaci&oacute;n &laquo;similar a los a&ntilde;os &acute;90&raquo; por considerarla &laquo;estrat&eacute;gica&raquo;. Ex trabajadores de SEGBA apuntaron contra el plan de privatizaci&oacute;n de la empresa transportista de energ&iacute;a el&eacute;ctrica de alta tensi&oacute;n, Transener. La empresa, creada con los activos de &hellip; <\/p>\n","protected":false},"author":5,"featured_media":30578,"comment_status":"closed","ping_status":"closed","sticky":false,"template":"","format":"standard","meta":{"om_disable_all_campaigns":false,"_joinchat":[]},"categories":[7],"tags":[46,43,569],"featured_image_urls":{"full":["https:\/\/infotep.com.ar\/wp-content\/uploads\/2025\/12\/ReclamoextrabajadorsCorreoSegbaFuentRosannaPascale-1-belen-mogno.jpg",1200,900,false],"thumbnail":["https:\/\/infotep.com.ar\/wp-content\/uploads\/2025\/12\/ReclamoextrabajadorsCorreoSegbaFuentRosannaPascale-1-belen-mogno-150x150.jpg",150,150,true],"medium":["https:\/\/infotep.com.ar\/wp-content\/uploads\/2025\/12\/ReclamoextrabajadorsCorreoSegbaFuentRosannaPascale-1-belen-mogno-300x225.jpg",300,225,true],"medium_large":["https:\/\/infotep.com.ar\/wp-content\/uploads\/2025\/12\/ReclamoextrabajadorsCorreoSegbaFuentRosannaPascale-1-belen-mogno-768x576.jpg",768,576,true],"large":["https:\/\/infotep.com.ar\/wp-content\/uploads\/2025\/12\/ReclamoextrabajadorsCorreoSegbaFuentRosannaPascale-1-belen-mogno-1024x768.jpg",1020,765,true],"1536x1536":["https:\/\/infotep.com.ar\/wp-content\/uploads\/2025\/12\/ReclamoextrabajadorsCorreoSegbaFuentRosannaPascale-1-belen-mogno.jpg",1200,900,false],"2048x2048":["https:\/\/infotep.com.ar\/wp-content\/uploads\/2025\/12\/ReclamoextrabajadorsCorreoSegbaFuentRosannaPascale-1-belen-mogno.jpg",1200,900,false],"blossom-feminine-slider":["https:\/\/infotep.com.ar\/wp-content\/uploads\/2025\/12\/ReclamoextrabajadorsCorreoSegbaFuentRosannaPascale-1-belen-mogno-1200x649.jpg",1200,649,true],"blossom-feminine-featured":["https:\/\/infotep.com.ar\/wp-content\/uploads\/2025\/12\/ReclamoextrabajadorsCorreoSegbaFuentRosannaPascale-1-belen-mogno-1200x600.jpg",1200,600,true],"blossom-feminine-with-sidebar":["https:\/\/infotep.com.ar\/wp-content\/uploads\/2025\/12\/ReclamoextrabajadorsCorreoSegbaFuentRosannaPascale-1-belen-mogno-1020x600.jpg",1020,600,true],"blossom-feminine-blog":["https:\/\/infotep.com.ar\/wp-content\/uploads\/2025\/12\/ReclamoextrabajadorsCorreoSegbaFuentRosannaPascale-1-belen-mogno-435x435.jpg",435,435,true],"blossom-feminine-cat":["https:\/\/infotep.com.ar\/wp-content\/uploads\/2025\/12\/ReclamoextrabajadorsCorreoSegbaFuentRosannaPascale-1-belen-mogno-450x300.jpg",450,300,true],"blossom-feminine-related":["https:\/\/infotep.com.ar\/wp-content\/uploads\/2025\/12\/ReclamoextrabajadorsCorreoSegbaFuentRosannaPascale-1-belen-mogno-320x200.jpg",320,200,true],"blossom-feminine-schema":["https:\/\/infotep.com.ar\/wp-content\/uploads\/2025\/12\/ReclamoextrabajadorsCorreoSegbaFuentRosannaPascale-1-belen-mogno-80x60.jpg",80,60,true],"blossom-mommy-blog-slider-big":["https:\/\/infotep.com.ar\/wp-content\/uploads\/2025\/12\/ReclamoextrabajadorsCorreoSegbaFuentRosannaPascale-1-belen-mogno-920x650.jpg",920,650,true],"blossom-mommy-blog-slider":["https:\/\/infotep.com.ar\/wp-content\/uploads\/2025\/12\/ReclamoextrabajadorsCorreoSegbaFuentRosannaPascale-1-belen-mogno-460x310.jpg",460,310,true],"blossom-mommy-blog-two":["https:\/\/infotep.com.ar\/wp-content\/uploads\/2025\/12\/ReclamoextrabajadorsCorreoSegbaFuentRosannaPascale-1-belen-mogno-768x480.jpg",768,480,true]},"author_info":{"info":["Angela Tobar"]},"category_info":"<a href=\"https:\/\/infotep.com.ar\/index.php\/category\/gremios\/\" rel=\"category tag\">Gremios<\/a>","tag_info":"Gremios","comment_count":"0","_links":{"self":[{"href":"https:\/\/infotep.com.ar\/index.php\/wp-json\/wp\/v2\/posts\/30577"}],"collection":[{"href":"https:\/\/infotep.com.ar\/index.php\/wp-json\/wp\/v2\/posts"}],"about":[{"href":"https:\/\/infotep.com.ar\/index.php\/wp-json\/wp\/v2\/types\/post"}],"author":[{"embeddable":true,"href":"https:\/\/infotep.com.ar\/index.php\/wp-json\/wp\/v2\/users\/5"}],"replies":[{"embeddable":true,"href":"https:\/\/infotep.com.ar\/index.php\/wp-json\/wp\/v2\/comments?post=30577"}],"version-history":[{"count":1,"href":"https:\/\/infotep.com.ar\/index.php\/wp-json\/wp\/v2\/posts\/30577\/revisions"}],"predecessor-version":[{"id":30579,"href":"https:\/\/infotep.com.ar\/index.php\/wp-json\/wp\/v2\/posts\/30577\/revisions\/30579"}],"wp:featuredmedia":[{"embeddable":true,"href":"https:\/\/infotep.com.ar\/index.php\/wp-json\/wp\/v2\/media\/30578"}],"wp:attachment":[{"href":"https:\/\/infotep.com.ar\/index.php\/wp-json\/wp\/v2\/media?parent=30577"}],"wp:term":[{"taxonomy":"category","embeddable":true,"href":"https:\/\/infotep.com.ar\/index.php\/wp-json\/wp\/v2\/categories?post=30577"},{"taxonomy":"post_tag","embeddable":true,"href":"https:\/\/infotep.com.ar\/index.php\/wp-json\/wp\/v2\/tags?post=30577"}],"curies":[{"name":"wp","href":"https:\/\/api.w.org\/{rel}","templated":true}]}}