{"id":30638,"date":"2026-01-02T02:54:07","date_gmt":"2026-01-02T05:54:07","guid":{"rendered":"https:\/\/infotep.com.ar\/?p=30638"},"modified":"2026-01-02T03:18:19","modified_gmt":"2026-01-02T06:18:19","slug":"mas-de-70-distritos-participaron-de-los-talleres-de-comunicacion-durante-2025","status":"publish","type":"post","link":"https:\/\/infotep.com.ar\/index.php\/2026\/01\/02\/mas-de-70-distritos-participaron-de-los-talleres-de-comunicacion-durante-2025\/","title":{"rendered":"M\u00e1s de 70 distritos participaron de los talleres de comunicaci\u00f3n durante 2025"},"content":{"rendered":"\n<p>La formaci\u00f3n de agentes y responsables de prensa de los partidos creci\u00f3 un 50% respecto al a\u00f1o anterior.<\/p>\n\n\n\n<p><strong>El Ministerio de Comunicaci\u00f3n P\u00fablica cerr\u00f3 el a\u00f1o de formaci\u00f3n destinado a agentes y responsables de prensa de los municipios con un crecimiento del 50% en la participaci\u00f3n respecto al 2024. Los talleres impulsados por la ministra Jesica Rey llegaron en 2025 a 500 trabajadores de 70 distritos, consolidando una pol\u00edtica de capacitaci\u00f3n que se sostiene desde el inicio de la gesti\u00f3n.<\/strong><\/p>\n\n\n\n<p>En el eje de formaci\u00f3n presencial se desarroll\u00f3 el curso \u201cComunicaci\u00f3n Institucional\u201d a trav\u00e9s de encuentros en 13 localidades, alcanzando a 250 personas capacitadas. Estos talleres, que forman parte de una l\u00ednea de trabajo territorial ininterrumpida desde 2020, permiten profundizar en las particularidades de la gesti\u00f3n local y el v\u00ednculo con la comunidad.<\/p>\n\n\n\n<p>Por otro lado, la oferta virtual alcanz\u00f3 a 250 participantes de 70 municipios mediante los cursos \u201cTikTok en la mira: comunicaci\u00f3n y pol\u00edtica en 60 segundos\u201d (dictado en dos cohortes), \u201cInstagram estrat\u00e9gico: pol\u00edtica local en formato visual\u201d y \u201cHerramientas de Comunicaci\u00f3n para Municipios I\u201d. Estas instancias digitales facilitaron la actualizaci\u00f3n t\u00e9cnica en m\u00e9tricas, algoritmos y nuevos lenguajes visuales para los equipos de prensa municipales.<\/p>\n\n\n\n<p>Y se inform\u00f3 que de cara a 2026 se proyecta continuar y ampliar el esquema de capacitaciones presenciales y virtuales para llegar a cada vez m\u00e1s distritos de la provincia. Toda la informaci\u00f3n sobre la agenda, formularios de inscripci\u00f3n y materiales de consulta se encuentra disponible en la web gba.gob.ar\/politicas-de-comunicacion.<\/p>\n","protected":false},"excerpt":{"rendered":"<p>La formaci&oacute;n de agentes y responsables de prensa de los partidos creci&oacute; un 50% respecto al a&ntilde;o anterior. El Ministerio de Comunicaci&oacute;n P&uacute;blica cerr&oacute; el a&ntilde;o de formaci&oacute;n destinado a agentes y responsables de prensa de los municipios con un crecimiento del 50% en la participaci&oacute;n respecto al 2024. Los talleres impulsados por la ministra &hellip; <\/p>\n","protected":false},"author":5,"featured_media":30639,"comment_status":"closed","ping_status":"closed","sticky":false,"template":"","format":"standard","meta":{"om_disable_all_campaigns":false,"_joinchat":[]},"categories":[5,4],"tags":[46,43,569],"featured_image_urls":{"full":["https:\/\/infotep.com.ar\/wp-content\/uploads\/2026\/01\/DSC06199ed.jpg",743,530,false],"thumbnail":["https:\/\/infotep.com.ar\/wp-content\/uploads\/2026\/01\/DSC06199ed-150x150.jpg",150,150,true],"medium":["https:\/\/infotep.com.ar\/wp-content\/uploads\/2026\/01\/DSC06199ed-300x214.jpg",300,214,true],"medium_large":["https:\/\/infotep.com.ar\/wp-content\/uploads\/2026\/01\/DSC06199ed.jpg",743,530,false],"large":["https:\/\/infotep.com.ar\/wp-content\/uploads\/2026\/01\/DSC06199ed.jpg",743,530,false],"1536x1536":["https:\/\/infotep.com.ar\/wp-content\/uploads\/2026\/01\/DSC06199ed.jpg",743,530,false],"2048x2048":["https:\/\/infotep.com.ar\/wp-content\/uploads\/2026\/01\/DSC06199ed.jpg",743,530,false],"blossom-feminine-slider":["https:\/\/infotep.com.ar\/wp-content\/uploads\/2026\/01\/DSC06199ed.jpg",743,530,false],"blossom-feminine-featured":["https:\/\/infotep.com.ar\/wp-content\/uploads\/2026\/01\/DSC06199ed.jpg",743,530,false],"blossom-feminine-with-sidebar":["https:\/\/infotep.com.ar\/wp-content\/uploads\/2026\/01\/DSC06199ed.jpg",743,530,false],"blossom-feminine-blog":["https:\/\/infotep.com.ar\/wp-content\/uploads\/2026\/01\/DSC06199ed-435x435.jpg",435,435,true],"blossom-feminine-cat":["https:\/\/infotep.com.ar\/wp-content\/uploads\/2026\/01\/DSC06199ed-450x300.jpg",450,300,true],"blossom-feminine-related":["https:\/\/infotep.com.ar\/wp-content\/uploads\/2026\/01\/DSC06199ed-320x200.jpg",320,200,true],"blossom-feminine-schema":["https:\/\/infotep.com.ar\/wp-content\/uploads\/2026\/01\/DSC06199ed-84x60.jpg",84,60,true],"blossom-mommy-blog-slider-big":["https:\/\/infotep.com.ar\/wp-content\/uploads\/2026\/01\/DSC06199ed.jpg",743,530,false],"blossom-mommy-blog-slider":["https:\/\/infotep.com.ar\/wp-content\/uploads\/2026\/01\/DSC06199ed-460x310.jpg",460,310,true],"blossom-mommy-blog-two":["https:\/\/infotep.com.ar\/wp-content\/uploads\/2026\/01\/DSC06199ed-743x480.jpg",743,480,true]},"author_info":{"info":["Angela Tobar"]},"category_info":"<a href=\"https:\/\/infotep.com.ar\/index.php\/category\/municipales\/\" rel=\"category tag\">Municipales<\/a> <a href=\"https:\/\/infotep.com.ar\/index.php\/category\/provinciales\/\" rel=\"category tag\">Provinciales<\/a>","tag_info":"Provinciales","comment_count":"0","_links":{"self":[{"href":"https:\/\/infotep.com.ar\/index.php\/wp-json\/wp\/v2\/posts\/30638"}],"collection":[{"href":"https:\/\/infotep.com.ar\/index.php\/wp-json\/wp\/v2\/posts"}],"about":[{"href":"https:\/\/infotep.com.ar\/index.php\/wp-json\/wp\/v2\/types\/post"}],"author":[{"embeddable":true,"href":"https:\/\/infotep.com.ar\/index.php\/wp-json\/wp\/v2\/users\/5"}],"replies":[{"embeddable":true,"href":"https:\/\/infotep.com.ar\/index.php\/wp-json\/wp\/v2\/comments?post=30638"}],"version-history":[{"count":1,"href":"https:\/\/infotep.com.ar\/index.php\/wp-json\/wp\/v2\/posts\/30638\/revisions"}],"predecessor-version":[{"id":30640,"href":"https:\/\/infotep.com.ar\/index.php\/wp-json\/wp\/v2\/posts\/30638\/revisions\/30640"}],"wp:featuredmedia":[{"embeddable":true,"href":"https:\/\/infotep.com.ar\/index.php\/wp-json\/wp\/v2\/media\/30639"}],"wp:attachment":[{"href":"https:\/\/infotep.com.ar\/index.php\/wp-json\/wp\/v2\/media?parent=30638"}],"wp:term":[{"taxonomy":"category","embeddable":true,"href":"https:\/\/infotep.com.ar\/index.php\/wp-json\/wp\/v2\/categories?post=30638"},{"taxonomy":"post_tag","embeddable":true,"href":"https:\/\/infotep.com.ar\/index.php\/wp-json\/wp\/v2\/tags?post=30638"}],"curies":[{"name":"wp","href":"https:\/\/api.w.org\/{rel}","templated":true}]}}