{"id":30641,"date":"2026-01-02T02:55:57","date_gmt":"2026-01-02T05:55:57","guid":{"rendered":"https:\/\/infotep.com.ar\/?p=30641"},"modified":"2026-01-02T03:19:02","modified_gmt":"2026-01-02T06:19:02","slug":"30641","status":"publish","type":"post","link":"https:\/\/infotep.com.ar\/index.php\/2026\/01\/02\/30641\/","title":{"rendered":"La Provincia destac\u00f3 el &#8220;crecimiento exponencial&#8221; de los egresados de los Centro de Formaci\u00f3n Laboral"},"content":{"rendered":"\n<p>M\u00e1s de 111 mil bonaerenses egresaron de los Centros de Formaci\u00f3n Laboral en 2025, un 35% m\u00e1s que el a\u00f1o anterior<\/p>\n\n\n\n<p>En 2025, m\u00e1s de 111 mil bonaerenses finalizaron cursos de formaci\u00f3n laboral, un 35% m\u00e1s que el a\u00f1o anterior. La pol\u00edtica es impulsada por el Ministerio de Trabajo bonaerense y consolida a la capacitaci\u00f3n gratuita como una herramienta clave para el empleo.<\/p>\n\n\n\n<p><strong>La Provincia de Buenos Aires registr\u00f3 en 2025 un crecimiento exponencial en la cantidad de egresados y egresadas de los Centros de Formaci\u00f3n Laboral (CFL), consolidando una pol\u00edtica p\u00fablica estrat\u00e9gica para el fortalecimiento del empleo y la formaci\u00f3n profesional en todo el territorio bonaerense.<\/strong><\/p>\n\n\n\n<p>Seg\u00fan datos oficiales, durante el \u00faltimo a\u00f1o se alcanzaron m\u00e1s de 111 mil certificaciones, frente a las 82 mil registradas en 2024, lo que representa un incremento interanual cercano al 35%.<\/p>\n\n\n\n<p>La pol\u00edtica es llevada adelante por el Ministerio de Trabajo de la Provincia de Buenos Aires, encabezado por el ministro Walter Correa, y se implementa a trav\u00e9s del Instituto Provincial de Formaci\u00f3n Laboral (IPFL).<\/p>\n\n\n\n<p>En este contexto, Correa se\u00f1al\u00f3: \u201cEstos n\u00fameros no son casualidad, son el resultado de una decisi\u00f3n pol\u00edtica del gobernador Axel Kicillof y de este Ministerio de poner la formaci\u00f3n profesional al servicio del trabajo y la producci\u00f3n. En la Provincia de Buenos Aires creemos que el Estado tiene que estar presente, capacitando y generando oportunidades reales para las y los trabajadores\u201d.<\/p>\n\n\n\n<p class=\"has-light-green-cyan-background-color has-background\">Durante 2025, el sistema cont\u00f3 con 222 Centros de Formaci\u00f3n Laboral y 1.131 subsedes, con presencia en 124 municipios y una cobertura territorial del 91,8%, posicionando a la Provincia como una de las jurisdicciones con mayor alcance en pol\u00edticas de capacitaci\u00f3n para el trabajo.<\/p>\n\n\n\n<p>En total, se dictaron m\u00e1s de 8.500 cursos distribuidos en 30 familias profesionales, con fuerte demanda en \u00e1reas como administraci\u00f3n y comercializaci\u00f3n, inform\u00e1tica, gastronom\u00eda, industria alimentaria, energ\u00eda y seguridad e higiene, entre otras.<\/p>\n\n\n\n<p>Desde el Ministerio de Trabajo bonaerense destacaron que estos resultados reflejan una decisi\u00f3n pol\u00edtica de fortalecer la formaci\u00f3n profesional como herramienta de inclusi\u00f3n laboral y mejora de las condiciones de empleo, en articulaci\u00f3n con sindicatos, organizaciones sociales y municipios, y en funci\u00f3n de las demandas de los sectores socio-productivos locales y regionales.<\/p>\n\n\n\n<p>\u201cLa formaci\u00f3n profesional crece como respuesta a la crisis laboral. Por eso impulsamos un Estado provincial presente y una articulaci\u00f3n permanente con los actores del trabajo para que las pol\u00edticas p\u00fablicas lleguen a cada rinc\u00f3n de la provincia\u201d, concluy\u00f3 el Ministro.<\/p>\n","protected":false},"excerpt":{"rendered":"<p>M&aacute;s de 111 mil bonaerenses egresaron de los Centros de Formaci&oacute;n Laboral en 2025, un 35% m&aacute;s que el a&ntilde;o anterior En 2025, m&aacute;s de 111 mil bonaerenses finalizaron cursos de formaci&oacute;n laboral, un 35% m&aacute;s que el a&ntilde;o anterior. La pol&iacute;tica es impulsada por el Ministerio de Trabajo bonaerense y consolida a la capacitaci&oacute;n &hellip; <\/p>\n","protected":false},"author":5,"featured_media":27919,"comment_status":"closed","ping_status":"closed","sticky":false,"template":"","format":"standard","meta":{"om_disable_all_campaigns":false,"_joinchat":[]},"categories":[4],"tags":[46,43,569],"featured_image_urls":{"full":["https:\/\/infotep.com.ar\/wp-content\/uploads\/2025\/09\/capacitaciones-3-1024x683-1.jpeg",1024,683,false],"thumbnail":["https:\/\/infotep.com.ar\/wp-content\/uploads\/2025\/09\/capacitaciones-3-1024x683-1-150x150.jpeg",150,150,true],"medium":["https:\/\/infotep.com.ar\/wp-content\/uploads\/2025\/09\/capacitaciones-3-1024x683-1-300x200.jpeg",300,200,true],"medium_large":["https:\/\/infotep.com.ar\/wp-content\/uploads\/2025\/09\/capacitaciones-3-1024x683-1-768x512.jpeg",768,512,true],"large":["https:\/\/infotep.com.ar\/wp-content\/uploads\/2025\/09\/capacitaciones-3-1024x683-1.jpeg",1020,680,false],"1536x1536":["https:\/\/infotep.com.ar\/wp-content\/uploads\/2025\/09\/capacitaciones-3-1024x683-1.jpeg",1024,683,false],"2048x2048":["https:\/\/infotep.com.ar\/wp-content\/uploads\/2025\/09\/capacitaciones-3-1024x683-1.jpeg",1024,683,false],"blossom-feminine-slider":["https:\/\/infotep.com.ar\/wp-content\/uploads\/2025\/09\/capacitaciones-3-1024x683-1-1024x649.jpeg",1024,649,true],"blossom-feminine-featured":["https:\/\/infotep.com.ar\/wp-content\/uploads\/2025\/09\/capacitaciones-3-1024x683-1-1024x600.jpeg",1024,600,true],"blossom-feminine-with-sidebar":["https:\/\/infotep.com.ar\/wp-content\/uploads\/2025\/09\/capacitaciones-3-1024x683-1-1020x600.jpeg",1020,600,true],"blossom-feminine-blog":["https:\/\/infotep.com.ar\/wp-content\/uploads\/2025\/09\/capacitaciones-3-1024x683-1-435x435.jpeg",435,435,true],"blossom-feminine-cat":["https:\/\/infotep.com.ar\/wp-content\/uploads\/2025\/09\/capacitaciones-3-1024x683-1-450x300.jpeg",450,300,true],"blossom-feminine-related":["https:\/\/infotep.com.ar\/wp-content\/uploads\/2025\/09\/capacitaciones-3-1024x683-1-320x200.jpeg",320,200,true],"blossom-feminine-schema":["https:\/\/infotep.com.ar\/wp-content\/uploads\/2025\/09\/capacitaciones-3-1024x683-1-90x60.jpeg",90,60,true],"blossom-mommy-blog-slider-big":["https:\/\/infotep.com.ar\/wp-content\/uploads\/2025\/09\/capacitaciones-3-1024x683-1-920x650.jpeg",920,650,true],"blossom-mommy-blog-slider":["https:\/\/infotep.com.ar\/wp-content\/uploads\/2025\/09\/capacitaciones-3-1024x683-1-460x310.jpeg",460,310,true],"blossom-mommy-blog-two":["https:\/\/infotep.com.ar\/wp-content\/uploads\/2025\/09\/capacitaciones-3-1024x683-1-768x480.jpeg",768,480,true]},"author_info":{"info":["Angela Tobar"]},"category_info":"<a href=\"https:\/\/infotep.com.ar\/index.php\/category\/provinciales\/\" rel=\"category tag\">Provinciales<\/a>","tag_info":"Provinciales","comment_count":"0","_links":{"self":[{"href":"https:\/\/infotep.com.ar\/index.php\/wp-json\/wp\/v2\/posts\/30641"}],"collection":[{"href":"https:\/\/infotep.com.ar\/index.php\/wp-json\/wp\/v2\/posts"}],"about":[{"href":"https:\/\/infotep.com.ar\/index.php\/wp-json\/wp\/v2\/types\/post"}],"author":[{"embeddable":true,"href":"https:\/\/infotep.com.ar\/index.php\/wp-json\/wp\/v2\/users\/5"}],"replies":[{"embeddable":true,"href":"https:\/\/infotep.com.ar\/index.php\/wp-json\/wp\/v2\/comments?post=30641"}],"version-history":[{"count":2,"href":"https:\/\/infotep.com.ar\/index.php\/wp-json\/wp\/v2\/posts\/30641\/revisions"}],"predecessor-version":[{"id":30658,"href":"https:\/\/infotep.com.ar\/index.php\/wp-json\/wp\/v2\/posts\/30641\/revisions\/30658"}],"wp:featuredmedia":[{"embeddable":true,"href":"https:\/\/infotep.com.ar\/index.php\/wp-json\/wp\/v2\/media\/27919"}],"wp:attachment":[{"href":"https:\/\/infotep.com.ar\/index.php\/wp-json\/wp\/v2\/media?parent=30641"}],"wp:term":[{"taxonomy":"category","embeddable":true,"href":"https:\/\/infotep.com.ar\/index.php\/wp-json\/wp\/v2\/categories?post=30641"},{"taxonomy":"post_tag","embeddable":true,"href":"https:\/\/infotep.com.ar\/index.php\/wp-json\/wp\/v2\/tags?post=30641"}],"curies":[{"name":"wp","href":"https:\/\/api.w.org\/{rel}","templated":true}]}}