{"id":30643,"date":"2026-01-02T02:57:25","date_gmt":"2026-01-02T05:57:25","guid":{"rendered":"https:\/\/infotep.com.ar\/?p=30643"},"modified":"2026-01-02T02:57:25","modified_gmt":"2026-01-02T05:57:25","slug":"la-provincia-y-la-unaj-firmaron-un-convenio-para-impulsar-microcertificaciones","status":"publish","type":"post","link":"https:\/\/infotep.com.ar\/index.php\/2026\/01\/02\/la-provincia-y-la-unaj-firmaron-un-convenio-para-impulsar-microcertificaciones\/","title":{"rendered":"La Provincia y la UNAJ firmaron un convenio para impulsar microcertificaciones"},"content":{"rendered":"\n<p>El ministro Bianco y el rector Arnaldo Medina suscribieron un acuerdo para potenciar el reconocimiento de las capacidades de las y los trabajadores bonaerenses y fortalecer el v\u00ednculo entre el sistema universitario y el sector productivo.<\/p>\n\n\n\n<p>El ministro de Gobierno de la provincia de Buenos Aires, Carlos Bianco, firm\u00f3 un convenio con el rector de la Universidad Nacional Arturo Jauretche (UNAJ), Arnaldo Medina, en el marco del Programa Bonaerense de Microcertificaciones, una iniciativa que tiene como objetivo potenciar las oportunidades de empleo y el reconocimiento de las capacidades de las y los trabajadores bonaerenses y, al mismo tiempo, fortalecer el v\u00ednculo entre el sistema universitario y el sector productivo.<\/p>\n\n\n\n<p>En el acto de suscripci\u00f3n del acuerdo tambi\u00e9n participaron los intendentes de Florencio Varela, Andr\u00e9s Watson, y de Berazategui, Carlos Balor.<\/p>\n\n\n\n<p><strong>Las microcertificaciones son una herramienta innovadora que permite certificar saberes espec\u00edficos y validar habilidades adquiridas tanto en \u00e1mbitos formales como no formales. Puesto en marcha en noviembre de 2025 por el Gobierno provincial como parte del programa Puentes, el Programa Bonaerense de Microcertificaciones busca impulsar trayectorias formativas flexibles e inclusivas adaptadas a los desaf\u00edos del mundo del trabajo, que respondan a las necesidades de desarrollo de la provincia de Buenos Aires.<\/strong><\/p>\n\n\n\n<p>Ante el p\u00fablico presente, el ministro Bianco explic\u00f3: \u201cLas microcertificaciones son una herramienta innovadora que refleja una tendencia mundial impulsada, entre otras organizaciones, por la UNESCO. Las universidades p\u00fablicas son actores centrales para el desarrollo productivo, social y tecnol\u00f3gico de la provincia de Buenos Aires y este convenio es un paso m\u00e1s para ampliar ese rol\u201d. Asimismo, el funcionario repas\u00f3 el apoyo brindado por el Gobierno bonaerense a las universidades nacionales con sede en su territorio, que incluye, entre otras cosas, haber dado continuidad a 21 obras que hab\u00edan sido abandonadas por el gobierno del presidente Javier Milei. \u201cNuestro objetivo, y la indicaci\u00f3n que ha dado el gobernador Axel Kicillof, es asegurar que las y los bonaerenses que quieran cursar carreras universitarias en nuestra provincia lo puedan hacer. Es un derecho de nuestra poblaci\u00f3n y como funcionarios debemos trabajar para que se cumpla\u201d, concluy\u00f3 Bianco.<\/p>\n\n\n\n<p>Por su parte, el intendente Watson record\u00f3 el d\u00e9cimo sexto aniversario de la creaci\u00f3n de la UNAJ y sostuvo que \u201cla universidad p\u00fablica es sin\u00f3nimo de movilidad social ascendente, de hijos de la clase trabajadora que con su t\u00edtulo contribuyen al crecimiento de la patria\u201d. Watson destac\u00f3 \u201cel trabajo que realiza el gobernador Kicillof y su gabinete, que con iniciativas como esta y otras en el \u00e1mbito de la educaci\u00f3n van a contrapelo de un Gobierno nacional que est\u00e1 restringiendo el derecho a la universidad y a la educaci\u00f3n\u201d.<\/p>\n\n\n\n<p>El rector Arnaldo Medina, en tanto, manifest\u00f3 su reconocimiento al trabajo conjunto que la UNAJ y el Gobierno de la Provincia vienen desarrollando en el marco del programa Puentes y subray\u00f3 el valor de las iniciativas que el Estado provincial ha puesto en marcha en favor de la educaci\u00f3n. En este sentido, agreg\u00f3, \u201cla herramienta de las microcertificaciones nos permite brindar capacitaciones de acuerdo a las nuevas necesidades de nuestra sociedad y del sistema productivo\u201d.<\/p>\n\n\n\n<p>En virtud del convenio, la UNAJ podr\u00e1 acceder a aportes no reintegrables de hasta 30 millones de pesos destinados a la adquisici\u00f3n de equipamiento tecnol\u00f3gico que permita implementar sistemas de certificaci\u00f3n digital mediante tecnolog\u00eda blockchain. Estos fondos se orientan a la compra de servidores, equipamiento de red, dispositivos de almacenamiento seguro y herramientas de respaldo y seguridad inform\u00e1tica.<\/p>\n\n\n\n<p>El convenio suscripto con la UNAJ es el primero en su tipo en el marco del Programa Bonaerense de Microcertificaciones. Se prev\u00e9 que durante 2026 otras universidades p\u00fablicas con sede en la provincia tambi\u00e9n firmen sus respectivos acuerdos.<\/p>\n","protected":false},"excerpt":{"rendered":"<p>El ministro Bianco y el rector Arnaldo Medina suscribieron un acuerdo para potenciar el reconocimiento de las capacidades de las y los trabajadores bonaerenses y fortalecer el v&iacute;nculo entre el sistema universitario y el sector productivo. El ministro de Gobierno de la provincia de Buenos Aires, Carlos Bianco, firm&oacute; un convenio con el rector de &hellip; <\/p>\n","protected":false},"author":5,"featured_media":30644,"comment_status":"closed","ping_status":"closed","sticky":false,"template":"","format":"standard","meta":{"om_disable_all_campaigns":false,"_joinchat":[]},"categories":[4,6],"tags":[46,43,569],"featured_image_urls":{"full":["https:\/\/infotep.com.ar\/wp-content\/uploads\/2026\/01\/IMG-20251230-WA0003.jpg",743,530,false],"thumbnail":["https:\/\/infotep.com.ar\/wp-content\/uploads\/2026\/01\/IMG-20251230-WA0003-150x150.jpg",150,150,true],"medium":["https:\/\/infotep.com.ar\/wp-content\/uploads\/2026\/01\/IMG-20251230-WA0003-300x214.jpg",300,214,true],"medium_large":["https:\/\/infotep.com.ar\/wp-content\/uploads\/2026\/01\/IMG-20251230-WA0003.jpg",743,530,false],"large":["https:\/\/infotep.com.ar\/wp-content\/uploads\/2026\/01\/IMG-20251230-WA0003.jpg",743,530,false],"1536x1536":["https:\/\/infotep.com.ar\/wp-content\/uploads\/2026\/01\/IMG-20251230-WA0003.jpg",743,530,false],"2048x2048":["https:\/\/infotep.com.ar\/wp-content\/uploads\/2026\/01\/IMG-20251230-WA0003.jpg",743,530,false],"blossom-feminine-slider":["https:\/\/infotep.com.ar\/wp-content\/uploads\/2026\/01\/IMG-20251230-WA0003.jpg",743,530,false],"blossom-feminine-featured":["https:\/\/infotep.com.ar\/wp-content\/uploads\/2026\/01\/IMG-20251230-WA0003.jpg",743,530,false],"blossom-feminine-with-sidebar":["https:\/\/infotep.com.ar\/wp-content\/uploads\/2026\/01\/IMG-20251230-WA0003.jpg",743,530,false],"blossom-feminine-blog":["https:\/\/infotep.com.ar\/wp-content\/uploads\/2026\/01\/IMG-20251230-WA0003-435x435.jpg",435,435,true],"blossom-feminine-cat":["https:\/\/infotep.com.ar\/wp-content\/uploads\/2026\/01\/IMG-20251230-WA0003-450x300.jpg",450,300,true],"blossom-feminine-related":["https:\/\/infotep.com.ar\/wp-content\/uploads\/2026\/01\/IMG-20251230-WA0003-320x200.jpg",320,200,true],"blossom-feminine-schema":["https:\/\/infotep.com.ar\/wp-content\/uploads\/2026\/01\/IMG-20251230-WA0003-84x60.jpg",84,60,true],"blossom-mommy-blog-slider-big":["https:\/\/infotep.com.ar\/wp-content\/uploads\/2026\/01\/IMG-20251230-WA0003.jpg",743,530,false],"blossom-mommy-blog-slider":["https:\/\/infotep.com.ar\/wp-content\/uploads\/2026\/01\/IMG-20251230-WA0003-460x310.jpg",460,310,true],"blossom-mommy-blog-two":["https:\/\/infotep.com.ar\/wp-content\/uploads\/2026\/01\/IMG-20251230-WA0003-743x480.jpg",743,480,true]},"author_info":{"info":["Angela Tobar"]},"category_info":"<a href=\"https:\/\/infotep.com.ar\/index.php\/category\/provinciales\/\" rel=\"category tag\">Provinciales<\/a> <a href=\"https:\/\/infotep.com.ar\/index.php\/category\/universitarias\/\" rel=\"category tag\">Universitarias<\/a>","tag_info":"Universitarias","comment_count":"0","_links":{"self":[{"href":"https:\/\/infotep.com.ar\/index.php\/wp-json\/wp\/v2\/posts\/30643"}],"collection":[{"href":"https:\/\/infotep.com.ar\/index.php\/wp-json\/wp\/v2\/posts"}],"about":[{"href":"https:\/\/infotep.com.ar\/index.php\/wp-json\/wp\/v2\/types\/post"}],"author":[{"embeddable":true,"href":"https:\/\/infotep.com.ar\/index.php\/wp-json\/wp\/v2\/users\/5"}],"replies":[{"embeddable":true,"href":"https:\/\/infotep.com.ar\/index.php\/wp-json\/wp\/v2\/comments?post=30643"}],"version-history":[{"count":1,"href":"https:\/\/infotep.com.ar\/index.php\/wp-json\/wp\/v2\/posts\/30643\/revisions"}],"predecessor-version":[{"id":30645,"href":"https:\/\/infotep.com.ar\/index.php\/wp-json\/wp\/v2\/posts\/30643\/revisions\/30645"}],"wp:featuredmedia":[{"embeddable":true,"href":"https:\/\/infotep.com.ar\/index.php\/wp-json\/wp\/v2\/media\/30644"}],"wp:attachment":[{"href":"https:\/\/infotep.com.ar\/index.php\/wp-json\/wp\/v2\/media?parent=30643"}],"wp:term":[{"taxonomy":"category","embeddable":true,"href":"https:\/\/infotep.com.ar\/index.php\/wp-json\/wp\/v2\/categories?post=30643"},{"taxonomy":"post_tag","embeddable":true,"href":"https:\/\/infotep.com.ar\/index.php\/wp-json\/wp\/v2\/tags?post=30643"}],"curies":[{"name":"wp","href":"https:\/\/api.w.org\/{rel}","templated":true}]}}