{"id":30649,"date":"2026-01-02T03:04:45","date_gmt":"2026-01-02T06:04:45","guid":{"rendered":"https:\/\/infotep.com.ar\/?p=30649"},"modified":"2026-01-02T03:18:40","modified_gmt":"2026-01-02T06:18:40","slug":"comenzara-una-nueva-edicion-del-programa-escuelas-abiertas-en-verano","status":"publish","type":"post","link":"https:\/\/infotep.com.ar\/index.php\/2026\/01\/02\/comenzara-una-nueva-edicion-del-programa-escuelas-abiertas-en-verano\/","title":{"rendered":"Comenzar\u00e1 en Moreno una nueva edici\u00f3n del Programa Escuelas Abiertas en Verano"},"content":{"rendered":"\n<p>Se desarrollar\u00e1 del 2 al 30 de enero, de lunes a viernes de 9 a 13 horas, en 54 establecimientos educativos de todo el distrito<\/p>\n\n\n\n<p>El Municipio de Moreno inform\u00f3 que pondr\u00e1 en marcha una nueva edici\u00f3n del programa Escuelas Abiertas en Verano 2026, en articulaci\u00f3n con el Gobierno de la Provincia de Buenos Aires, que se desarrollar\u00e1 del 2 al 30 de enero, de lunes a viernes de 9 a 13 horas, en 54 establecimientos educativos de todo el distrito. El programa es p\u00fablico, libre y gratuito, y est\u00e1 destinado a ni\u00f1as, ni\u00f1os y adolescentes de entre 3 y 18 a\u00f1os, con propuestas educativas, recreativas, culturales, deportivas y de cuidado integral.<\/p>\n\n\n\n<p><strong>La inscripci\u00f3n debe realizarse de manera presencial en cada instituci\u00f3n donde funciona el programa, dentro de los d\u00edas y horarios establecidos, y acompa\u00f1ados de una persona adulta responsable.<\/strong><\/p>\n\n\n\n<p class=\"has-light-green-cyan-background-color has-background\">El programa garantiza que todas las sedes puedan acceder y disfrutar de los espejos de agua, y en ese marco, todas las escuelas participantes conocer\u00e1n la pileta con olas del Polideportivo \u201cDiego Armando Maradona\u201d, ubicado sobre la Ruta Provincial N\u00b0 24, kil\u00f3metro 56,5, en la localidad de Cuartel V, uno de los espacios deportivos m\u00e1s importantes del distrito.<\/p>\n\n\n\n<p>Asimismo, todos los polideportivos municipales se ponen a disposici\u00f3n para el desarrollo de las actividades para fortalecer esta propuesta territorial, inclusiva y de calidad.<\/p>\n\n\n\n<p><strong>Las y los participantes podr\u00e1n acceder a juegos, tareas educativas, culturales y deportivas, talleres, propuestas art\u00edsticas, actividades acu\u00e1ticas y servicio de comedor escolar con el objetivo de promover el acceso a derechos fundamentales y acompa\u00f1ara las infancias y juventudes durante el receso escolar.<\/strong><\/p>\n\n\n\n<p>A continuaci\u00f3n, se detalla el listado completo de las escuelas organizadas por localidad que forman parte del programa:<\/p>\n\n\n\n<p>MORENONORTE<\/p>\n\n\n\n<ul>\n<li>EP N\u00b06 \u2013 R. Obligado, entre Francia y Brasil, Jardines I<\/li>\n\n\n\n<li>EP N\u00b033 \u2013 Uspallata y Schumann, Mi Barrio<\/li>\n\n\n\n<li>EPN\u00b036 \u2013 Shakespeare, entre Las Heras y El Salvador, La Victoria<\/li>\n\n\n\n<li>EP N\u00b041 \u2013 Lafinur esq. Madariaga, Altos de la Torre<\/li>\n\n\n\n<li>EP N\u00b050 \u2013 Payr\u00f3, entre Madariaga y S\u00e1nchez 6050, Lomas de Moreno<\/li>\n\n\n\n<li>EPN\u00b076 \u2013 Larreta y El Rebenque, Jardines I<\/li>\n\n\n\n<li>EP N\u00b065 \u2013 Colombia esq. Bolivia, San Jos\u00e9<\/li>\n\n\n\n<li>EP N\u00b074 \u2013 M\u00e9xico, entre Honduras y J. V. Gonz\u00e1lez, Yarav\u00ed<\/li>\n\n\n\n<li>EP N\u00b079 \u2013 Echeverr\u00eda y Darwin, Sat\u00e9lite<\/li>\n\n\n\n<li>EP N\u00b081 \u2013 Alfonsina Storni, entre La Plata y La Tablada, La Perla<\/li>\n<\/ul>\n\n\n\n<p>MORENO CENTRO<\/p>\n\n\n\n<ul>\n<li>CFI N\u00b01 \u2013 Mart\u00edn Fierro 250, Moreno Centro<\/li>\n\n\n\n<li>CEC N\u00b0801 \u2013 G\u00fcemes yParaguay, Villa Anita<\/li>\n<\/ul>\n\n\n\n<p>MORENO SUR<\/p>\n\n\n\n<ul>\n<li>EP N\u00b020 \u2013 Newton y S\u00e1enz Pe\u00f1a, Cascallares<\/li>\n\n\n\n<li>EP N\u00b035 \u2013 Miero esq. ElTiziano 970, Santa Rosa<\/li>\n\n\n\n<li>EP N\u00b043 \u2013 Ambrosetti, entre Campichuelo y G. Spano, Lomas de Casasco<\/li>\n\n\n\n<li>EP N\u00b052 \u2013 PrimeraJunta y Falucho, Aurora<\/li>\n\n\n\n<li>EP N\u00b080 \u2013 San Juan 590 esq. ElTiziano, Las Pi\u00f1as<\/li>\n<\/ul>\n\n\n\n<p>PASO DEL REY<\/p>\n\n\n\n<ul>\n<li>EP N\u00b016 \u2013 Ramos Mej\u00eda 689, Alcorta<\/li>\n\n\n\n<li>EP N\u00b019 \u2013 Galileo Galilei 3942, Parque Paso del Rey<\/li>\n\n\n\n<li>EP N\u00b032 \u2013 Roma, entre Vicente L\u00f3pez y Planes y Remedios de Escalada, Bongiovani<\/li>\n\n\n\n<li>EP N\u00b044 \u2013 Callao2771, Sambrizzi<\/li>\n<\/ul>\n\n\n\n<p>CUARTEL V<\/p>\n\n\n\n<ul>\n<li>EP N\u00b051 \u2013 Le\u00f3nBouchet 10865, Jos\u00e9 C. Paz<\/li>\n\n\n\n<li>EP N\u00b057 \u2013 La M\u00fasica esq. Murillo, Anderson<\/li>\n\n\n\n<li>EP N\u00b067 \u2013 V\u00edctor Hugo y Bompland, Parque del Oeste<\/li>\n\n\n\n<li>EP N\u00b069 \u2013 Gabriela Mistral y Mosconi, Don Sancho<br>*EP N\u00b073 \u2013 La Pampa, entre Bilbao y Vuelta de Obligado, Don M\u00e1ximo<\/li>\n\n\n\n<li>EP N\u00b084 \u2013 Miguel Lillo, entre Humahuaca y San Ignacio, Los Hornos<\/li>\n\n\n\n<li>EEE N\u00b0506 \u2013 Portugal, entre Samaniego y Allende, Irigoin<\/li>\n<\/ul>\n\n\n\n<p>TRUJUI<\/p>\n\n\n\n<ul>\n<li>EP N\u00b08 \u2013 Barker, entre Ascasubi y Carriego, Villanueva<\/li>\n\n\n\n<li>EP N\u00b031 \u2013 Rep\u00fablica Argentina y Watt, Santa Br\u00edgida<\/li>\n\n\n\n<li>EP N\u00b039 \u2013 Pit\u00e1goras 1255, Cuatro Vientos<\/li>\n\n\n\n<li>EP N\u00b042 \u2013 Ecuador 8217, San Cayetano<\/li>\n\n\n\n<li>EPN\u00b045 \u2013 G\u00e1lvez 10932, Los Para\u00edsos<\/li>\n\n\n\n<li>EP N\u00b049 \u2013 Davaine1842, Aberasturi<\/li>\n\n\n\n<li>EP N\u00b055 \u2013 Magdalena, entre G\u00e1lvez y Guti\u00e9rrez, Santa Paula<\/li>\n\n\n\n<li>EP N\u00b068 \u2013 Magdalena, entre Pericles y Storni, Villa Nueva<\/li>\n\n\n\n<li>EES N\u00b033 \u2013 Tablada 7700, San Carlos<br>*EP N\u00b037 \u2013 Amundsen 6691, Lomas<\/li>\n\n\n\n<li>EP N\u00b054 \u2013 Hern\u00e1n Cort\u00e9s,entre Lincoln y Col\u00f3n, Lomas<\/li>\n\n\n\n<li>EP N\u00b061 \u2013 Pinz\u00f3n esq. De La Quintana, Lomas de Maril\u00f3<\/li>\n\n\n\n<li>EP N\u00b070 \u2013 Manzana N\u00b06, Las Catonas<\/li>\n\n\n\n<li>EP N\u00b071 \u2013 Leonardo Da Vinci, entre Stephenson y Roma, Pfizer<\/li>\n\n\n\n<li>EP N\u00b075 \u2013 El Ceibo, entre Espa\u00f1a y Montgolfier, Lomas de Maril\u00f3<\/li>\n<\/ul>\n\n\n\n<p>LA REJA<\/p>\n\n\n\n<ul>\n<li>EP N\u00b023 \u2013 S\u00f3focles esq. Atuel, Cortejarena<\/li>\n\n\n\n<li>EP N\u00b064 \u2013 Pericles 2265, Lomas Verdes<br>*EP N\u00b078 \u2013 Coronel Martiniano Chilavert y Marco Sastre, Gaona<br>*EP N\u00b083 \u2013 Quesada 1949, Altos de La Reja<\/li>\n<\/ul>\n\n\n\n<p>FRANCISCO \u00c1LVAREZ<\/p>\n\n\n\n<ul>\n<li>EP N\u00b012 \u2013 Manuel de Falla y Rastreador Fournier, Los Eucaliptus<\/li>\n\n\n\n<li>EP N\u00b015 \u2013 Escalada 3010 y Rembrandt, Aguaribay<\/li>\n\n\n\n<li>EP N\u00b026 \u2013 Irala, entre Hip\u00f3crates y Diario La Naci\u00f3n, Villa Escobar<\/li>\n\n\n\n<li>EP N\u00b048 \u2013 La Providencia y El Rodeo, La Providencia<\/li>\n\n\n\n<li>EP N\u00b066 \u2013 Mercedes y Quijote, Fademac<\/li>\n\n\n\n<li>EPN\u00b072 \u2013 La M\u00fasica y Manuel Belgrano 2552, La Esperanza<\/li>\n<\/ul>\n\n\n\n<p><\/p>\n","protected":false},"excerpt":{"rendered":"<p>Se desarrollar&aacute; del 2 al 30 de enero, de lunes a viernes de 9 a 13 horas, en 54 establecimientos educativos de todo el distrito El Municipio de Moreno inform&oacute; que pondr&aacute; en marcha una nueva edici&oacute;n del programa Escuelas Abiertas en Verano 2026, en articulaci&oacute;n con el Gobierno de la Provincia de Buenos Aires, &hellip; <\/p>\n","protected":false},"author":5,"featured_media":30650,"comment_status":"closed","ping_status":"closed","sticky":false,"template":"","format":"standard","meta":{"om_disable_all_campaigns":false,"_joinchat":[]},"categories":[31,85],"tags":[46,107,43],"featured_image_urls":{"full":["https:\/\/infotep.com.ar\/wp-content\/uploads\/2026\/01\/Escuela-de-verano-moreno.jpg",990,556,false],"thumbnail":["https:\/\/infotep.com.ar\/wp-content\/uploads\/2026\/01\/Escuela-de-verano-moreno-150x150.jpg",150,150,true],"medium":["https:\/\/infotep.com.ar\/wp-content\/uploads\/2026\/01\/Escuela-de-verano-moreno-300x168.jpg",300,168,true],"medium_large":["https:\/\/infotep.com.ar\/wp-content\/uploads\/2026\/01\/Escuela-de-verano-moreno-768x431.jpg",768,431,true],"large":["https:\/\/infotep.com.ar\/wp-content\/uploads\/2026\/01\/Escuela-de-verano-moreno.jpg",990,556,false],"1536x1536":["https:\/\/infotep.com.ar\/wp-content\/uploads\/2026\/01\/Escuela-de-verano-moreno.jpg",990,556,false],"2048x2048":["https:\/\/infotep.com.ar\/wp-content\/uploads\/2026\/01\/Escuela-de-verano-moreno.jpg",990,556,false],"blossom-feminine-slider":["https:\/\/infotep.com.ar\/wp-content\/uploads\/2026\/01\/Escuela-de-verano-moreno.jpg",990,556,false],"blossom-feminine-featured":["https:\/\/infotep.com.ar\/wp-content\/uploads\/2026\/01\/Escuela-de-verano-moreno.jpg",990,556,false],"blossom-feminine-with-sidebar":["https:\/\/infotep.com.ar\/wp-content\/uploads\/2026\/01\/Escuela-de-verano-moreno.jpg",990,556,false],"blossom-feminine-blog":["https:\/\/infotep.com.ar\/wp-content\/uploads\/2026\/01\/Escuela-de-verano-moreno-435x435.jpg",435,435,true],"blossom-feminine-cat":["https:\/\/infotep.com.ar\/wp-content\/uploads\/2026\/01\/Escuela-de-verano-moreno-450x300.jpg",450,300,true],"blossom-feminine-related":["https:\/\/infotep.com.ar\/wp-content\/uploads\/2026\/01\/Escuela-de-verano-moreno-320x200.jpg",320,200,true],"blossom-feminine-schema":["https:\/\/infotep.com.ar\/wp-content\/uploads\/2026\/01\/Escuela-de-verano-moreno-107x60.jpg",107,60,true],"blossom-mommy-blog-slider-big":["https:\/\/infotep.com.ar\/wp-content\/uploads\/2026\/01\/Escuela-de-verano-moreno-920x556.jpg",920,556,true],"blossom-mommy-blog-slider":["https:\/\/infotep.com.ar\/wp-content\/uploads\/2026\/01\/Escuela-de-verano-moreno-460x310.jpg",460,310,true],"blossom-mommy-blog-two":["https:\/\/infotep.com.ar\/wp-content\/uploads\/2026\/01\/Escuela-de-verano-moreno-768x480.jpg",768,480,true]},"author_info":{"info":["Angela Tobar"]},"category_info":"<a href=\"https:\/\/infotep.com.ar\/index.php\/category\/destacadas\/\" rel=\"category tag\">Destacadas<\/a> <a href=\"https:\/\/infotep.com.ar\/index.php\/category\/municipales\/moreno\/\" rel=\"category tag\">Moreno<\/a>","tag_info":"Moreno","comment_count":"0","_links":{"self":[{"href":"https:\/\/infotep.com.ar\/index.php\/wp-json\/wp\/v2\/posts\/30649"}],"collection":[{"href":"https:\/\/infotep.com.ar\/index.php\/wp-json\/wp\/v2\/posts"}],"about":[{"href":"https:\/\/infotep.com.ar\/index.php\/wp-json\/wp\/v2\/types\/post"}],"author":[{"embeddable":true,"href":"https:\/\/infotep.com.ar\/index.php\/wp-json\/wp\/v2\/users\/5"}],"replies":[{"embeddable":true,"href":"https:\/\/infotep.com.ar\/index.php\/wp-json\/wp\/v2\/comments?post=30649"}],"version-history":[{"count":2,"href":"https:\/\/infotep.com.ar\/index.php\/wp-json\/wp\/v2\/posts\/30649\/revisions"}],"predecessor-version":[{"id":30657,"href":"https:\/\/infotep.com.ar\/index.php\/wp-json\/wp\/v2\/posts\/30649\/revisions\/30657"}],"wp:featuredmedia":[{"embeddable":true,"href":"https:\/\/infotep.com.ar\/index.php\/wp-json\/wp\/v2\/media\/30650"}],"wp:attachment":[{"href":"https:\/\/infotep.com.ar\/index.php\/wp-json\/wp\/v2\/media?parent=30649"}],"wp:term":[{"taxonomy":"category","embeddable":true,"href":"https:\/\/infotep.com.ar\/index.php\/wp-json\/wp\/v2\/categories?post=30649"},{"taxonomy":"post_tag","embeddable":true,"href":"https:\/\/infotep.com.ar\/index.php\/wp-json\/wp\/v2\/tags?post=30649"}],"curies":[{"name":"wp","href":"https:\/\/api.w.org\/{rel}","templated":true}]}}