{"id":30652,"date":"2026-01-02T03:08:05","date_gmt":"2026-01-02T06:08:05","guid":{"rendered":"https:\/\/infotep.com.ar\/?p=30652"},"modified":"2026-01-02T03:08:06","modified_gmt":"2026-01-02T06:08:06","slug":"la-matanza-transforma-la-gestion-ambiental-junto-a-la-comunidad","status":"publish","type":"post","link":"https:\/\/infotep.com.ar\/index.php\/2026\/01\/02\/la-matanza-transforma-la-gestion-ambiental-junto-a-la-comunidad\/","title":{"rendered":"La Matanza transforma la gesti\u00f3n ambiental junto a la comunidad."},"content":{"rendered":"\n<p>El 2025 cerr\u00f3 con un fuerte trabajo municipal y de participaci\u00f3n ciudadana, marcado por la evoluci\u00f3n energ\u00e9tica y el protagonismo comunitario en el cuidado del ambiente, la \u201ccasa com\u00fan\u201d de todas las vecinas y vecinos.<\/p>\n\n\n\n<p><strong>Bajo la premisa de que el cuidado ambiental es una construcci\u00f3n colectiva, La Matanza resumi\u00f3 que &#8220;concluyo un a\u00f1o de gesti\u00f3n con resultados hist\u00f3ricos. A trav\u00e9s de pol\u00edticas p\u00fablicas activas, se logr\u00f3 consolidar el programa de transici\u00f3n energ\u00e9tica y fortalecer el v\u00ednculo con la comunidad mediante propuestas de participaci\u00f3n comunitaria, en todas las ciudades del distrito&#8221;.<\/strong><\/p>\n\n\n\n<p>Y se destac\u00f3 que &#8220;el 2025 marc\u00f3 un antes y un despu\u00e9s con el programa La Matanza Solar (LMS). La instalaci\u00f3n de 500 paneles solares en la nueva Central Fotovoltaica de Gonz\u00e1lez Cat\u00e1n (ubicada en el CARE) encabeza los logros de una gesti\u00f3n que apuesta a reducir costos p\u00fablicos y mitigar el cambio clim\u00e1tico. Asimismo, la recuperaci\u00f3n del espacio p\u00fablico fue prioridad con la erradicaci\u00f3n de 10 basurales cr\u00f3nicos y el fortalecimiento de la red de 28 Puntos Verdes&#8221;.<\/p>\n\n\n\n<p>Por lo que se afirm\u00f3 que &#8220;a trav\u00e9s de la Subsecretar\u00eda de Ambiente y Desarrollo Sustentable, el Municipio de La Matanza fortaleci\u00f3 el bosque urbano con la producci\u00f3n de 1.800 \u00e1rboles nativos, la inauguraci\u00f3n de dos nuevos viveros municipales y la puesta en marcha de dos unidades sat\u00e9lites en centros de jubilados, promoviendo el trabajo comunitario y la vitalidad de las personas mayores. Asimismo, reafirm\u00f3 su compromiso con la biodiversidad mediante el rescate de abejas y acciones de restauraci\u00f3n en reservas naturales y arroyos. Esta pol\u00edtica integral incluy\u00f3, adem\u00e1s, jornadas de senderismo ambiental, producci\u00f3n de compost y biopreparados junto a la comunidad&#8221;.<\/p>\n\n\n\n<p><\/p>\n","protected":false},"excerpt":{"rendered":"<p>El 2025 cerr&oacute; con un fuerte trabajo municipal y de participaci&oacute;n ciudadana, marcado por la evoluci&oacute;n energ&eacute;tica y el protagonismo comunitario en el cuidado del ambiente, la &ldquo;casa com&uacute;n&rdquo; de todas las vecinas y vecinos. Bajo la premisa de que el cuidado ambiental es una construcci&oacute;n colectiva, La Matanza resumi&oacute; que &ldquo;concluyo un a&ntilde;o de &hellip; <\/p>\n","protected":false},"author":5,"featured_media":30653,"comment_status":"closed","ping_status":"closed","sticky":false,"template":"","format":"standard","meta":{"om_disable_all_campaigns":false,"_joinchat":[]},"categories":[31,26],"tags":[46,59,43,569],"featured_image_urls":{"full":["https:\/\/infotep.com.ar\/wp-content\/uploads\/2026\/01\/Gestion-Ambiente-MTZ-2025-1.jpg",872,581,false],"thumbnail":["https:\/\/infotep.com.ar\/wp-content\/uploads\/2026\/01\/Gestion-Ambiente-MTZ-2025-1-150x150.jpg",150,150,true],"medium":["https:\/\/infotep.com.ar\/wp-content\/uploads\/2026\/01\/Gestion-Ambiente-MTZ-2025-1-300x200.jpg",300,200,true],"medium_large":["https:\/\/infotep.com.ar\/wp-content\/uploads\/2026\/01\/Gestion-Ambiente-MTZ-2025-1-768x512.jpg",768,512,true],"large":["https:\/\/infotep.com.ar\/wp-content\/uploads\/2026\/01\/Gestion-Ambiente-MTZ-2025-1.jpg",872,581,false],"1536x1536":["https:\/\/infotep.com.ar\/wp-content\/uploads\/2026\/01\/Gestion-Ambiente-MTZ-2025-1.jpg",872,581,false],"2048x2048":["https:\/\/infotep.com.ar\/wp-content\/uploads\/2026\/01\/Gestion-Ambiente-MTZ-2025-1.jpg",872,581,false],"blossom-feminine-slider":["https:\/\/infotep.com.ar\/wp-content\/uploads\/2026\/01\/Gestion-Ambiente-MTZ-2025-1.jpg",872,581,false],"blossom-feminine-featured":["https:\/\/infotep.com.ar\/wp-content\/uploads\/2026\/01\/Gestion-Ambiente-MTZ-2025-1.jpg",872,581,false],"blossom-feminine-with-sidebar":["https:\/\/infotep.com.ar\/wp-content\/uploads\/2026\/01\/Gestion-Ambiente-MTZ-2025-1.jpg",872,581,false],"blossom-feminine-blog":["https:\/\/infotep.com.ar\/wp-content\/uploads\/2026\/01\/Gestion-Ambiente-MTZ-2025-1-435x435.jpg",435,435,true],"blossom-feminine-cat":["https:\/\/infotep.com.ar\/wp-content\/uploads\/2026\/01\/Gestion-Ambiente-MTZ-2025-1-450x300.jpg",450,300,true],"blossom-feminine-related":["https:\/\/infotep.com.ar\/wp-content\/uploads\/2026\/01\/Gestion-Ambiente-MTZ-2025-1-320x200.jpg",320,200,true],"blossom-feminine-schema":["https:\/\/infotep.com.ar\/wp-content\/uploads\/2026\/01\/Gestion-Ambiente-MTZ-2025-1-90x60.jpg",90,60,true],"blossom-mommy-blog-slider-big":["https:\/\/infotep.com.ar\/wp-content\/uploads\/2026\/01\/Gestion-Ambiente-MTZ-2025-1.jpg",872,581,false],"blossom-mommy-blog-slider":["https:\/\/infotep.com.ar\/wp-content\/uploads\/2026\/01\/Gestion-Ambiente-MTZ-2025-1-460x310.jpg",460,310,true],"blossom-mommy-blog-two":["https:\/\/infotep.com.ar\/wp-content\/uploads\/2026\/01\/Gestion-Ambiente-MTZ-2025-1-768x480.jpg",768,480,true]},"author_info":{"info":["Angela Tobar"]},"category_info":"<a href=\"https:\/\/infotep.com.ar\/index.php\/category\/destacadas\/\" rel=\"category tag\">Destacadas<\/a> <a href=\"https:\/\/infotep.com.ar\/index.php\/category\/municipales\/la-matanza\/\" rel=\"category tag\">La Matanza<\/a>","tag_info":"La Matanza","comment_count":"0","_links":{"self":[{"href":"https:\/\/infotep.com.ar\/index.php\/wp-json\/wp\/v2\/posts\/30652"}],"collection":[{"href":"https:\/\/infotep.com.ar\/index.php\/wp-json\/wp\/v2\/posts"}],"about":[{"href":"https:\/\/infotep.com.ar\/index.php\/wp-json\/wp\/v2\/types\/post"}],"author":[{"embeddable":true,"href":"https:\/\/infotep.com.ar\/index.php\/wp-json\/wp\/v2\/users\/5"}],"replies":[{"embeddable":true,"href":"https:\/\/infotep.com.ar\/index.php\/wp-json\/wp\/v2\/comments?post=30652"}],"version-history":[{"count":1,"href":"https:\/\/infotep.com.ar\/index.php\/wp-json\/wp\/v2\/posts\/30652\/revisions"}],"predecessor-version":[{"id":30654,"href":"https:\/\/infotep.com.ar\/index.php\/wp-json\/wp\/v2\/posts\/30652\/revisions\/30654"}],"wp:featuredmedia":[{"embeddable":true,"href":"https:\/\/infotep.com.ar\/index.php\/wp-json\/wp\/v2\/media\/30653"}],"wp:attachment":[{"href":"https:\/\/infotep.com.ar\/index.php\/wp-json\/wp\/v2\/media?parent=30652"}],"wp:term":[{"taxonomy":"category","embeddable":true,"href":"https:\/\/infotep.com.ar\/index.php\/wp-json\/wp\/v2\/categories?post=30652"},{"taxonomy":"post_tag","embeddable":true,"href":"https:\/\/infotep.com.ar\/index.php\/wp-json\/wp\/v2\/tags?post=30652"}],"curies":[{"name":"wp","href":"https:\/\/api.w.org\/{rel}","templated":true}]}}