{"id":30655,"date":"2026-01-02T03:17:12","date_gmt":"2026-01-02T06:17:12","guid":{"rendered":"https:\/\/infotep.com.ar\/?p=30655"},"modified":"2026-01-02T03:17:13","modified_gmt":"2026-01-02T06:17:13","slug":"moron-destaco-el-trabajo-local-en-la-proteccion-integral-de-ninas-ninos-y-adolescentes","status":"publish","type":"post","link":"https:\/\/infotep.com.ar\/index.php\/2026\/01\/02\/moron-destaco-el-trabajo-local-en-la-proteccion-integral-de-ninas-ninos-y-adolescentes\/","title":{"rendered":"Mor\u00f3n destac\u00f3 el trabajo local en la protecci\u00f3n integral de ni\u00f1as, ni\u00f1os y adolescentes"},"content":{"rendered":"\n<p>El Municipio intervino para resguardar a tres adolescentes y articula acciones con la Justicia y organismos de protecci\u00f3n de derechos.<br><br><strong>El Municipio de Mor\u00f3n intervino en una situaci\u00f3n de extrema gravedad desplegando acciones de protecci\u00f3n de tres adolescentes en la localidad de Castelar. El hecho se encuentra bajo investigaci\u00f3n judicial e incluy\u00f3 la detenci\u00f3n de dos personas adultas acusadas de trata de personas con fines de explotaci\u00f3n sexual doblemente agravada. La situaci\u00f3n fue mencionada de manera preliminar por distintos medios de comunicaci\u00f3n.<\/strong><\/p>\n\n\n\n<p>Se marc\u00f3 que &#8220;desde el inicio, el eje central del trabajo del Estado local estuvo puesto en la protecci\u00f3n, la contenci\u00f3n y el acompa\u00f1amiento integral de las y los adolescentes involucrados&#8221;.<\/p>\n\n\n\n<p>A partir de un seguimiento territorial y del trabajo conjunto con familiares, vecinos y distintos actores del sistema de protecci\u00f3n, se detectaron indicadores que pod\u00edan configurar la comisi\u00f3n de un delito. Con esa informaci\u00f3n se activaron las denuncias correspondientes y se intervino de manera r\u00e1pida y coordinada con el Poder Judicial y las fuerzas de seguridad, a fin de garantizar medidas de resguardo inmediatas y evitar mayores riesgos.<\/p>\n\n\n\n<p>Por lo que se aclar\u00f3 que &#8220;en todo momento se prioriz\u00f3 el cuidado de la identidad, la intimidad y la estabilidad emocional de las y los adolescentes, evitando su exposici\u00f3n p\u00fablica y cualquier forma de revictimizaci\u00f3n&#8221;.<\/p>\n\n\n\n<p>La Direcci\u00f3n de Protecci\u00f3n y Restituci\u00f3n de Derechos contin\u00faa acompa\u00f1ando el proceso mediante equipos t\u00e9cnicos especializados, articulando recursos de salud, educaci\u00f3n, justicia, organizaciones comunitarias y los distintos dispositivos municipales disponibles.<\/p>\n\n\n\n<p>En este tipo de situaciones, la respuesta r\u00e1pida y articulada entre el organismo de protecci\u00f3n municipal, los equipos judiciales y el \u00e1rea de seguridad permiti\u00f3 frenar escenarios de riesgo extremo y avanzar en la restituci\u00f3n progresiva de derechos.<\/p>\n\n\n\n<p>La gesti\u00f3n que encabeza el intendenteLucas Ghi record\u00f3 que &#8220;entre los programas de resguardo y cuidado que lleva adelante el Municipio se encuentran el Servicio Local de Promoci\u00f3n y Protecci\u00f3n de Derechos, creado por la Ley 13.298, que eval\u00faa cada situaci\u00f3n y orienta a las familias; la Casa de Abrigo Municipal, que brinda alojamiento temporal en casos excepcionales; el Programa de Acompa\u00f1amiento al Egreso para j\u00f3venes sin cuidados parentales; y el programa Familias Solidarias, en funcionamiento desde 2025, que ofrece cuidado temporal a ni\u00f1as y ni\u00f1os de 0 a 5 a\u00f1os hasta tanto se resuelva su situaci\u00f3n familiar&#8221;.<\/p>\n\n\n\n<p>El Municipio remarc\u00f3 &#8220;la importancia de permitir la actuaci\u00f3n de las autoridades judiciales para preservar la informaci\u00f3n sensible y promover entornos protectores. Ante cualquier situaci\u00f3n de vulneraci\u00f3n de derechos o para recibir asesoramiento, las y los vecinos pueden comunicarse por WhatsApp al 1535776507, por tel\u00e9fono al 6078-6507 o por correo electr\u00f3nico a serviciolocalmunicipiomoron@gmail.com, de lunes a viernes de 9 a 15 hs&#8221;.<\/p>\n","protected":false},"excerpt":{"rendered":"<p>El Municipio intervino para resguardar a tres adolescentes y articula acciones con la Justicia y organismos de protecci&oacute;n de derechos. El Municipio de Mor&oacute;n intervino en una situaci&oacute;n de extrema gravedad desplegando acciones de protecci&oacute;n de tres adolescentes en la localidad de Castelar. El hecho se encuentra bajo investigaci&oacute;n judicial e incluy&oacute; la detenci&oacute;n de &hellip; <\/p>\n","protected":false},"author":5,"featured_media":9392,"comment_status":"closed","ping_status":"closed","sticky":false,"template":"","format":"standard","meta":{"om_disable_all_campaigns":false,"_joinchat":[]},"categories":[9],"tags":[46,43,569],"featured_image_urls":{"full":["https:\/\/infotep.com.ar\/wp-content\/uploads\/2023\/11\/municipio-de-moron.webp",720,480,false],"thumbnail":["https:\/\/infotep.com.ar\/wp-content\/uploads\/2023\/11\/municipio-de-moron-150x150.webp",150,150,true],"medium":["https:\/\/infotep.com.ar\/wp-content\/uploads\/2023\/11\/municipio-de-moron-300x200.webp",300,200,true],"medium_large":["https:\/\/infotep.com.ar\/wp-content\/uploads\/2023\/11\/municipio-de-moron.webp",720,480,false],"large":["https:\/\/infotep.com.ar\/wp-content\/uploads\/2023\/11\/municipio-de-moron.webp",720,480,false],"1536x1536":["https:\/\/infotep.com.ar\/wp-content\/uploads\/2023\/11\/municipio-de-moron.webp",720,480,false],"2048x2048":["https:\/\/infotep.com.ar\/wp-content\/uploads\/2023\/11\/municipio-de-moron.webp",720,480,false],"blossom-feminine-slider":["https:\/\/infotep.com.ar\/wp-content\/uploads\/2023\/11\/municipio-de-moron.webp",720,480,false],"blossom-feminine-featured":["https:\/\/infotep.com.ar\/wp-content\/uploads\/2023\/11\/municipio-de-moron.webp",720,480,false],"blossom-feminine-with-sidebar":["https:\/\/infotep.com.ar\/wp-content\/uploads\/2023\/11\/municipio-de-moron.webp",720,480,false],"blossom-feminine-blog":["https:\/\/infotep.com.ar\/wp-content\/uploads\/2023\/11\/municipio-de-moron-435x435.webp",435,435,true],"blossom-feminine-cat":["https:\/\/infotep.com.ar\/wp-content\/uploads\/2023\/11\/municipio-de-moron-450x300.webp",450,300,true],"blossom-feminine-related":["https:\/\/infotep.com.ar\/wp-content\/uploads\/2023\/11\/municipio-de-moron-320x200.webp",320,200,true],"blossom-feminine-schema":["https:\/\/infotep.com.ar\/wp-content\/uploads\/2023\/11\/municipio-de-moron-90x60.webp",90,60,true],"blossom-mommy-blog-slider-big":["https:\/\/infotep.com.ar\/wp-content\/uploads\/2023\/11\/municipio-de-moron.webp",720,480,false],"blossom-mommy-blog-slider":["https:\/\/infotep.com.ar\/wp-content\/uploads\/2023\/11\/municipio-de-moron-460x310.webp",460,310,true],"blossom-mommy-blog-two":["https:\/\/infotep.com.ar\/wp-content\/uploads\/2023\/11\/municipio-de-moron.webp",720,480,false]},"author_info":{"info":["Angela Tobar"]},"category_info":"<a href=\"https:\/\/infotep.com.ar\/index.php\/category\/municipales\/moron\/\" rel=\"category tag\">Mor\u00f3n<\/a>","tag_info":"Mor\u00f3n","comment_count":"0","_links":{"self":[{"href":"https:\/\/infotep.com.ar\/index.php\/wp-json\/wp\/v2\/posts\/30655"}],"collection":[{"href":"https:\/\/infotep.com.ar\/index.php\/wp-json\/wp\/v2\/posts"}],"about":[{"href":"https:\/\/infotep.com.ar\/index.php\/wp-json\/wp\/v2\/types\/post"}],"author":[{"embeddable":true,"href":"https:\/\/infotep.com.ar\/index.php\/wp-json\/wp\/v2\/users\/5"}],"replies":[{"embeddable":true,"href":"https:\/\/infotep.com.ar\/index.php\/wp-json\/wp\/v2\/comments?post=30655"}],"version-history":[{"count":1,"href":"https:\/\/infotep.com.ar\/index.php\/wp-json\/wp\/v2\/posts\/30655\/revisions"}],"predecessor-version":[{"id":30656,"href":"https:\/\/infotep.com.ar\/index.php\/wp-json\/wp\/v2\/posts\/30655\/revisions\/30656"}],"wp:featuredmedia":[{"embeddable":true,"href":"https:\/\/infotep.com.ar\/index.php\/wp-json\/wp\/v2\/media\/9392"}],"wp:attachment":[{"href":"https:\/\/infotep.com.ar\/index.php\/wp-json\/wp\/v2\/media?parent=30655"}],"wp:term":[{"taxonomy":"category","embeddable":true,"href":"https:\/\/infotep.com.ar\/index.php\/wp-json\/wp\/v2\/categories?post=30655"},{"taxonomy":"post_tag","embeddable":true,"href":"https:\/\/infotep.com.ar\/index.php\/wp-json\/wp\/v2\/tags?post=30655"}],"curies":[{"name":"wp","href":"https:\/\/api.w.org\/{rel}","templated":true}]}}