{"id":30662,"date":"2026-01-02T13:43:40","date_gmt":"2026-01-02T16:43:40","guid":{"rendered":"https:\/\/infotep.com.ar\/?p=30662"},"modified":"2026-01-02T13:43:42","modified_gmt":"2026-01-02T16:43:42","slug":"preocupacion-por-las-nuevas-competencias-que-el-gobierno-le-otorga-a-la-side","status":"publish","type":"post","link":"https:\/\/infotep.com.ar\/index.php\/2026\/01\/02\/preocupacion-por-las-nuevas-competencias-que-el-gobierno-le-otorga-a-la-side\/","title":{"rendered":"Preocupaci\u00f3n por las nuevas competencias que el Gobierno le otorga a la SIDE"},"content":{"rendered":"\n<p>A trav\u00e9s del decreto 941\/2025 publicado en el Bolet\u00edn Oficial, el Ejecutivo formaliz\u00f3 los cambios anticipados.<br>El Gobierno Nacional oficializ\u00f3 este viernes la reestructuraci\u00f3n de la Secretar\u00eda de Inteligencia de Estado \u200b\u200b(SIDE) que la dota de nuevas competencias y responsabilidades e incluye <strong>el car\u00e1cter encubierto de las tareas y la posibilidad de aprehender personas en flagrancia.<\/strong><\/p>\n\n\n\n<p>A trav\u00e9s del decreto 941\/2025, publicado en el Bolet\u00edn Oficial, que lleva la firma del presidente Javier Milei y sus ministros, el Ejecutivo detall\u00f3 las modificaciones que implementar\u00e1 en la secretar\u00eda que continuar\u00e1 bajo la direcci\u00f3n de Cristian Auguadra y Diego Kravetz.<\/p>\n\n\n\n<p>En la letra del decreto, se ratifica a la Secretar\u00eda de Inteligencia de Estado (SIDE) como \u00f3rgano superior y rector del sistema, y se detalla que <strong>pasa a estar integrada por el Servicio de Inteligencia Argentino (SIA); la Agencia Nacional de Contrainteligencia (ANC); la Agencia Federal de Ciberinteligencia (AFC); y la Inspector\u00eda General de Inteligencia. Cada organismo cuenta con autonom\u00eda t\u00e9cnica y funcional, pero responde a la conducci\u00f3n pol\u00edtica del titular de la SIDE.<\/strong><\/p>\n\n\n\n<p>Asimismo, detalla que la ex Agencia de Seguridad Nacional (ASN) pasa a llamarse Agencia Nacional de Contrainteligencia (ANC) y cuenta con la misi\u00f3n de \u201cprevenir y detectar amenazas estrat\u00e9gicas internas\u201d. Adem\u00e1s, ampl\u00eda el concepto de contrainteligencia, incluyendo medidas pasivas obligatorias en todo el sector p\u00fablico.<\/p>\n\n\n\n<p>Por su parte, la administraci\u00f3n libertaria diferencia ciberseguridad, relativa a la prevenci\u00f3n y protecci\u00f3n de infraestructuras cr\u00edticas, de ciberinteligencia que analiza amenazas en el ciberespacio y anuncia la creaci\u00f3n del Centro Nacional de Ciberseguridad (CNC), bajo la \u00f3rbita de Jefatura de Gabinete, que oficia de autoridad nacional en ciberseguridad.<\/p>\n\n\n\n<p>Una  de las mayores preocupaciones se centra en los cambios que dotan de mayor centralizaci\u00f3n a la SIDE que coordina en la sombras el asesor presidencial, Santiago Caputo, y que concentrar\u00e1 adem\u00e1s la aprobaci\u00f3n y control de los presupuestos de inteligencia como tambi\u00e9n la supervisi\u00f3n de gastos reservados. Adem\u00e1s, <strong>podr\u00e1 requerir informaci\u00f3n a todo el sector p\u00fablico, provincias y la Ciudad de Buenos Aires, cuando lo considere.<\/strong><\/p>\n\n\n\n<p>Otro de los puntos que incluye el decreto es la creaci\u00f3n de dos comunidades de intercambio de informaci\u00f3n. Por un lado, la Comunidad de Inteligencia Nacional (CITN), que integra a todos los organismos de inteligencia, fuerzas de seguridad, Fuerzas Armadas y la UIF y que funciona como \u00e1mbito permanente de coordinaci\u00f3n y producci\u00f3n de inteligencia.<\/p>\n\n\n\n<p>Por el otro, la Comunidad Informativa Nacional (CIFN) que incluye ministerios y organismos civiles, cuya funci\u00f3n es aportar informaci\u00f3n estrat\u00e9gica, sin realizar tareas de inteligencia.<\/p>\n\n\n\n<p>La reforma contempla cambios en la inteligencia militar con la disoluci\u00f3n de la Direcci\u00f3n Nacional de Inteligencia Estrat\u00e9gica Militar del Ministerio de Defensa y el traspaso de sus funciones y recursos a la Direcci\u00f3n General de Inteligencia del Estado Mayor Conjunto (DGIEMCO). La intenci\u00f3n es evitar superposiciones y concentrar la inteligencia estrat\u00e9gica militar.<\/p>\n\n\n\n<p><strong>Tambi\u00e9n autoriza a los organismos de inteligencia a proveer su propia seguridad; repeler agresiones contra instalaciones, personal u operaciones y aprehender personas en casos de flagrancia, dando aviso inmediato a fuerzas de seguridad. Este \u00faltimo es quiz\u00e1s el punto m\u00e1s controversial, que gener\u00f3 el rechazo de un sector de la oposici\u00f3n.<\/strong><\/p>\n\n\n\n<p>En la justificaci\u00f3n de la articulado, el Gobierno refuerza adem\u00e1s el car\u00e1cter encubierto de todas las actividades de inteligencia. &#8220;Todas las actividades que se realizan en el \u00e1mbito de la Inteligencia Nacional revisten car\u00e1cter encubierto en virtud de su sensibilidad&#8221;.<\/p>\n\n\n\n<p>Tambi\u00e9n reafirma la prohibici\u00f3n a realizar espionaje por motivos ideol\u00f3gicos, religiosos o pol\u00edticos o por ejercer influencia sobre partidos, medios u opini\u00f3n p\u00fablica.<\/p>\n\n\n\n<p>La designaci\u00f3n de los directores de los principales organismos cuentan con rango de secretario y deber\u00e1n ser informadas a la Comisi\u00f3n Bicameral del Congreso.<\/p>\n\n\n\n<p><strong>El decreto entra en vigencia con su publicaci\u00f3n en el Bolet\u00edn Oficial y debe ser tratado por la Comisi\u00f3n Bicameral Permanente, como establece la Ley 26.122.<\/strong><\/p>\n\n\n\n<p class=\"has-light-green-cyan-background-color has-background\">Formalizaci\u00f3n de los objetivos de la SIDE<\/p>\n\n\n\n<ol>\n<li>Conducir el esfuerzo de Inteligencia Nacional y Contrainteligencia.<\/li>\n\n\n\n<li>Planificar y ejecutar las acciones del Ciclo de Producci\u00f3n de Inteligencia Nacional a trav\u00e9s de sus \u00f3rganos, de la Direcci\u00f3n Nacional de Inteligencia Criminal (DNIC) y de la Direcci\u00f3n General de Inteligencia del Estado Mayor Conjunto de las Fuerzas Armadas (DGIEMCO).<\/li>\n\n\n\n<li>Dirigir y articular las actividades y el funcionamiento del Sistema de Inteligencia Nacional (SIN) y las relaciones con los organismos de inteligencia de otros Estados.<\/li>\n\n\n\n<li>Coordinar las actividades dentro del marco de las Leyes Nros. 23.554 y 24.059 con los funcionarios designados por los ministros de las \u00e1reas respectivas, cuyo rango no podr\u00e1 ser inferior al de Subsecretario.<\/li>\n\n\n\n<li>Requerir a todos los \u00f3rganos del Sector P\u00fablico Nacional la informaci\u00f3n necesaria para el cumplimiento de sus funciones.<\/li>\n\n\n\n<li>Requerir la cooperaci\u00f3n de las Provincias y de la Ciudad Aut\u00f3noma de Buenos Aires cuando ello fuere necesario para el desarrollo de sus actividades.<\/li>\n\n\n\n<li>Entender en la formaci\u00f3n, capacitaci\u00f3n, adiestramiento y actualizaci\u00f3n del personal de la Secretar\u00eda y colaborar con los organismos del Sistema de Inteligencia Nacional (SIN) en la formaci\u00f3n y capacitaci\u00f3n de su personal a trav\u00e9s de la Escuela Nacional de Inteligencia.<\/li>\n\n\n\n<li>Proporcionar al Ministerio de Defensa la informaci\u00f3n e inteligencia que fuere menester para contribuir en la producci\u00f3n de la Inteligencia Estrat\u00e9gica Militar de conformidad a lo establecido en el art\u00edculo 15 de la Ley N\u00b0 23.554.<\/li>\n\n\n\n<li>Proporcionar al Consejo de Seguridad Interior la informaci\u00f3n e inteligencia que fuere requerida de conformidad a lo establecido en el inciso e) del art\u00edculo 10 de la Ley N\u00b0 24.059.<\/li>\n\n\n\n<li>Entender en la lucha contra el terrorismo y coordinar acciones con los organismos nacionales, provinciales y de la Ciudad de Buenos Aires con competencia en la materia.<\/li>\n\n\n\n<li>Dirigir la Comunidad de Inteligencia Nacional (CITN) y la Comunidad Informativa Nacional (CIFN), e integrar la informaci\u00f3n de estos subsistemas, as\u00ed como tambi\u00e9n lo producido por los \u00f3rganos del Sistema de Inteligencia Nacional (SIN) para ser elevado al Presidente.<\/li>\n\n\n\n<li>Proponer a la Jefatura de Gabinete los niveles de alerta de Seguridad Estrat\u00e9gica Nacional con asistencia del Ministerio de Seguridad Nacional, el Ministerio de Defensa y el Ministerio de Relaciones Exteriores, Comercio Internacional y Culto.<\/li>\n\n\n\n<li>Celebrar convenios con personas f\u00edsicas o jur\u00eddicas, de car\u00e1cter p\u00fablico o privado, para el cumplimiento de sus funciones.<\/li>\n\n\n\n<li>Planificar y ejecutar la Inteligencia Geoespacial en apoyo a las actividades del Sistema de Inteligencia Nacional (SIN).<\/li>\n\n\n\n<li>Entender en la gesti\u00f3n Criptogr\u00e1fica del Sistema de Inteligencia Nacional (SIN).<strong>IP<\/strong><\/li>\n\n\n\n<li>Asesorar, en el marco de su competencia, al Poder Ejecutivo sobre la comunicaci\u00f3n estrat\u00e9gica del Estado Nacional.<\/li>\n\n\n\n<li>Elaborar el Informe Anual de Actividades de Inteligencia a los efectos de su presentaci\u00f3n ante la Comisi\u00f3n Bicameral de Fiscalizaci\u00f3n de los Organismos y Actividades de Inteligencia del Congreso de la Naci\u00f3n. A tal fin, los organismos del Sistema de Inteligencia Nacional (SIN) le deber\u00e1n brindar toda la informaci\u00f3n correspondiente.<\/li>\n<\/ol>\n","protected":false},"excerpt":{"rendered":"<p>A trav&eacute;s del decreto 941\/2025 publicado en el Bolet&iacute;n Oficial, el Ejecutivo formaliz&oacute; los cambios anticipados.El Gobierno Nacional oficializ&oacute; este viernes la reestructuraci&oacute;n de la Secretar&iacute;a de Inteligencia de Estado &#8203;&#8203;(SIDE) que la dota de nuevas competencias y responsabilidades e incluye el car&aacute;cter encubierto de las tareas y la posibilidad de aprehender personas en flagrancia. &hellip; <\/p>\n","protected":false},"author":5,"featured_media":30663,"comment_status":"closed","ping_status":"closed","sticky":false,"template":"","format":"standard","meta":{"om_disable_all_campaigns":false,"_joinchat":[]},"categories":[3],"tags":[46,43,569],"featured_image_urls":{"full":["https:\/\/infotep.com.ar\/wp-content\/uploads\/2026\/01\/inteligencia.webp",1200,675,false],"thumbnail":["https:\/\/infotep.com.ar\/wp-content\/uploads\/2026\/01\/inteligencia-150x150.webp",150,150,true],"medium":["https:\/\/infotep.com.ar\/wp-content\/uploads\/2026\/01\/inteligencia-300x169.webp",300,169,true],"medium_large":["https:\/\/infotep.com.ar\/wp-content\/uploads\/2026\/01\/inteligencia-768x432.webp",768,432,true],"large":["https:\/\/infotep.com.ar\/wp-content\/uploads\/2026\/01\/inteligencia-1024x576.webp",1020,574,true],"1536x1536":["https:\/\/infotep.com.ar\/wp-content\/uploads\/2026\/01\/inteligencia.webp",1200,675,false],"2048x2048":["https:\/\/infotep.com.ar\/wp-content\/uploads\/2026\/01\/inteligencia.webp",1200,675,false],"blossom-feminine-slider":["https:\/\/infotep.com.ar\/wp-content\/uploads\/2026\/01\/inteligencia-1200x649.webp",1200,649,true],"blossom-feminine-featured":["https:\/\/infotep.com.ar\/wp-content\/uploads\/2026\/01\/inteligencia-1200x600.webp",1200,600,true],"blossom-feminine-with-sidebar":["https:\/\/infotep.com.ar\/wp-content\/uploads\/2026\/01\/inteligencia-1020x600.webp",1020,600,true],"blossom-feminine-blog":["https:\/\/infotep.com.ar\/wp-content\/uploads\/2026\/01\/inteligencia-435x435.webp",435,435,true],"blossom-feminine-cat":["https:\/\/infotep.com.ar\/wp-content\/uploads\/2026\/01\/inteligencia-450x300.webp",450,300,true],"blossom-feminine-related":["https:\/\/infotep.com.ar\/wp-content\/uploads\/2026\/01\/inteligencia-320x200.webp",320,200,true],"blossom-feminine-schema":["https:\/\/infotep.com.ar\/wp-content\/uploads\/2026\/01\/inteligencia-107x60.webp",107,60,true],"blossom-mommy-blog-slider-big":["https:\/\/infotep.com.ar\/wp-content\/uploads\/2026\/01\/inteligencia-920x650.webp",920,650,true],"blossom-mommy-blog-slider":["https:\/\/infotep.com.ar\/wp-content\/uploads\/2026\/01\/inteligencia-460x310.webp",460,310,true],"blossom-mommy-blog-two":["https:\/\/infotep.com.ar\/wp-content\/uploads\/2026\/01\/inteligencia-768x480.webp",768,480,true]},"author_info":{"info":["Angela Tobar"]},"category_info":"<a href=\"https:\/\/infotep.com.ar\/index.php\/category\/nacionales\/\" rel=\"category tag\">Nacionales<\/a>","tag_info":"Nacionales","comment_count":"0","_links":{"self":[{"href":"https:\/\/infotep.com.ar\/index.php\/wp-json\/wp\/v2\/posts\/30662"}],"collection":[{"href":"https:\/\/infotep.com.ar\/index.php\/wp-json\/wp\/v2\/posts"}],"about":[{"href":"https:\/\/infotep.com.ar\/index.php\/wp-json\/wp\/v2\/types\/post"}],"author":[{"embeddable":true,"href":"https:\/\/infotep.com.ar\/index.php\/wp-json\/wp\/v2\/users\/5"}],"replies":[{"embeddable":true,"href":"https:\/\/infotep.com.ar\/index.php\/wp-json\/wp\/v2\/comments?post=30662"}],"version-history":[{"count":1,"href":"https:\/\/infotep.com.ar\/index.php\/wp-json\/wp\/v2\/posts\/30662\/revisions"}],"predecessor-version":[{"id":30664,"href":"https:\/\/infotep.com.ar\/index.php\/wp-json\/wp\/v2\/posts\/30662\/revisions\/30664"}],"wp:featuredmedia":[{"embeddable":true,"href":"https:\/\/infotep.com.ar\/index.php\/wp-json\/wp\/v2\/media\/30663"}],"wp:attachment":[{"href":"https:\/\/infotep.com.ar\/index.php\/wp-json\/wp\/v2\/media?parent=30662"}],"wp:term":[{"taxonomy":"category","embeddable":true,"href":"https:\/\/infotep.com.ar\/index.php\/wp-json\/wp\/v2\/categories?post=30662"},{"taxonomy":"post_tag","embeddable":true,"href":"https:\/\/infotep.com.ar\/index.php\/wp-json\/wp\/v2\/tags?post=30662"}],"curies":[{"name":"wp","href":"https:\/\/api.w.org\/{rel}","templated":true}]}}