{"id":3069,"date":"2023-01-31T23:28:39","date_gmt":"2023-02-01T02:28:39","guid":{"rendered":"https:\/\/infotep.com.ar\/?p=3069"},"modified":"2023-02-01T16:18:18","modified_gmt":"2023-02-01T19:18:18","slug":"sergio-massa-wado-de-pedro-maximo-kirchner-y-axel-kicillof-encabezaron-el-encuentro-del-fdt-en-merlo","status":"publish","type":"post","link":"https:\/\/infotep.com.ar\/index.php\/2023\/01\/31\/sergio-massa-wado-de-pedro-maximo-kirchner-y-axel-kicillof-encabezaron-el-encuentro-del-fdt-en-merlo\/","title":{"rendered":"Sergio Massa, Wado De Pedro, M\u00e1ximo Kirchner y Axel Kicillof encabezaron el encuentro del FdT en Merlo"},"content":{"rendered":"\n<p>El encuentro del que participaron la mayor\u00eda de referentes del Frente de Todos se llev\u00f3 adelante en Merlo. La reuni\u00f3n peronista busca &#8220;mostrar unidad en el comienzo de un a\u00f1o electoral&#8221;.<\/p>\n\n\n\n<p>El ministro de Econom\u00eda, Sergio Massa; su par de Interior, Eduardo &#8220;Wado&#8221; de Pedro; el gobernador de la provincia de Buenos Aires, Axel Kicillof; el diputado nacional y presidente del PJ provincial, M\u00e1ximo Kirchner; y el jefe de Gabinete bonaerense, Mart\u00edn Insaurralde, encabezaron en la noche del martes encuentro del Frente de Todos (FdT) en Merlo.<\/p>\n\n\n\n<p>Participaron tambi\u00e9n intendentes de la primera y la tercera secci\u00f3n electoral, dirigentes del Partido Justicialista, del Frente Renovador, el Frente Grande y Nuevo Encuentro, seg\u00fan se inform\u00f3 en un comunicado.<\/p>\n\n\n\n<p>La antesala del encuentro del FdT en Merlo<br><br>M\u00e1s temprano, Kicillof, M\u00e1ximo Kirchner, ministros e intendentes se reunieron en La Plata, horas antes del encuentro del peronismo bonaerense para analizar las pol\u00edticas p\u00fablicas que se desarrollan en la provincia de Buenos Aires y el impacto presupuestario que produce el fallo de la Suprema Corte de Justicia de la Naci\u00f3n.<\/p>\n\n\n\n<p>En la reuni\u00f3n en la Casa de Gobierno en La Plata estuvieron tambi\u00e9n el jefe de Gabinete, Mart\u00edn Insaurralde; la ministra de Gobierno, Cristina \u00c1lvarez Rodr\u00edguez; el titular de Hacienda, Pablo L\u00f3pez; su par de Desarrollo de la Comunidad, Andr\u00e9s Larroque; los jefes comunales Federico Ach\u00e1val (Pilar), Jorge Ferraresi (Avellaneda), Juan Andreotti (San Fernando), Mario Secco (Ensenada), Carlos Ramil (Escobar), el diputado bonaerense Mariano Cascallares y el presidente del Grupo Provincia, Gustavo Men\u00e9ndez.<\/p>\n\n\n\n<p>Seg\u00fan se explic\u00f3 en un comunicado, este encuentro forma parte de la ronda de reuniones que se vienen desarrollando desde 2022 y se abordaron temas como &#8220;la continuidad de la ejecuci\u00f3n del presupuesto aprobado por la Legislatura, el plan de infraestructura que lleva adelante el Gobierno provincial y las obras que tienen en marcha los municipios bonaerenses, teniendo en cuenta el fallo de la Corte Suprema de Justicia que impacta directamente en el financiamiento de todas las provincias argentinas&#8221;.<\/p>\n\n\n\n<p>Se indic\u00f3 que tambi\u00e9n se analizaron los programas de transformaci\u00f3n educativa y de salud que forman parte de las prioridades establecidas para 2023.<\/p>\n\n\n\n<p>&#8220;La preocupaci\u00f3n por las implicancias del arbitrario fallo (de la Corte Suprema en favor de la ciudad de Buenos Aires sobre coparticipaci\u00f3n) obliga a un seguimiento pormenorizado de cada \u00e1rea con el firme prop\u00f3sito de evitar que las y los bonaerenses paguen las consecuencias de la decisi\u00f3n pol\u00edtica de la Corte de solventar la campa\u00f1a electoral de la oposici\u00f3n&#8221;, se destac\u00f3 en el comunicado.<\/p>\n\n\n\n<p class=\"has-light-green-cyan-background-color has-background\">El acto en Merlo<br><br>En tanto, en la ciudad de Merlo, oeste del conurbano bonaerense, se reunieron desde las 19 funcionarios, dirigencia justicialista provincial e intendentes de la Primera y la Tercera secciones electorales (Norte\/Oeste y Sur del Gran Buenos Aires, respectivamente).<\/p>\n\n\n\n<p>El c\u00f3nclave se desarroll\u00f3 en la quinta La Colonial de esa ciudad, con ingreso sobre la avenida Constituci\u00f3n, escenario que suele ser utilizado para reuniones pol\u00edticas y que en esta ocasi\u00f3n es la plataforma elegida por el peronismo bonaerense para &#8220;mostrar unidad en el comienzo del a\u00f1o electoral&#8221;, indicaron voceros del sector.<\/p>\n\n\n\n<p>Tambi\u00e9n pretende mostrar en funcionamiento al &#8220;espacio de discusi\u00f3n, con la participaci\u00f3n de todos los actores del Frente de Todos, que existe en la Provincia&#8221;, a\u00f1adieron las fuentes citadas por la agencia de noticias T\u00e9lam.<\/p>\n\n\n\n<p>En la reuni\u00f3n hubo dirigentes del peronismo bonaerense que fueron intendentes por varios per\u00edodos y que ahora est\u00e1n a cargo de ministerios u otras carteras mientras sostienen su liderazgo pol\u00edtico en sus \u00e1mbitos, como el titular de Obras P\u00fablicas nacional, Gabriel Katopodis (San Mart\u00edn), e Insaurralde (Lomas de Zamora).<br><br>Sergio Massa hab\u00eda avisado previamente que llegar\u00eda m\u00e1s tarde, pues poco antes de la reuni\u00f3n partidaria se junt\u00f3 con la Mesa de Enlace agropecuaria en el Ministerio de Econom\u00eda.<\/p>\n\n\n\n<p>En el encuentro en Merlo participaron adem\u00e1s dirigentes del Frente Renovador liderado por el actual titular del Palacio de Hacienda; de Nuevo Encuentro, de Mart\u00edn Sabbatella, y del Frente Grande.<\/p>\n\n\n\n<p>Antes del encuentro, el intendente de Ensenada, Mario Secco, se\u00f1al\u00f3 que el objetivo de la reuni\u00f3n es &#8220;ver c\u00f3mo salimos para adelante todos juntos&#8221; y asegur\u00f3 que hay proyecci\u00f3n a las elecciones de octubre.<\/p>\n\n\n\n<p>&#8220;Siempre queremos lo mejor. Todos tienen que poner lo suyo para ser la mejor propuesta y que este a\u00f1o seamos m\u00e1s competitivos que nunca&#8221;, expres\u00f3 en declaraciones a los medios antes de ingresar a la quinta La Colonial. Adem\u00e1s, afirm\u00f3 que &#8220;Kicillof es el mejor candidato (a gobernador de la provincia)<\/p>\n","protected":false},"excerpt":{"rendered":"<p>El encuentro del que participaron la mayor&iacute;a de referentes del Frente de Todos se llev&oacute; adelante en Merlo. La reuni&oacute;n peronista busca &ldquo;mostrar unidad en el comienzo de un a&ntilde;o electoral&rdquo;. El ministro de Econom&iacute;a, Sergio Massa; su par de Interior, Eduardo &ldquo;Wado&rdquo; de Pedro; el gobernador de la provincia de Buenos Aires, Axel Kicillof; &hellip; <\/p>\n","protected":false},"author":5,"featured_media":3070,"comment_status":"closed","ping_status":"closed","sticky":false,"template":"","format":"standard","meta":{"om_disable_all_campaigns":false,"_joinchat":[]},"categories":[10,4],"tags":[46,287,311,43],"featured_image_urls":{"full":["https:\/\/infotep.com.ar\/wp-content\/uploads\/2023\/01\/WhatsApp-Image-2023-01-31-at-9.56.36-PM.jpeg",1600,1066,false],"thumbnail":["https:\/\/infotep.com.ar\/wp-content\/uploads\/2023\/01\/WhatsApp-Image-2023-01-31-at-9.56.36-PM-150x150.jpeg",150,150,true],"medium":["https:\/\/infotep.com.ar\/wp-content\/uploads\/2023\/01\/WhatsApp-Image-2023-01-31-at-9.56.36-PM-300x200.jpeg",300,200,true],"medium_large":["https:\/\/infotep.com.ar\/wp-content\/uploads\/2023\/01\/WhatsApp-Image-2023-01-31-at-9.56.36-PM-768x512.jpeg",768,512,true],"large":["https:\/\/infotep.com.ar\/wp-content\/uploads\/2023\/01\/WhatsApp-Image-2023-01-31-at-9.56.36-PM-1024x682.jpeg",1020,679,true],"1536x1536":["https:\/\/infotep.com.ar\/wp-content\/uploads\/2023\/01\/WhatsApp-Image-2023-01-31-at-9.56.36-PM-1536x1023.jpeg",1536,1023,true],"2048x2048":["https:\/\/infotep.com.ar\/wp-content\/uploads\/2023\/01\/WhatsApp-Image-2023-01-31-at-9.56.36-PM.jpeg",1600,1066,false],"blossom-feminine-slider":["https:\/\/infotep.com.ar\/wp-content\/uploads\/2023\/01\/WhatsApp-Image-2023-01-31-at-9.56.36-PM-1600x649.jpeg",1600,649,true],"blossom-feminine-featured":["https:\/\/infotep.com.ar\/wp-content\/uploads\/2023\/01\/WhatsApp-Image-2023-01-31-at-9.56.36-PM-1410x600.jpeg",1410,600,true],"blossom-feminine-with-sidebar":["https:\/\/infotep.com.ar\/wp-content\/uploads\/2023\/01\/WhatsApp-Image-2023-01-31-at-9.56.36-PM-1020x600.jpeg",1020,600,true],"blossom-feminine-blog":["https:\/\/infotep.com.ar\/wp-content\/uploads\/2023\/01\/WhatsApp-Image-2023-01-31-at-9.56.36-PM-435x435.jpeg",435,435,true],"blossom-feminine-cat":["https:\/\/infotep.com.ar\/wp-content\/uploads\/2023\/01\/WhatsApp-Image-2023-01-31-at-9.56.36-PM-450x300.jpeg",450,300,true],"blossom-feminine-related":["https:\/\/infotep.com.ar\/wp-content\/uploads\/2023\/01\/WhatsApp-Image-2023-01-31-at-9.56.36-PM-320x200.jpeg",320,200,true],"blossom-feminine-schema":["https:\/\/infotep.com.ar\/wp-content\/uploads\/2023\/01\/WhatsApp-Image-2023-01-31-at-9.56.36-PM-90x60.jpeg",90,60,true],"blossom-mommy-blog-slider-big":["https:\/\/infotep.com.ar\/wp-content\/uploads\/2023\/01\/WhatsApp-Image-2023-01-31-at-9.56.36-PM-920x650.jpeg",920,650,true],"blossom-mommy-blog-slider":["https:\/\/infotep.com.ar\/wp-content\/uploads\/2023\/01\/WhatsApp-Image-2023-01-31-at-9.56.36-PM-460x310.jpeg",460,310,true],"blossom-mommy-blog-two":["https:\/\/infotep.com.ar\/wp-content\/uploads\/2023\/01\/WhatsApp-Image-2023-01-31-at-9.56.36-PM-768x480.jpeg",768,480,true]},"author_info":{"info":["Angela Tobar"]},"category_info":"<a href=\"https:\/\/infotep.com.ar\/index.php\/category\/municipales\/merlo\/\" rel=\"category tag\">Merlo<\/a> <a href=\"https:\/\/infotep.com.ar\/index.php\/category\/provinciales\/\" rel=\"category tag\">Provinciales<\/a>","tag_info":"Provinciales","comment_count":"0","_links":{"self":[{"href":"https:\/\/infotep.com.ar\/index.php\/wp-json\/wp\/v2\/posts\/3069"}],"collection":[{"href":"https:\/\/infotep.com.ar\/index.php\/wp-json\/wp\/v2\/posts"}],"about":[{"href":"https:\/\/infotep.com.ar\/index.php\/wp-json\/wp\/v2\/types\/post"}],"author":[{"embeddable":true,"href":"https:\/\/infotep.com.ar\/index.php\/wp-json\/wp\/v2\/users\/5"}],"replies":[{"embeddable":true,"href":"https:\/\/infotep.com.ar\/index.php\/wp-json\/wp\/v2\/comments?post=3069"}],"version-history":[{"count":1,"href":"https:\/\/infotep.com.ar\/index.php\/wp-json\/wp\/v2\/posts\/3069\/revisions"}],"predecessor-version":[{"id":3071,"href":"https:\/\/infotep.com.ar\/index.php\/wp-json\/wp\/v2\/posts\/3069\/revisions\/3071"}],"wp:featuredmedia":[{"embeddable":true,"href":"https:\/\/infotep.com.ar\/index.php\/wp-json\/wp\/v2\/media\/3070"}],"wp:attachment":[{"href":"https:\/\/infotep.com.ar\/index.php\/wp-json\/wp\/v2\/media?parent=3069"}],"wp:term":[{"taxonomy":"category","embeddable":true,"href":"https:\/\/infotep.com.ar\/index.php\/wp-json\/wp\/v2\/categories?post=3069"},{"taxonomy":"post_tag","embeddable":true,"href":"https:\/\/infotep.com.ar\/index.php\/wp-json\/wp\/v2\/tags?post=3069"}],"curies":[{"name":"wp","href":"https:\/\/api.w.org\/{rel}","templated":true}]}}