{"id":30690,"date":"2026-01-06T08:48:46","date_gmt":"2026-01-06T11:48:46","guid":{"rendered":"https:\/\/infotep.com.ar\/?p=30690"},"modified":"2026-01-06T08:48:47","modified_gmt":"2026-01-06T11:48:47","slug":"arranca-la-pretemporada-de-atletismo-en-el-polideportivo-catonas","status":"publish","type":"post","link":"https:\/\/infotep.com.ar\/index.php\/2026\/01\/06\/arranca-la-pretemporada-de-atletismo-en-el-polideportivo-catonas\/","title":{"rendered":"Arranca la pretemporada de atletismo en el Polideportivo Catonas"},"content":{"rendered":"\n<p>Las clases comenzar\u00e1n el 6 de enero, los martes y jueves de 8 a 9 horas, para las categor\u00edas mini atletismo y juvenil, de 6 a 18 a\u00f1os<\/p>\n\n\n\n<p><strong>El Municipio de Moreno dar\u00e1 inicio una nueva pretemporada del Programa de Escuelas Deportivas Municipales de Atletismo que comenzar\u00e1n el 6 de enero, de 8 a 9 horas y se llevar\u00e1n a cabo en el Polideportivo Catonas, ubicado en Jos\u00e9 Ingenieros 3200, en la localidad de Trujui.<\/strong><\/p>\n\n\n\n<p>La inscripci\u00f3n se encuentra abierta y debe realizarse de manera presencial en el Polideportivo Catonas, de 9 a 15 horas. Para completar el tr\u00e1mite es requisito presentar fotocopia del DNI. <\/p>\n\n\n\n<p>Se marc\u00f3 que se0 podr\u00e1 participar de las clases en las categor\u00edas mini atletismo y juvenil, de 6 a 18 a\u00f1os, y que constan de entrenamientos orientados al fortalecimiento f\u00edsico y al desarrollo de las habilidades atl\u00e9ticas generales.<\/p>\n","protected":false},"excerpt":{"rendered":"<p>Las clases comenzar&aacute;n el 6 de enero, los martes y jueves de 8 a 9 horas, para las categor&iacute;as mini atletismo y juvenil, de 6 a 18 a&ntilde;os El Municipio de Moreno dar&aacute; inicio una nueva pretemporada del Programa de Escuelas Deportivas Municipales de Atletismo que comenzar&aacute;n el 6 de enero, de 8 a 9 &hellip; <\/p>\n","protected":false},"author":5,"featured_media":30691,"comment_status":"closed","ping_status":"closed","sticky":false,"template":"","format":"standard","meta":{"om_disable_all_campaigns":false,"_joinchat":[]},"categories":[31,85],"tags":[46,43,569],"featured_image_urls":{"full":["https:\/\/infotep.com.ar\/wp-content\/uploads\/2026\/01\/Arranca-la-pretemporada-de-atletismo-en-el-Polideportivo-Catonas.jpg",1000,562,false],"thumbnail":["https:\/\/infotep.com.ar\/wp-content\/uploads\/2026\/01\/Arranca-la-pretemporada-de-atletismo-en-el-Polideportivo-Catonas-150x150.jpg",150,150,true],"medium":["https:\/\/infotep.com.ar\/wp-content\/uploads\/2026\/01\/Arranca-la-pretemporada-de-atletismo-en-el-Polideportivo-Catonas-300x169.jpg",300,169,true],"medium_large":["https:\/\/infotep.com.ar\/wp-content\/uploads\/2026\/01\/Arranca-la-pretemporada-de-atletismo-en-el-Polideportivo-Catonas-768x432.jpg",768,432,true],"large":["https:\/\/infotep.com.ar\/wp-content\/uploads\/2026\/01\/Arranca-la-pretemporada-de-atletismo-en-el-Polideportivo-Catonas.jpg",1000,562,false],"1536x1536":["https:\/\/infotep.com.ar\/wp-content\/uploads\/2026\/01\/Arranca-la-pretemporada-de-atletismo-en-el-Polideportivo-Catonas.jpg",1000,562,false],"2048x2048":["https:\/\/infotep.com.ar\/wp-content\/uploads\/2026\/01\/Arranca-la-pretemporada-de-atletismo-en-el-Polideportivo-Catonas.jpg",1000,562,false],"blossom-feminine-slider":["https:\/\/infotep.com.ar\/wp-content\/uploads\/2026\/01\/Arranca-la-pretemporada-de-atletismo-en-el-Polideportivo-Catonas.jpg",1000,562,false],"blossom-feminine-featured":["https:\/\/infotep.com.ar\/wp-content\/uploads\/2026\/01\/Arranca-la-pretemporada-de-atletismo-en-el-Polideportivo-Catonas.jpg",1000,562,false],"blossom-feminine-with-sidebar":["https:\/\/infotep.com.ar\/wp-content\/uploads\/2026\/01\/Arranca-la-pretemporada-de-atletismo-en-el-Polideportivo-Catonas.jpg",1000,562,false],"blossom-feminine-blog":["https:\/\/infotep.com.ar\/wp-content\/uploads\/2026\/01\/Arranca-la-pretemporada-de-atletismo-en-el-Polideportivo-Catonas-435x435.jpg",435,435,true],"blossom-feminine-cat":["https:\/\/infotep.com.ar\/wp-content\/uploads\/2026\/01\/Arranca-la-pretemporada-de-atletismo-en-el-Polideportivo-Catonas-450x300.jpg",450,300,true],"blossom-feminine-related":["https:\/\/infotep.com.ar\/wp-content\/uploads\/2026\/01\/Arranca-la-pretemporada-de-atletismo-en-el-Polideportivo-Catonas-320x200.jpg",320,200,true],"blossom-feminine-schema":["https:\/\/infotep.com.ar\/wp-content\/uploads\/2026\/01\/Arranca-la-pretemporada-de-atletismo-en-el-Polideportivo-Catonas-107x60.jpg",107,60,true],"blossom-mommy-blog-slider-big":["https:\/\/infotep.com.ar\/wp-content\/uploads\/2026\/01\/Arranca-la-pretemporada-de-atletismo-en-el-Polideportivo-Catonas-920x562.jpg",920,562,true],"blossom-mommy-blog-slider":["https:\/\/infotep.com.ar\/wp-content\/uploads\/2026\/01\/Arranca-la-pretemporada-de-atletismo-en-el-Polideportivo-Catonas-460x310.jpg",460,310,true],"blossom-mommy-blog-two":["https:\/\/infotep.com.ar\/wp-content\/uploads\/2026\/01\/Arranca-la-pretemporada-de-atletismo-en-el-Polideportivo-Catonas-768x480.jpg",768,480,true]},"author_info":{"info":["Angela Tobar"]},"category_info":"<a href=\"https:\/\/infotep.com.ar\/index.php\/category\/destacadas\/\" rel=\"category tag\">Destacadas<\/a> <a href=\"https:\/\/infotep.com.ar\/index.php\/category\/municipales\/moreno\/\" rel=\"category tag\">Moreno<\/a>","tag_info":"Moreno","comment_count":"0","_links":{"self":[{"href":"https:\/\/infotep.com.ar\/index.php\/wp-json\/wp\/v2\/posts\/30690"}],"collection":[{"href":"https:\/\/infotep.com.ar\/index.php\/wp-json\/wp\/v2\/posts"}],"about":[{"href":"https:\/\/infotep.com.ar\/index.php\/wp-json\/wp\/v2\/types\/post"}],"author":[{"embeddable":true,"href":"https:\/\/infotep.com.ar\/index.php\/wp-json\/wp\/v2\/users\/5"}],"replies":[{"embeddable":true,"href":"https:\/\/infotep.com.ar\/index.php\/wp-json\/wp\/v2\/comments?post=30690"}],"version-history":[{"count":1,"href":"https:\/\/infotep.com.ar\/index.php\/wp-json\/wp\/v2\/posts\/30690\/revisions"}],"predecessor-version":[{"id":30692,"href":"https:\/\/infotep.com.ar\/index.php\/wp-json\/wp\/v2\/posts\/30690\/revisions\/30692"}],"wp:featuredmedia":[{"embeddable":true,"href":"https:\/\/infotep.com.ar\/index.php\/wp-json\/wp\/v2\/media\/30691"}],"wp:attachment":[{"href":"https:\/\/infotep.com.ar\/index.php\/wp-json\/wp\/v2\/media?parent=30690"}],"wp:term":[{"taxonomy":"category","embeddable":true,"href":"https:\/\/infotep.com.ar\/index.php\/wp-json\/wp\/v2\/categories?post=30690"},{"taxonomy":"post_tag","embeddable":true,"href":"https:\/\/infotep.com.ar\/index.php\/wp-json\/wp\/v2\/tags?post=30690"}],"curies":[{"name":"wp","href":"https:\/\/api.w.org\/{rel}","templated":true}]}}