{"id":30697,"date":"2026-01-06T08:59:50","date_gmt":"2026-01-06T11:59:50","guid":{"rendered":"https:\/\/infotep.com.ar\/?p=30697"},"modified":"2026-01-06T08:59:50","modified_gmt":"2026-01-06T11:59:50","slug":"como-proteger-la-piel-en-verano-durante-el-tratamiento-oncologico","status":"publish","type":"post","link":"https:\/\/infotep.com.ar\/index.php\/2026\/01\/06\/como-proteger-la-piel-en-verano-durante-el-tratamiento-oncologico\/","title":{"rendered":"C\u00f3mo proteger la piel en verano durante el tratamiento oncol\u00f3gico"},"content":{"rendered":"\n<p>La exposici\u00f3n al sol puede tener efectos da\u00f1inos a corto y largo plazo, por lo que es esencial adoptar medidas preventivas.<br><br>El verano es una \u00e9poca ideal para disfrutar del aire libre, pero tambi\u00e9n es un momento en el que debemos redoblar nuestros esfuerzos para proteger nuestra piel, ya que, la exposici\u00f3n al sol puede tener efectos da\u00f1inos a corto y largo plazo, por lo que es esencial adoptar medidas preventivas para cuidar nuestra salud dermatol\u00f3gica y, fundamentalmente si estamos bajo un tratamiento por c\u00e1ncer.<\/p>\n\n\n\n<p>Seg\u00fan un informe el Dr. Carlos Silva, director m\u00e9dico y coordinador del \u00c1rea de Acompa\u00f1amiento al Paciente de LALCEC, explic\u00f3 que: \u201cAlgunos medicamentos usados para tratar tumores pueden generar efectos secundarios en la piel o volver la piel m\u00e1s sensible a la radiaci\u00f3n solar, pero no ocurre con todos los tratamientos\u201d.<\/p>\n\n\n\n<p>\u201cTanto la quimioterapia como la inmunoterapia pueden producir distintos tipos de lesiones. Generalmente, la gran mayor\u00eda son reversibles y no dejan secuelas. De todos modos, es importante consultar al m\u00e9dico para confirmar si el f\u00e1rmaco que uno est\u00e1 recibiendo puede estar causando efectos secundarios en la piel y hacer un seguimiento adecuado. Muchas veces las personas pasan por alto ciertas se\u00f1ales porque piensan que son irrelevantes o que no tienen relaci\u00f3n con el tratamiento\u201d, a\u00f1adi\u00f3.<\/p>\n\n\n\n<p>El especialista se\u00f1al\u00f3 algunas recomendaciones a tener en cuenta: \u201cEn principio, es fundamental evitar la exposici\u00f3n al sol en las horas pico, incluso cuando est\u00e1 nublado, ya que los rayos atraviesan las nubes. Tambi\u00e9n es importante usar protector solar con FPS 50, aplicarlo antes de salir y volver a colocarlo cada dos horas o despu\u00e9s de actividades acu\u00e1ticas\u201d.<\/p>\n\n\n\n<p>\u201cSe recomienda adem\u00e1s usar ropas claras y de mangas largas, para cubrir brazos y piernas, que son las m\u00e1s expuestas y, por \u00faltimo, proteger el cuero cabelludo con un sombrero, ya que esa \u00e1rea tambi\u00e9n suele recibir mucha radiaci\u00f3n sola\u201d, manifest\u00f3 el Dr. Silva.<\/p>\n\n\n\n<p><strong>Durante el tratamiento oncol\u00f3gico es importante tomar algunos recaudos para proteger la piel:<\/strong><\/p>\n\n\n\n<p>Evitar el sol entre las 10 y las 16 o siempre que la sombra sea m\u00e1s corta que la propia altura.<br>Usar protector solar, idealmente con FPS 50, y re aplicarlo seg\u00fan indicaci\u00f3n.<br>No tomar sol si est\u00e1 recibiendo medicamentos que sensibilizan la piel. Consultar a su onc\u00f3logo cu\u00e1les de las drogas de su tratamiento pueden aumentar la sensibilidad a la radiaci\u00f3n ultravioleta.<br>Mantener una buena hidrataci\u00f3n, tanto tomando suficiente agua como usando cremas hidratantes diariamente.<br>\u201cSe recomienda realizar un control anual con un dermat\u00f3logo, preferentemente antes del verano. De ese modo se recibir\u00e1n indicaciones para el cuidado de la piel y tambi\u00e9n se podr\u00e1n detectar lesiones de alto riesgo que requieren de seguimiento\u201d, indic\u00f3.<\/p>\n\n\n\n<p>Finalmente, el m\u00e9dico dijo: \u201cEs importante consultar antes si aparece alguna lesi\u00f3n que: persiste en el tiempo, es asim\u00e9trica, tiene bordes irregulares, cambia de color o es muy oscura, supera los 6 mil\u00edmetros o crece, sangra o muestra alg\u00fan cambio importante\u201d.<\/p>\n","protected":false},"excerpt":{"rendered":"<p>La exposici&oacute;n al sol puede tener efectos da&ntilde;inos a corto y largo plazo, por lo que es esencial adoptar medidas preventivas. El verano es una &eacute;poca ideal para disfrutar del aire libre, pero tambi&eacute;n es un momento en el que debemos redoblar nuestros esfuerzos para proteger nuestra piel, ya que, la exposici&oacute;n al sol puede &hellip; <\/p>\n","protected":false},"author":5,"featured_media":30698,"comment_status":"closed","ping_status":"closed","sticky":false,"template":"","format":"standard","meta":{"om_disable_all_campaigns":false,"_joinchat":[]},"categories":[3],"tags":[46,43,569],"featured_image_urls":{"full":["https:\/\/infotep.com.ar\/wp-content\/uploads\/2026\/01\/720-30.webp",1080,720,false],"thumbnail":["https:\/\/infotep.com.ar\/wp-content\/uploads\/2026\/01\/720-30-150x150.webp",150,150,true],"medium":["https:\/\/infotep.com.ar\/wp-content\/uploads\/2026\/01\/720-30-300x200.webp",300,200,true],"medium_large":["https:\/\/infotep.com.ar\/wp-content\/uploads\/2026\/01\/720-30-768x512.webp",768,512,true],"large":["https:\/\/infotep.com.ar\/wp-content\/uploads\/2026\/01\/720-30-1024x683.webp",1020,680,true],"1536x1536":["https:\/\/infotep.com.ar\/wp-content\/uploads\/2026\/01\/720-30.webp",1080,720,false],"2048x2048":["https:\/\/infotep.com.ar\/wp-content\/uploads\/2026\/01\/720-30.webp",1080,720,false],"blossom-feminine-slider":["https:\/\/infotep.com.ar\/wp-content\/uploads\/2026\/01\/720-30-1080x649.webp",1080,649,true],"blossom-feminine-featured":["https:\/\/infotep.com.ar\/wp-content\/uploads\/2026\/01\/720-30-1080x600.webp",1080,600,true],"blossom-feminine-with-sidebar":["https:\/\/infotep.com.ar\/wp-content\/uploads\/2026\/01\/720-30-1020x600.webp",1020,600,true],"blossom-feminine-blog":["https:\/\/infotep.com.ar\/wp-content\/uploads\/2026\/01\/720-30-435x435.webp",435,435,true],"blossom-feminine-cat":["https:\/\/infotep.com.ar\/wp-content\/uploads\/2026\/01\/720-30-450x300.webp",450,300,true],"blossom-feminine-related":["https:\/\/infotep.com.ar\/wp-content\/uploads\/2026\/01\/720-30-320x200.webp",320,200,true],"blossom-feminine-schema":["https:\/\/infotep.com.ar\/wp-content\/uploads\/2026\/01\/720-30-90x60.webp",90,60,true],"blossom-mommy-blog-slider-big":["https:\/\/infotep.com.ar\/wp-content\/uploads\/2026\/01\/720-30-920x650.webp",920,650,true],"blossom-mommy-blog-slider":["https:\/\/infotep.com.ar\/wp-content\/uploads\/2026\/01\/720-30-460x310.webp",460,310,true],"blossom-mommy-blog-two":["https:\/\/infotep.com.ar\/wp-content\/uploads\/2026\/01\/720-30-768x480.webp",768,480,true]},"author_info":{"info":["Angela Tobar"]},"category_info":"<a href=\"https:\/\/infotep.com.ar\/index.php\/category\/nacionales\/\" rel=\"category tag\">Nacionales<\/a>","tag_info":"Nacionales","comment_count":"0","_links":{"self":[{"href":"https:\/\/infotep.com.ar\/index.php\/wp-json\/wp\/v2\/posts\/30697"}],"collection":[{"href":"https:\/\/infotep.com.ar\/index.php\/wp-json\/wp\/v2\/posts"}],"about":[{"href":"https:\/\/infotep.com.ar\/index.php\/wp-json\/wp\/v2\/types\/post"}],"author":[{"embeddable":true,"href":"https:\/\/infotep.com.ar\/index.php\/wp-json\/wp\/v2\/users\/5"}],"replies":[{"embeddable":true,"href":"https:\/\/infotep.com.ar\/index.php\/wp-json\/wp\/v2\/comments?post=30697"}],"version-history":[{"count":1,"href":"https:\/\/infotep.com.ar\/index.php\/wp-json\/wp\/v2\/posts\/30697\/revisions"}],"predecessor-version":[{"id":30699,"href":"https:\/\/infotep.com.ar\/index.php\/wp-json\/wp\/v2\/posts\/30697\/revisions\/30699"}],"wp:featuredmedia":[{"embeddable":true,"href":"https:\/\/infotep.com.ar\/index.php\/wp-json\/wp\/v2\/media\/30698"}],"wp:attachment":[{"href":"https:\/\/infotep.com.ar\/index.php\/wp-json\/wp\/v2\/media?parent=30697"}],"wp:term":[{"taxonomy":"category","embeddable":true,"href":"https:\/\/infotep.com.ar\/index.php\/wp-json\/wp\/v2\/categories?post=30697"},{"taxonomy":"post_tag","embeddable":true,"href":"https:\/\/infotep.com.ar\/index.php\/wp-json\/wp\/v2\/tags?post=30697"}],"curies":[{"name":"wp","href":"https:\/\/api.w.org\/{rel}","templated":true}]}}