{"id":30715,"date":"2026-01-07T01:34:51","date_gmt":"2026-01-07T04:34:51","guid":{"rendered":"https:\/\/infotep.com.ar\/?p=30715"},"modified":"2026-01-07T01:34:53","modified_gmt":"2026-01-07T04:34:53","slug":"ituzaingo-ofrece-un-verano-a-pura-cultura","status":"publish","type":"post","link":"https:\/\/infotep.com.ar\/index.php\/2026\/01\/07\/ituzaingo-ofrece-un-verano-a-pura-cultura\/","title":{"rendered":"Ituzaing\u00f3 ofrece un verano a pura cultura"},"content":{"rendered":"\n<p>Se encuentran abiertas las inscripciones a los talleres culturales de verano que se dictar\u00e1n durante enero y febrero en el Centro Cultural Ituzaing\u00f3 (Soler y Mansilla). La propuesta, pensada para toda la familia, incluye talleres de diversas disciplinas art\u00edsticas, como cer\u00e1mica, historieta, marroquiner\u00eda y m\u00e1s.<\/p>\n\n\n\n<p><strong>La oferta de talleres y horarios de cursada son los siguientes:<\/strong><\/p>\n\n\n\n<p>Taller de historieta (8 a 16 a\u00f1os) | Jueves y viernes de 17 a 18:30hs<br>Fileteado porte\u00f1o (+16 a\u00f1os) | Martes de 16 a 18hs<br>Expresi\u00f3n art\u00edstica multidisciplinaria (+16 a\u00f1os y grupos familiares)<br>Maquillaje teatral | Lunes de enero de 10 a 12hs<br>Realizaci\u00f3n de objetos reciclables | Jueves de febrero de 10 a 12hs<br>Dibujo y Pintura para la familia | Viernes 20 y 27 de febrero de 10 a 12hs<br>T\u00edteres: \u201cEl arte de dar vida\u201d (+18 a\u00f1os) | Martes de 9 a 11hs<br>Marroquiner\u00eda y talabarter\u00eda (+16 a\u00f1os) | Viernes de 18 a 21hs<br>Cer\u00e1mica artesanal y horno a le\u00f1a (+16 a\u00f1os) | Viernes de 11 a 13hs<br>Plater\u00eda criolla y cincelado (+16 a\u00f1os)<br>Charla de Cuchillo Criollo | Martes 6 de enero de 18 a 20hs<br>Taller de pulido | Martes 10 de febrero de 17 a 20hs<br>Telar (+16 a\u00f1os) | Lunes y viernes de 18 a 19hs. Inicia el 19 de enero.<br><br>Asimismo, se marc\u00f3 que durante enero y febrero los vecinos y vecinas pueden acercarse al Centro Cultural Ituzaing\u00f3 para disfrutar los viernes de teatro, que se realiza a las 20hs en la Sala Teatral del Centro, seg\u00fan el siguiente cronograma:<\/p>\n\n\n\n<p>30\/01 &#8211; \u201cBajo Fondo\u201d y \u201cTeatro Foro\u201d<br>06\/02 &#8211; \u201cLa \u00faltima funci\u00f3n\u201d y \u201cUn d\u00eda especial\u201d<br>20\/02 &#8211; \u201cEl embuste\u201d y \u201cLa prudencia\u201d<br>27\/02 &#8211; \u201cTeatro foro\u201d<br><\/p>\n\n\n\n<p><\/p>\n","protected":false},"excerpt":{"rendered":"<p>Se encuentran abiertas las inscripciones a los talleres culturales de verano que se dictar&aacute;n durante enero y febrero en el Centro Cultural Ituzaing&oacute; (Soler y Mansilla). La propuesta, pensada para toda la familia, incluye talleres de diversas disciplinas art&iacute;sticas, como cer&aacute;mica, historieta, marroquiner&iacute;a y m&aacute;s. La oferta de talleres y horarios de cursada son los &hellip; <\/p>\n","protected":false},"author":5,"featured_media":30716,"comment_status":"closed","ping_status":"closed","sticky":false,"template":"","format":"standard","meta":{"om_disable_all_campaigns":false,"_joinchat":[]},"categories":[8],"tags":[46,51,43,569],"featured_image_urls":{"full":["https:\/\/infotep.com.ar\/wp-content\/uploads\/2026\/01\/cultura-ituzaingo-teatro.jpeg",1280,853,false],"thumbnail":["https:\/\/infotep.com.ar\/wp-content\/uploads\/2026\/01\/cultura-ituzaingo-teatro-150x150.jpeg",150,150,true],"medium":["https:\/\/infotep.com.ar\/wp-content\/uploads\/2026\/01\/cultura-ituzaingo-teatro-300x200.jpeg",300,200,true],"medium_large":["https:\/\/infotep.com.ar\/wp-content\/uploads\/2026\/01\/cultura-ituzaingo-teatro-768x512.jpeg",768,512,true],"large":["https:\/\/infotep.com.ar\/wp-content\/uploads\/2026\/01\/cultura-ituzaingo-teatro-1024x682.jpeg",1020,679,true],"1536x1536":["https:\/\/infotep.com.ar\/wp-content\/uploads\/2026\/01\/cultura-ituzaingo-teatro.jpeg",1280,853,false],"2048x2048":["https:\/\/infotep.com.ar\/wp-content\/uploads\/2026\/01\/cultura-ituzaingo-teatro.jpeg",1280,853,false],"blossom-feminine-slider":["https:\/\/infotep.com.ar\/wp-content\/uploads\/2026\/01\/cultura-ituzaingo-teatro-1280x649.jpeg",1280,649,true],"blossom-feminine-featured":["https:\/\/infotep.com.ar\/wp-content\/uploads\/2026\/01\/cultura-ituzaingo-teatro-1280x600.jpeg",1280,600,true],"blossom-feminine-with-sidebar":["https:\/\/infotep.com.ar\/wp-content\/uploads\/2026\/01\/cultura-ituzaingo-teatro-1020x600.jpeg",1020,600,true],"blossom-feminine-blog":["https:\/\/infotep.com.ar\/wp-content\/uploads\/2026\/01\/cultura-ituzaingo-teatro-435x435.jpeg",435,435,true],"blossom-feminine-cat":["https:\/\/infotep.com.ar\/wp-content\/uploads\/2026\/01\/cultura-ituzaingo-teatro-450x300.jpeg",450,300,true],"blossom-feminine-related":["https:\/\/infotep.com.ar\/wp-content\/uploads\/2026\/01\/cultura-ituzaingo-teatro-320x200.jpeg",320,200,true],"blossom-feminine-schema":["https:\/\/infotep.com.ar\/wp-content\/uploads\/2026\/01\/cultura-ituzaingo-teatro-90x60.jpeg",90,60,true],"blossom-mommy-blog-slider-big":["https:\/\/infotep.com.ar\/wp-content\/uploads\/2026\/01\/cultura-ituzaingo-teatro-920x650.jpeg",920,650,true],"blossom-mommy-blog-slider":["https:\/\/infotep.com.ar\/wp-content\/uploads\/2026\/01\/cultura-ituzaingo-teatro-460x310.jpeg",460,310,true],"blossom-mommy-blog-two":["https:\/\/infotep.com.ar\/wp-content\/uploads\/2026\/01\/cultura-ituzaingo-teatro-768x480.jpeg",768,480,true]},"author_info":{"info":["Angela Tobar"]},"category_info":"<a href=\"https:\/\/infotep.com.ar\/index.php\/category\/municipales\/ituzaingo\/\" rel=\"category tag\">Ituzaing\u00f3<\/a>","tag_info":"Ituzaing\u00f3","comment_count":"0","_links":{"self":[{"href":"https:\/\/infotep.com.ar\/index.php\/wp-json\/wp\/v2\/posts\/30715"}],"collection":[{"href":"https:\/\/infotep.com.ar\/index.php\/wp-json\/wp\/v2\/posts"}],"about":[{"href":"https:\/\/infotep.com.ar\/index.php\/wp-json\/wp\/v2\/types\/post"}],"author":[{"embeddable":true,"href":"https:\/\/infotep.com.ar\/index.php\/wp-json\/wp\/v2\/users\/5"}],"replies":[{"embeddable":true,"href":"https:\/\/infotep.com.ar\/index.php\/wp-json\/wp\/v2\/comments?post=30715"}],"version-history":[{"count":1,"href":"https:\/\/infotep.com.ar\/index.php\/wp-json\/wp\/v2\/posts\/30715\/revisions"}],"predecessor-version":[{"id":30717,"href":"https:\/\/infotep.com.ar\/index.php\/wp-json\/wp\/v2\/posts\/30715\/revisions\/30717"}],"wp:featuredmedia":[{"embeddable":true,"href":"https:\/\/infotep.com.ar\/index.php\/wp-json\/wp\/v2\/media\/30716"}],"wp:attachment":[{"href":"https:\/\/infotep.com.ar\/index.php\/wp-json\/wp\/v2\/media?parent=30715"}],"wp:term":[{"taxonomy":"category","embeddable":true,"href":"https:\/\/infotep.com.ar\/index.php\/wp-json\/wp\/v2\/categories?post=30715"},{"taxonomy":"post_tag","embeddable":true,"href":"https:\/\/infotep.com.ar\/index.php\/wp-json\/wp\/v2\/tags?post=30715"}],"curies":[{"name":"wp","href":"https:\/\/api.w.org\/{rel}","templated":true}]}}