{"id":30718,"date":"2026-01-07T01:36:48","date_gmt":"2026-01-07T04:36:48","guid":{"rendered":"https:\/\/infotep.com.ar\/?p=30718"},"modified":"2026-01-07T01:36:49","modified_gmt":"2026-01-07T04:36:49","slug":"ciclo-lectivo-2026-se-definio-el-calendario-escolar-en-todo-el-pais","status":"publish","type":"post","link":"https:\/\/infotep.com.ar\/index.php\/2026\/01\/07\/ciclo-lectivo-2026-se-definio-el-calendario-escolar-en-todo-el-pais\/","title":{"rendered":"Ciclo lectivo 2026: se defini\u00f3 el calendario escolar en todo el pa\u00eds"},"content":{"rendered":"\n<p>Se conocieron las fechas de inicio de clases, vacaciones de invierno y finalizaci\u00f3n del ciclo.<br><\/p>\n\n\n\n<p>Los ministros de las 24 jurisdicciones se comprometieron con el cumplimiento de los 190 de clase efectivos, tal como garantiza la normativa vigente.<\/p>\n\n\n\n<p>Las clases iniciar\u00e1n el 18 de febrero en Santiago del Estero, mientras que en Tierra del Fuego ser\u00e1 el 24 de Febrero, as\u00ed como en CABA, Mendoza, Neuqu\u00e9n, Santa Cruz el 25 de febrero y en Chubut, Jujuy y San Luis el 23 de febrero.<\/p>\n\n\n\n<p><strong>Por su parte, el 02 de marzo dar\u00e1n inicio al ciclo lectivo la provincia de Buenos Aires, Catamarca, Chaco, C\u00f3rdoba, Corrientes, Entre R\u00edos, Formosa, La Pampa, La Rioja, Misiones, R\u00edo Negro, Salta, San Juan, Santa Fe y Tucum\u00e1n.<\/strong><\/p>\n\n\n\n<p><strong>Asimismo, el receso invernal ser\u00e1 desde el 20 al 31 de julio en la provincia de Buenos Aires, Ciudad de Buenos Aires, Santiago del Estero y Chaco.<\/strong><\/p>\n\n\n\n<p>En C\u00f3rdoba, Entre R\u00edos, Jujuy, Mendoza, San Juan, San Luis y Santa Fe las vacaciones de invierno tendr\u00e1n lugar desde el 6 al 17 de julio, as\u00ed como en Corrientes, Formosa, La Pampa, La Rioja, Misiones, Neuqu\u00e9n, R\u00edo Negro, Salta, Santa Cruz, Tierra del Fuego y Tucum\u00e1n ser\u00e1n del 13 al 24 de julio.<\/p>\n\n\n\n<p>Respecto a la finalizaci\u00f3n de cursada, en Formosa ser\u00e1 el 17 de diciembre, mientras que en CABA, Catamarca, Chaco, Chubut, C\u00f3rdoba, Corrientes, Entre R\u00edos, Jujuy, La Rioja, Neuqu\u00e9n, R\u00edo Negro, Salta, San Juan, San Luis, Santa Cruz, Santa Fe, Santiago del Estero, Tierra del Fuego y Tucum\u00e1n el ciclo lectivo concluir\u00e1 el 18 de diciembre.<\/p>\n\n\n\n<p>Por su parte, la Provincia de Buenos Aires, Mendoza, Misiones dar\u00e1 fin al ciclo el 22 de diciembre y La Pampa el 23 de diciembre.<\/p>\n","protected":false},"excerpt":{"rendered":"<p>Se conocieron las fechas de inicio de clases, vacaciones de invierno y finalizaci&oacute;n del ciclo. Los ministros de las 24 jurisdicciones se comprometieron con el cumplimiento de los 190 de clase efectivos, tal como garantiza la normativa vigente. Las clases iniciar&aacute;n el 18 de febrero en Santiago del Estero, mientras que en Tierra del Fuego &hellip; <\/p>\n","protected":false},"author":5,"featured_media":11355,"comment_status":"closed","ping_status":"closed","sticky":false,"template":"","format":"standard","meta":{"om_disable_all_campaigns":false,"_joinchat":[]},"categories":[31,4],"tags":[46,43,569],"featured_image_urls":{"full":["https:\/\/infotep.com.ar\/wp-content\/uploads\/2024\/02\/clases-escuela-2.jpg",1200,675,false],"thumbnail":["https:\/\/infotep.com.ar\/wp-content\/uploads\/2024\/02\/clases-escuela-2-150x150.jpg",150,150,true],"medium":["https:\/\/infotep.com.ar\/wp-content\/uploads\/2024\/02\/clases-escuela-2-300x169.jpg",300,169,true],"medium_large":["https:\/\/infotep.com.ar\/wp-content\/uploads\/2024\/02\/clases-escuela-2-768x432.jpg",768,432,true],"large":["https:\/\/infotep.com.ar\/wp-content\/uploads\/2024\/02\/clases-escuela-2-1024x576.jpg",1020,574,true],"1536x1536":["https:\/\/infotep.com.ar\/wp-content\/uploads\/2024\/02\/clases-escuela-2.jpg",1200,675,false],"2048x2048":["https:\/\/infotep.com.ar\/wp-content\/uploads\/2024\/02\/clases-escuela-2.jpg",1200,675,false],"blossom-feminine-slider":["https:\/\/infotep.com.ar\/wp-content\/uploads\/2024\/02\/clases-escuela-2-1200x649.jpg",1200,649,true],"blossom-feminine-featured":["https:\/\/infotep.com.ar\/wp-content\/uploads\/2024\/02\/clases-escuela-2-1200x600.jpg",1200,600,true],"blossom-feminine-with-sidebar":["https:\/\/infotep.com.ar\/wp-content\/uploads\/2024\/02\/clases-escuela-2-1020x600.jpg",1020,600,true],"blossom-feminine-blog":["https:\/\/infotep.com.ar\/wp-content\/uploads\/2024\/02\/clases-escuela-2-435x435.jpg",435,435,true],"blossom-feminine-cat":["https:\/\/infotep.com.ar\/wp-content\/uploads\/2024\/02\/clases-escuela-2-450x300.jpg",450,300,true],"blossom-feminine-related":["https:\/\/infotep.com.ar\/wp-content\/uploads\/2024\/02\/clases-escuela-2-320x200.jpg",320,200,true],"blossom-feminine-schema":["https:\/\/infotep.com.ar\/wp-content\/uploads\/2024\/02\/clases-escuela-2-107x60.jpg",107,60,true],"blossom-mommy-blog-slider-big":["https:\/\/infotep.com.ar\/wp-content\/uploads\/2024\/02\/clases-escuela-2-920x650.jpg",920,650,true],"blossom-mommy-blog-slider":["https:\/\/infotep.com.ar\/wp-content\/uploads\/2024\/02\/clases-escuela-2-460x310.jpg",460,310,true],"blossom-mommy-blog-two":["https:\/\/infotep.com.ar\/wp-content\/uploads\/2024\/02\/clases-escuela-2-768x480.jpg",768,480,true]},"author_info":{"info":["Angela Tobar"]},"category_info":"<a href=\"https:\/\/infotep.com.ar\/index.php\/category\/destacadas\/\" rel=\"category tag\">Destacadas<\/a> <a href=\"https:\/\/infotep.com.ar\/index.php\/category\/provinciales\/\" rel=\"category tag\">Provinciales<\/a>","tag_info":"Provinciales","comment_count":"0","_links":{"self":[{"href":"https:\/\/infotep.com.ar\/index.php\/wp-json\/wp\/v2\/posts\/30718"}],"collection":[{"href":"https:\/\/infotep.com.ar\/index.php\/wp-json\/wp\/v2\/posts"}],"about":[{"href":"https:\/\/infotep.com.ar\/index.php\/wp-json\/wp\/v2\/types\/post"}],"author":[{"embeddable":true,"href":"https:\/\/infotep.com.ar\/index.php\/wp-json\/wp\/v2\/users\/5"}],"replies":[{"embeddable":true,"href":"https:\/\/infotep.com.ar\/index.php\/wp-json\/wp\/v2\/comments?post=30718"}],"version-history":[{"count":1,"href":"https:\/\/infotep.com.ar\/index.php\/wp-json\/wp\/v2\/posts\/30718\/revisions"}],"predecessor-version":[{"id":30719,"href":"https:\/\/infotep.com.ar\/index.php\/wp-json\/wp\/v2\/posts\/30718\/revisions\/30719"}],"wp:featuredmedia":[{"embeddable":true,"href":"https:\/\/infotep.com.ar\/index.php\/wp-json\/wp\/v2\/media\/11355"}],"wp:attachment":[{"href":"https:\/\/infotep.com.ar\/index.php\/wp-json\/wp\/v2\/media?parent=30718"}],"wp:term":[{"taxonomy":"category","embeddable":true,"href":"https:\/\/infotep.com.ar\/index.php\/wp-json\/wp\/v2\/categories?post=30718"},{"taxonomy":"post_tag","embeddable":true,"href":"https:\/\/infotep.com.ar\/index.php\/wp-json\/wp\/v2\/tags?post=30718"}],"curies":[{"name":"wp","href":"https:\/\/api.w.org\/{rel}","templated":true}]}}