{"id":30742,"date":"2026-01-08T12:44:33","date_gmt":"2026-01-08T15:44:33","guid":{"rendered":"https:\/\/infotep.com.ar\/?p=30742"},"modified":"2026-01-08T13:52:47","modified_gmt":"2026-01-08T16:52:47","slug":"cayo-en-merlo-el-profugo-por-el-homicido-de-balbuena","status":"publish","type":"post","link":"https:\/\/infotep.com.ar\/index.php\/2026\/01\/08\/cayo-en-merlo-el-profugo-por-el-homicido-de-balbuena\/","title":{"rendered":"Cay\u00f3 en Merlo el pr\u00f3fugo por el homicido de Balbuena"},"content":{"rendered":"\n<p>La investigaci\u00f3n por el homicidio de Maximiliano Balbuena, de 26 a\u00f1os, sum\u00f3 una novedad clave en las \u00faltimas horas: fue detenido el segundo imputado, quien permanec\u00eda pr\u00f3fugo desde ocurrido el hecho. De esta manera, ambos acusados por el crimen ya se encuentran a disposici\u00f3n de la Justicia.<br><br>Personal de la Subcomisar\u00eda Barrio Matera, en el marco de las tareas investigativas, logr\u00f3 dar con el paradero de Kevin Ezequiel Ahumada, de 29 a\u00f1os, hijo de Fabi\u00e1n Eduardo Ahumada Romero, quien ya se encontraba detenido como autor material del ataque. Sobre el ahora aprehendido pesaba un pedido de captura vigente por su participaci\u00f3n en el hecho.<br><br>El crimen ocurri\u00f3 el 31 de diciembre de 2025, cuando un conflicto en la v\u00eda p\u00fablica deriv\u00f3 en una violenta agresi\u00f3n en la intersecci\u00f3n de las calles Freire y Boyac\u00e1. La v\u00edctima fue hallada con una grave lesi\u00f3n en la cabeza tras recibir un golpe con una botella, siendo trasladada de urgencia al Hospital Malvinas, donde permaneci\u00f3 internada en estado cr\u00edtico hasta que se confirm\u00f3 su fallecimiento.<br><br>A partir de ese momento, la causa fue recaratulada como homicidio, con intervenci\u00f3n de la UFI N.o 6 y el Juzgado de Garant\u00edas N.o 4 del Departamento Judicial Mor\u00f3n, que ordenaron diversas medidas, allanamientos y la intensa b\u00fasqueda del segundo implicado. <br><br>Con la reciente detenci\u00f3n del pr\u00f3fugo, la investigaci\u00f3n avanza con ambos imputados bajo custodia judicial, quedando ahora a disposici\u00f3n de la Justicia para el avance de las actuaciones correspondientes y el esclarecimiento total del hecho.<\/p>\n","protected":false},"excerpt":{"rendered":"<p>La investigaci&oacute;n por el homicidio de Maximiliano Balbuena, de 26 a&ntilde;os, sum&oacute; una novedad clave en las &uacute;ltimas horas: fue detenido el segundo imputado, quien permanec&iacute;a pr&oacute;fugo desde ocurrido el hecho. De esta manera, ambos acusados por el crimen ya se encuentran a disposici&oacute;n de la Justicia. Personal de la Subcomisar&iacute;a Barrio Matera, en el &hellip; <\/p>\n","protected":false},"author":5,"featured_media":30743,"comment_status":"closed","ping_status":"closed","sticky":false,"template":"","format":"standard","meta":{"om_disable_all_campaigns":false,"_joinchat":[]},"categories":[31,10],"tags":[46,43,569],"featured_image_urls":{"full":["https:\/\/infotep.com.ar\/wp-content\/uploads\/2026\/01\/Foto.jpeg",1000,555,false],"thumbnail":["https:\/\/infotep.com.ar\/wp-content\/uploads\/2026\/01\/Foto-150x150.jpeg",150,150,true],"medium":["https:\/\/infotep.com.ar\/wp-content\/uploads\/2026\/01\/Foto-300x167.jpeg",300,167,true],"medium_large":["https:\/\/infotep.com.ar\/wp-content\/uploads\/2026\/01\/Foto-768x426.jpeg",768,426,true],"large":["https:\/\/infotep.com.ar\/wp-content\/uploads\/2026\/01\/Foto.jpeg",1000,555,false],"1536x1536":["https:\/\/infotep.com.ar\/wp-content\/uploads\/2026\/01\/Foto.jpeg",1000,555,false],"2048x2048":["https:\/\/infotep.com.ar\/wp-content\/uploads\/2026\/01\/Foto.jpeg",1000,555,false],"blossom-feminine-slider":["https:\/\/infotep.com.ar\/wp-content\/uploads\/2026\/01\/Foto.jpeg",1000,555,false],"blossom-feminine-featured":["https:\/\/infotep.com.ar\/wp-content\/uploads\/2026\/01\/Foto.jpeg",1000,555,false],"blossom-feminine-with-sidebar":["https:\/\/infotep.com.ar\/wp-content\/uploads\/2026\/01\/Foto.jpeg",1000,555,false],"blossom-feminine-blog":["https:\/\/infotep.com.ar\/wp-content\/uploads\/2026\/01\/Foto-435x435.jpeg",435,435,true],"blossom-feminine-cat":["https:\/\/infotep.com.ar\/wp-content\/uploads\/2026\/01\/Foto-450x300.jpeg",450,300,true],"blossom-feminine-related":["https:\/\/infotep.com.ar\/wp-content\/uploads\/2026\/01\/Foto-320x200.jpeg",320,200,true],"blossom-feminine-schema":["https:\/\/infotep.com.ar\/wp-content\/uploads\/2026\/01\/Foto-108x60.jpeg",108,60,true],"blossom-mommy-blog-slider-big":["https:\/\/infotep.com.ar\/wp-content\/uploads\/2026\/01\/Foto-920x555.jpeg",920,555,true],"blossom-mommy-blog-slider":["https:\/\/infotep.com.ar\/wp-content\/uploads\/2026\/01\/Foto-460x310.jpeg",460,310,true],"blossom-mommy-blog-two":["https:\/\/infotep.com.ar\/wp-content\/uploads\/2026\/01\/Foto-768x480.jpeg",768,480,true]},"author_info":{"info":["Angela Tobar"]},"category_info":"<a href=\"https:\/\/infotep.com.ar\/index.php\/category\/destacadas\/\" rel=\"category tag\">Destacadas<\/a> <a href=\"https:\/\/infotep.com.ar\/index.php\/category\/municipales\/merlo\/\" rel=\"category tag\">Merlo<\/a>","tag_info":"Merlo","comment_count":"0","_links":{"self":[{"href":"https:\/\/infotep.com.ar\/index.php\/wp-json\/wp\/v2\/posts\/30742"}],"collection":[{"href":"https:\/\/infotep.com.ar\/index.php\/wp-json\/wp\/v2\/posts"}],"about":[{"href":"https:\/\/infotep.com.ar\/index.php\/wp-json\/wp\/v2\/types\/post"}],"author":[{"embeddable":true,"href":"https:\/\/infotep.com.ar\/index.php\/wp-json\/wp\/v2\/users\/5"}],"replies":[{"embeddable":true,"href":"https:\/\/infotep.com.ar\/index.php\/wp-json\/wp\/v2\/comments?post=30742"}],"version-history":[{"count":1,"href":"https:\/\/infotep.com.ar\/index.php\/wp-json\/wp\/v2\/posts\/30742\/revisions"}],"predecessor-version":[{"id":30744,"href":"https:\/\/infotep.com.ar\/index.php\/wp-json\/wp\/v2\/posts\/30742\/revisions\/30744"}],"wp:featuredmedia":[{"embeddable":true,"href":"https:\/\/infotep.com.ar\/index.php\/wp-json\/wp\/v2\/media\/30743"}],"wp:attachment":[{"href":"https:\/\/infotep.com.ar\/index.php\/wp-json\/wp\/v2\/media?parent=30742"}],"wp:term":[{"taxonomy":"category","embeddable":true,"href":"https:\/\/infotep.com.ar\/index.php\/wp-json\/wp\/v2\/categories?post=30742"},{"taxonomy":"post_tag","embeddable":true,"href":"https:\/\/infotep.com.ar\/index.php\/wp-json\/wp\/v2\/tags?post=30742"}],"curies":[{"name":"wp","href":"https:\/\/api.w.org\/{rel}","templated":true}]}}