{"id":30751,"date":"2026-01-08T12:53:51","date_gmt":"2026-01-08T15:53:51","guid":{"rendered":"https:\/\/infotep.com.ar\/?p=30751"},"modified":"2026-01-08T13:52:36","modified_gmt":"2026-01-08T16:52:36","slug":"ituzaingo-celebra-la-alegria-del-carnaval","status":"publish","type":"post","link":"https:\/\/infotep.com.ar\/index.php\/2026\/01\/08\/ituzaingo-celebra-la-alegria-del-carnaval\/","title":{"rendered":"Ituzaing\u00f3 celebra la alegr\u00eda del carnaval"},"content":{"rendered":"\n<p>El Gobierno Municipal anuncia las nuevas fechas del ciclo Coraz\u00f3n de Barrio para el a\u00f1o 2026. El mismo es organizado por la Secretar\u00eda de Educaci\u00f3n y Cultura en el marco del Programa de Desarrollo del Carnaval, que promueve esta expresi\u00f3n art\u00edstica representativa de nuestra identidad local.<\/p>\n\n\n\n<p>Esta iniciativa fomenta la participaci\u00f3n ciudadana en la planificaci\u00f3n, organizaci\u00f3n y celebraci\u00f3n de esta festividad tradicional. Asimismo, se trabaja de forma articulada con los distintos corsos para gestionar sus necesidades, proporcionando materiales y asistencia log\u00edstica para sus demostraciones.<\/p>\n\n\n\n<p>Los vecinos y vecinas pueden acercarse los s\u00e1bados, de 18 a 1:30hs, a los encuentros del Ciclo \u201cCoraz\u00f3n de Barrio\u201d, para formar parte de la fiesta de los corsos, participar de talleres abiertos, juegos y otras actividades. Las jornadas se realizan en distintos puntos del distrito, con el objetivo de acercar a cada barrio los colores del carnaval.<\/p>\n\n\n\n<p>A continuaci\u00f3n, el cronograma del mes de enero:<\/p>\n\n\n\n<p>S\u00e1bado 10\/01<br>Murga \u201cLos Pirados del Oeste\u201d (Alsina 4349)<br>Murga \u201cLos Amantes del Arrabal\u201d (Del Lazo y De las Caronas)<br>S\u00e1bado 17\/01<br>Murga \u201cLos Incorregibles de Ituzaing\u00f3\u201d (Bermejo, entre Los Ranqueles y 3 de Octubre)<br>Murga \u201cLos Dichosos de Udaondo\u201d (Ciudadela, entre Tabar\u00e9 y Del Cabestro)<br>S\u00e1bado 24\/01<br>Murga \u201cAvivando la Locura\u201d (Fitz Roy entre Facundo y El Chacho. Plaza Barrio Nuevo)<br>S\u00e1bado 31\/01<br>Murga \u201cLos Dichosos de Udaondo\u201d (Ciudadela, entre Tabar\u00e9 y Del Cabestro)<br>Murga \u201cLos, las, les que quedamos\u201d (Boulevard Fleming y Bruselas)<\/p>\n\n\n\n<p>Es importante destacar que todas las actividades son gratuitas y que los encuentros ser\u00e1n reprogramados en caso de lluvia.<\/p>\n\n\n\n<p>Durante 2025, el ciclo reuni\u00f3 a m\u00e1s de 18.000 vecinos y vecinas en 16 encuentros en los que pudieron disfrutar los colores, la m\u00fasica y la fiesta de la murga, de la mano de los corsos tradicionales de nuestra ciudad, como \u201cLos, las que Quedamos\u201d, \u201cLos Amantes del Arrabal\u201d, \u201cLos Pirados del Oeste\u201d, \u201cLos Incorregibles\u201d, \u201cAvivando la Locura\u201d y \u201cLos Dichosos de Udaondo\u201d. Adem\u00e1s de las 450 personas que forman parte regularmente de estas murgas, participaron en los encuentros otros 1.500 artistas invitados.<\/p>\n","protected":false},"excerpt":{"rendered":"<p>El Gobierno Municipal anuncia las nuevas fechas del ciclo Coraz&oacute;n de Barrio para el a&ntilde;o 2026. El mismo es organizado por la Secretar&iacute;a de Educaci&oacute;n y Cultura en el marco del Programa de Desarrollo del Carnaval, que promueve esta expresi&oacute;n art&iacute;stica representativa de nuestra identidad local. Esta iniciativa fomenta la participaci&oacute;n ciudadana en la planificaci&oacute;n, &hellip; <\/p>\n","protected":false},"author":5,"featured_media":30752,"comment_status":"closed","ping_status":"closed","sticky":false,"template":"","format":"standard","meta":{"om_disable_all_campaigns":false,"_joinchat":[]},"categories":[31,8],"tags":[46,43,569],"featured_image_urls":{"full":["https:\/\/infotep.com.ar\/wp-content\/uploads\/2026\/01\/Corazon-de-barrio.jpeg",1600,1067,false],"thumbnail":["https:\/\/infotep.com.ar\/wp-content\/uploads\/2026\/01\/Corazon-de-barrio-150x150.jpeg",150,150,true],"medium":["https:\/\/infotep.com.ar\/wp-content\/uploads\/2026\/01\/Corazon-de-barrio-300x200.jpeg",300,200,true],"medium_large":["https:\/\/infotep.com.ar\/wp-content\/uploads\/2026\/01\/Corazon-de-barrio-768x512.jpeg",768,512,true],"large":["https:\/\/infotep.com.ar\/wp-content\/uploads\/2026\/01\/Corazon-de-barrio-1024x683.jpeg",1020,680,true],"1536x1536":["https:\/\/infotep.com.ar\/wp-content\/uploads\/2026\/01\/Corazon-de-barrio-1536x1024.jpeg",1536,1024,true],"2048x2048":["https:\/\/infotep.com.ar\/wp-content\/uploads\/2026\/01\/Corazon-de-barrio.jpeg",1600,1067,false],"blossom-feminine-slider":["https:\/\/infotep.com.ar\/wp-content\/uploads\/2026\/01\/Corazon-de-barrio-1600x649.jpeg",1600,649,true],"blossom-feminine-featured":["https:\/\/infotep.com.ar\/wp-content\/uploads\/2026\/01\/Corazon-de-barrio-1410x600.jpeg",1410,600,true],"blossom-feminine-with-sidebar":["https:\/\/infotep.com.ar\/wp-content\/uploads\/2026\/01\/Corazon-de-barrio-1020x600.jpeg",1020,600,true],"blossom-feminine-blog":["https:\/\/infotep.com.ar\/wp-content\/uploads\/2026\/01\/Corazon-de-barrio-435x435.jpeg",435,435,true],"blossom-feminine-cat":["https:\/\/infotep.com.ar\/wp-content\/uploads\/2026\/01\/Corazon-de-barrio-450x300.jpeg",450,300,true],"blossom-feminine-related":["https:\/\/infotep.com.ar\/wp-content\/uploads\/2026\/01\/Corazon-de-barrio-320x200.jpeg",320,200,true],"blossom-feminine-schema":["https:\/\/infotep.com.ar\/wp-content\/uploads\/2026\/01\/Corazon-de-barrio-90x60.jpeg",90,60,true],"blossom-mommy-blog-slider-big":["https:\/\/infotep.com.ar\/wp-content\/uploads\/2026\/01\/Corazon-de-barrio-920x650.jpeg",920,650,true],"blossom-mommy-blog-slider":["https:\/\/infotep.com.ar\/wp-content\/uploads\/2026\/01\/Corazon-de-barrio-460x310.jpeg",460,310,true],"blossom-mommy-blog-two":["https:\/\/infotep.com.ar\/wp-content\/uploads\/2026\/01\/Corazon-de-barrio-768x480.jpeg",768,480,true]},"author_info":{"info":["Angela Tobar"]},"category_info":"<a href=\"https:\/\/infotep.com.ar\/index.php\/category\/destacadas\/\" rel=\"category tag\">Destacadas<\/a> <a href=\"https:\/\/infotep.com.ar\/index.php\/category\/municipales\/ituzaingo\/\" rel=\"category tag\">Ituzaing\u00f3<\/a>","tag_info":"Ituzaing\u00f3","comment_count":"0","_links":{"self":[{"href":"https:\/\/infotep.com.ar\/index.php\/wp-json\/wp\/v2\/posts\/30751"}],"collection":[{"href":"https:\/\/infotep.com.ar\/index.php\/wp-json\/wp\/v2\/posts"}],"about":[{"href":"https:\/\/infotep.com.ar\/index.php\/wp-json\/wp\/v2\/types\/post"}],"author":[{"embeddable":true,"href":"https:\/\/infotep.com.ar\/index.php\/wp-json\/wp\/v2\/users\/5"}],"replies":[{"embeddable":true,"href":"https:\/\/infotep.com.ar\/index.php\/wp-json\/wp\/v2\/comments?post=30751"}],"version-history":[{"count":1,"href":"https:\/\/infotep.com.ar\/index.php\/wp-json\/wp\/v2\/posts\/30751\/revisions"}],"predecessor-version":[{"id":30753,"href":"https:\/\/infotep.com.ar\/index.php\/wp-json\/wp\/v2\/posts\/30751\/revisions\/30753"}],"wp:featuredmedia":[{"embeddable":true,"href":"https:\/\/infotep.com.ar\/index.php\/wp-json\/wp\/v2\/media\/30752"}],"wp:attachment":[{"href":"https:\/\/infotep.com.ar\/index.php\/wp-json\/wp\/v2\/media?parent=30751"}],"wp:term":[{"taxonomy":"category","embeddable":true,"href":"https:\/\/infotep.com.ar\/index.php\/wp-json\/wp\/v2\/categories?post=30751"},{"taxonomy":"post_tag","embeddable":true,"href":"https:\/\/infotep.com.ar\/index.php\/wp-json\/wp\/v2\/tags?post=30751"}],"curies":[{"name":"wp","href":"https:\/\/api.w.org\/{rel}","templated":true}]}}