{"id":30754,"date":"2026-01-08T12:59:16","date_gmt":"2026-01-08T15:59:16","guid":{"rendered":"https:\/\/infotep.com.ar\/?p=30754"},"modified":"2026-01-08T13:52:28","modified_gmt":"2026-01-08T16:52:28","slug":"moreno-abrio-la-inscripcion-a-los-cursos-cortos-de-verano-de-formacion-profesional","status":"publish","type":"post","link":"https:\/\/infotep.com.ar\/index.php\/2026\/01\/08\/moreno-abrio-la-inscripcion-a-los-cursos-cortos-de-verano-de-formacion-profesional\/","title":{"rendered":"Moreno abri\u00f3 la inscripci\u00f3n a los cursos cortos de verano de Formaci\u00f3n Profesional"},"content":{"rendered":"\n<p>Moreno abri\u00f3 la inscripci\u00f3n a los Cursos cortos de verano de Formaci\u00f3n Profesional, una iniciativa orientada a fortalecer habilidades, incorporar conocimientos pr\u00e1cticos y acompa\u00f1ar los procesos de formaci\u00f3n e inserci\u00f3n laboral. La convocatoria estar\u00e1 disponible hasta el 9 de enero, desde las 8 horas, hasta agotar los cupos.<\/p>\n\n\n\n<p><strong>Los cursos est\u00e1n dirigidos a personas mayores de 16 a\u00f1os que residan en el distrito. La inscripci\u00f3n se realiza de manera online a trav\u00e9s del siguiente enlace: capacitacionesimdel.moreno.gob.ar.<\/strong><\/p>\n\n\n\n<p class=\"has-light-green-cyan-background-color has-background\">Las clases se dictar\u00e1n en las sedes municipales de la Escuela de Formaci\u00f3n T\u00e9cnico Laboral, ubicada en Merlo 2091, Moreno Centro, y el Centro Municipal de Formaci\u00f3n Profesional \u201cLa Agraria\u201d, en M\u00e9xico 646, Moreno Norte.<\/p>\n\n\n\n<p>La propuesta incluye capacitaciones vinculadas a distintos oficios y \u00e1reas de formaci\u00f3n profesional, en los rubros de industrias culturales y creativas, mundo del trabajo, inform\u00e1tica, producci\u00f3n agroalimentaria y construcci\u00f3n, pensadas para brindar herramientas concretas y saberes aplicables que permitan potenciar el desarrollo personal, laboral y productivo de las y los participantes.<\/p>\n\n\n\n<p>A continuaci\u00f3n se detallan las sedes, los rubros, los cursos, los d\u00edas de encuentro y la fecha de inicio:<\/p>\n\n\n\n<p>En la Escuela de Formaci\u00f3n T\u00e9cnico Laboral &#8211; Merlo 2091, MorenoCentro<\/p>\n\n\n\n<p><strong>Industrias Culturales y Creativas<\/strong><\/p>\n\n\n\n<ul>\n<li>Fotoproducto para emprendedores: dos encuentros, los mi\u00e9rcoles de 9 a 12 horas. Inicio: 21 de enero.<\/li>\n<\/ul>\n\n\n\n<p><strong>Mundo del Trabajo<\/strong><\/p>\n\n\n\n<ul>\n<li>Entrevista laboral y armado de CV: un encuentro, los lunes de 13 a 16 horas. Inicio: 12 de enero<\/li>\n\n\n\n<li>Herramientas de gesti\u00f3n para emprendedores: dos encuentros, los viernes de 9 a 12 horas. Inicio 16 de enero<\/li>\n<\/ul>\n\n\n\n<p><strong>Inform\u00e1tica (TIC)<\/strong><\/p>\n\n\n\n<ul>\n<li>Uso b\u00e1sicode CANVA: dos encuentros, los mi\u00e9rcoles de 13 a 16 horas. Inicio: 14 de enero<\/li>\n\n\n\n<li>Reels para emprendedores: dos encuentros, los jueves de 13 a 16 horas. Inicio: 15 de enero<\/li>\n<\/ul>\n\n\n\n<p><strong>Producci\u00f3n Agroalimentaria<\/strong><\/p>\n\n\n\n<ul>\n<li>Cocina de verano: dos encuentros, los lunes de 9 a 12 horas. Inicio: 12 de enero<\/li>\n\n\n\n<li>Recetas saludables de temporada, los martes de 9 a 12 horas. Inicio: 13 de enero<\/li>\n<\/ul>\n\n\n\n<p><strong>Construcci\u00f3n<\/strong><\/p>\n\n\n\n<ul>\n<li>Limpieza y mantenimiento de aires acondicionados. Conocimientos b\u00e1sicos para la comunidad: dos encuentros, los viernes de 13 a 16 horas. Inicio: 15 de enero.<\/li>\n<\/ul>\n\n\n\n<p>En el Centro Municipal de Formaci\u00f3n Profesional \u201cLa Agraria\u201d- M\u00e9xico 646, Moreno Norte<\/p>\n\n\n\n<p><strong>Industrias Culturales y Creativas<\/strong><\/p>\n\n\n\n<ul>\n<li>Fotoproducto para emprendedores: dos encuentros, los martes de 9 a 12 horas. Inicio: 20 de enero.<\/li>\n<\/ul>\n\n\n\n<p><strong>Mundo del Trabajo<\/strong><\/p>\n\n\n\n<ul>\n<li>Entrevista laboral y armado de CV: de un encuentro, los jueves de 13 a 16 horas. Inicio: 15 de enero<\/li>\n\n\n\n<li>Herramientas de gesti\u00f3n para emprendedores: dos encuentros, los martes de 9 a 12 horas, Inicio: 13 de enero<\/li>\n<\/ul>\n\n\n\n<p><strong>Inform\u00e1tica (TIC)<\/strong><\/p>\n\n\n\n<ul>\n<li>Uso b\u00e1sico de CANVA: dos encuentros, los martes de 13 a 16 horas. Inicio: 13 de enero<\/li>\n\n\n\n<li>Reels para emprendedores: los viernes de 13 a 16 horas. Inicio: el 16 de enero<\/li>\n<\/ul>\n\n\n\n<p><strong>Producci\u00f3n Agroalimentaria<\/strong><\/p>\n\n\n\n<ul>\n<li>Cocina de verano: con dos encuentros, los martes de 9 a 12 horas. Inicio: 13 de enero<\/li>\n\n\n\n<li>Recetas saludables de temporada, los lunes de 9 a 12 horas. Inicio: 12 de enero<\/li>\n<\/ul>\n\n\n\n<p><strong>Construcci\u00f3n<\/strong><\/p>\n\n\n\n<ul>\n<li>Limpieza y mantenimiento de aires acondicionados. Conocimientos b\u00e1sicos para la comunidad: con dos encuentros, los mi\u00e9rcoles de 13 a 16 horas. Inicio: 14 de enero<\/li>\n<\/ul>\n","protected":false},"excerpt":{"rendered":"<p>Moreno abri&oacute; la inscripci&oacute;n a los Cursos cortos de verano de Formaci&oacute;n Profesional, una iniciativa orientada a fortalecer habilidades, incorporar conocimientos pr&aacute;cticos y acompa&ntilde;ar los procesos de formaci&oacute;n e inserci&oacute;n laboral. La convocatoria estar&aacute; disponible hasta el 9 de enero, desde las 8 horas, hasta agotar los cupos. Los cursos est&aacute;n dirigidos a personas mayores &hellip; <\/p>\n","protected":false},"author":5,"featured_media":30755,"comment_status":"closed","ping_status":"closed","sticky":false,"template":"","format":"standard","meta":{"om_disable_all_campaigns":false,"_joinchat":[]},"categories":[31,85],"tags":[46,107,43,569],"featured_image_urls":{"full":["https:\/\/infotep.com.ar\/wp-content\/uploads\/2026\/01\/Formacion.jpg",1381,777,false],"thumbnail":["https:\/\/infotep.com.ar\/wp-content\/uploads\/2026\/01\/Formacion-150x150.jpg",150,150,true],"medium":["https:\/\/infotep.com.ar\/wp-content\/uploads\/2026\/01\/Formacion-300x169.jpg",300,169,true],"medium_large":["https:\/\/infotep.com.ar\/wp-content\/uploads\/2026\/01\/Formacion-768x432.jpg",768,432,true],"large":["https:\/\/infotep.com.ar\/wp-content\/uploads\/2026\/01\/Formacion-1024x576.jpg",1020,574,true],"1536x1536":["https:\/\/infotep.com.ar\/wp-content\/uploads\/2026\/01\/Formacion.jpg",1381,777,false],"2048x2048":["https:\/\/infotep.com.ar\/wp-content\/uploads\/2026\/01\/Formacion.jpg",1381,777,false],"blossom-feminine-slider":["https:\/\/infotep.com.ar\/wp-content\/uploads\/2026\/01\/Formacion-1381x649.jpg",1381,649,true],"blossom-feminine-featured":["https:\/\/infotep.com.ar\/wp-content\/uploads\/2026\/01\/Formacion-1381x600.jpg",1381,600,true],"blossom-feminine-with-sidebar":["https:\/\/infotep.com.ar\/wp-content\/uploads\/2026\/01\/Formacion-1020x600.jpg",1020,600,true],"blossom-feminine-blog":["https:\/\/infotep.com.ar\/wp-content\/uploads\/2026\/01\/Formacion-435x435.jpg",435,435,true],"blossom-feminine-cat":["https:\/\/infotep.com.ar\/wp-content\/uploads\/2026\/01\/Formacion-450x300.jpg",450,300,true],"blossom-feminine-related":["https:\/\/infotep.com.ar\/wp-content\/uploads\/2026\/01\/Formacion-320x200.jpg",320,200,true],"blossom-feminine-schema":["https:\/\/infotep.com.ar\/wp-content\/uploads\/2026\/01\/Formacion-107x60.jpg",107,60,true],"blossom-mommy-blog-slider-big":["https:\/\/infotep.com.ar\/wp-content\/uploads\/2026\/01\/Formacion-920x650.jpg",920,650,true],"blossom-mommy-blog-slider":["https:\/\/infotep.com.ar\/wp-content\/uploads\/2026\/01\/Formacion-460x310.jpg",460,310,true],"blossom-mommy-blog-two":["https:\/\/infotep.com.ar\/wp-content\/uploads\/2026\/01\/Formacion-768x480.jpg",768,480,true]},"author_info":{"info":["Angela Tobar"]},"category_info":"<a href=\"https:\/\/infotep.com.ar\/index.php\/category\/destacadas\/\" rel=\"category tag\">Destacadas<\/a> <a href=\"https:\/\/infotep.com.ar\/index.php\/category\/municipales\/moreno\/\" rel=\"category tag\">Moreno<\/a>","tag_info":"Moreno","comment_count":"0","_links":{"self":[{"href":"https:\/\/infotep.com.ar\/index.php\/wp-json\/wp\/v2\/posts\/30754"}],"collection":[{"href":"https:\/\/infotep.com.ar\/index.php\/wp-json\/wp\/v2\/posts"}],"about":[{"href":"https:\/\/infotep.com.ar\/index.php\/wp-json\/wp\/v2\/types\/post"}],"author":[{"embeddable":true,"href":"https:\/\/infotep.com.ar\/index.php\/wp-json\/wp\/v2\/users\/5"}],"replies":[{"embeddable":true,"href":"https:\/\/infotep.com.ar\/index.php\/wp-json\/wp\/v2\/comments?post=30754"}],"version-history":[{"count":1,"href":"https:\/\/infotep.com.ar\/index.php\/wp-json\/wp\/v2\/posts\/30754\/revisions"}],"predecessor-version":[{"id":30756,"href":"https:\/\/infotep.com.ar\/index.php\/wp-json\/wp\/v2\/posts\/30754\/revisions\/30756"}],"wp:featuredmedia":[{"embeddable":true,"href":"https:\/\/infotep.com.ar\/index.php\/wp-json\/wp\/v2\/media\/30755"}],"wp:attachment":[{"href":"https:\/\/infotep.com.ar\/index.php\/wp-json\/wp\/v2\/media?parent=30754"}],"wp:term":[{"taxonomy":"category","embeddable":true,"href":"https:\/\/infotep.com.ar\/index.php\/wp-json\/wp\/v2\/categories?post=30754"},{"taxonomy":"post_tag","embeddable":true,"href":"https:\/\/infotep.com.ar\/index.php\/wp-json\/wp\/v2\/tags?post=30754"}],"curies":[{"name":"wp","href":"https:\/\/api.w.org\/{rel}","templated":true}]}}