{"id":30757,"date":"2026-01-08T13:04:24","date_gmt":"2026-01-08T16:04:24","guid":{"rendered":"https:\/\/infotep.com.ar\/?p=30757"},"modified":"2026-01-08T13:04:25","modified_gmt":"2026-01-08T16:04:25","slug":"comienza-en-la-provincia-la-vacunacion-contra-la-bronquiolitis-2026","status":"publish","type":"post","link":"https:\/\/infotep.com.ar\/index.php\/2026\/01\/08\/comienza-en-la-provincia-la-vacunacion-contra-la-bronquiolitis-2026\/","title":{"rendered":"Comienza en la Provincia la vacunaci\u00f3n contra la bronquiolitis 2026"},"content":{"rendered":"\n<p>Es obligatoria para embarazadas entre la semana 32 y 36 de gestaci\u00f3n, ya que luego protege al beb\u00e9 de sufrir cuadros graves de la enfermedad.<\/p>\n\n\n\n<p>El Ministerio de Salud de la Provincia de Buenos Aires inicia desde este lunes 12 de enero la campa\u00f1a de vacunaci\u00f3n 2026 contra la bronquiolitis, mediante la aplicaci\u00f3n de la vacuna contra el Virus Sincicial Respiratorio (VSR).<\/p>\n\n\n\n<p><strong>La vacunaci\u00f3n est\u00e1 indicada y es obligatoria para todas las personas embarazadas que se encuentren entre la semana 32 y 36 de gestaci\u00f3n, ya que permite proteger al beb\u00e9 desde el nacimiento y hasta los 6 meses de vida frente a formas graves de bronquiolitis y neumon\u00eda, principales causas de muerte en ni\u00f1as y ni\u00f1os menores de un a\u00f1o.<\/strong><\/p>\n\n\n\n<p>Las dosis estar\u00e1n disponibles de manera gratuita en todos los vacunatorios provinciales y municipales bonaerenses. Para consultar el vacunatorio m\u00e1s cercano al domicilio, se puede ingresar en:<br><a href=\"http:\/\/www.gba.gob.ar\/vacunacion\/\" target=\"_blank\" rel=\"noreferrer noopener\">www.gba.gob.ar\/vacunacion\/<\/a><\/p>\n\n\n\n<p>La inmunizaci\u00f3n consiste en una \u00fanica dosis, no requiere orden m\u00e9dica y puede aplicarse junto con las otras vacunas indicadas durante el embarazo. Los anticuerpos generados se transmiten al beb\u00e9 a trav\u00e9s de la placenta, brind\u00e1ndole protecci\u00f3n durante los primeros meses de vida.<\/p>\n\n\n\n<p class=\"has-light-green-cyan-background-color has-background\">El Virus Sincicial Respiratorio (VSR) es la principal causa de bronquiolitis. Cada invierno, esta enfermedad respiratoria afecta aproximadamente a 200.000 ni\u00f1os y ni\u00f1as menores de dos a\u00f1os en la Argentina. Con el inicio de la campa\u00f1a 2026, la Provincia apunta a reducir la principal causa de muerte en menores de un a\u00f1o.<\/p>\n\n\n\n<p>Los ni\u00f1os y ni\u00f1as con mayor riesgo de presentar cuadros graves son aquellos que presentan factores de riesgo, como cardiopat\u00edas cong\u00e9nitas descompensadas o displasia broncopulmonar, as\u00ed como los menores de un a\u00f1o.<\/p>\n\n\n\n<p><strong>\u00bfQu\u00e9 ten\u00e9s que saber sobre la vacuna contra el VSR?<\/strong><\/p>\n\n\n\n<ul>\n<li>Est\u00e1 indicada para personas embarazadas entre la semana 32 y 36,6 de gestaci\u00f3n inclusive.<\/li>\n\n\n\n<li>Es gratuita y obligatoria, y protege al beb\u00e9 de los cuadros graves de bronquiolitis.<\/li>\n\n\n\n<li>En la Provincia est\u00e1 disponible desde el 12 de enero de 2026 en todos los vacunatorios.<\/li>\n\n\n\n<li>No requiere orden m\u00e9dica.<\/li>\n\n\n\n<li>Puede aplicarse junto con otras vacunas del embarazo.<\/li>\n\n\n\n<li>debe aplicarse una dosis en cada embarazo<\/li>\n<\/ul>\n","protected":false},"excerpt":{"rendered":"<p>Es obligatoria para embarazadas entre la semana 32 y 36 de gestaci&oacute;n, ya que luego protege al beb&eacute; de sufrir cuadros graves de la enfermedad. El Ministerio de Salud de la Provincia de Buenos Aires inicia desde este lunes 12 de enero la campa&ntilde;a de vacunaci&oacute;n 2026 contra la bronquiolitis, mediante la aplicaci&oacute;n de la &hellip; <\/p>\n","protected":false},"author":5,"featured_media":30249,"comment_status":"closed","ping_status":"closed","sticky":false,"template":"","format":"standard","meta":{"om_disable_all_campaigns":false,"_joinchat":[]},"categories":[4],"tags":[46,43,569],"featured_image_urls":{"full":["https:\/\/infotep.com.ar\/wp-content\/uploads\/2025\/12\/vacuna-embarazada.webp",1280,689,false],"thumbnail":["https:\/\/infotep.com.ar\/wp-content\/uploads\/2025\/12\/vacuna-embarazada-150x150.webp",150,150,true],"medium":["https:\/\/infotep.com.ar\/wp-content\/uploads\/2025\/12\/vacuna-embarazada-300x161.webp",300,161,true],"medium_large":["https:\/\/infotep.com.ar\/wp-content\/uploads\/2025\/12\/vacuna-embarazada-768x413.webp",768,413,true],"large":["https:\/\/infotep.com.ar\/wp-content\/uploads\/2025\/12\/vacuna-embarazada-1024x551.webp",1020,549,true],"1536x1536":["https:\/\/infotep.com.ar\/wp-content\/uploads\/2025\/12\/vacuna-embarazada.webp",1280,689,false],"2048x2048":["https:\/\/infotep.com.ar\/wp-content\/uploads\/2025\/12\/vacuna-embarazada.webp",1280,689,false],"blossom-feminine-slider":["https:\/\/infotep.com.ar\/wp-content\/uploads\/2025\/12\/vacuna-embarazada-1280x649.webp",1280,649,true],"blossom-feminine-featured":["https:\/\/infotep.com.ar\/wp-content\/uploads\/2025\/12\/vacuna-embarazada-1280x600.webp",1280,600,true],"blossom-feminine-with-sidebar":["https:\/\/infotep.com.ar\/wp-content\/uploads\/2025\/12\/vacuna-embarazada-1020x600.webp",1020,600,true],"blossom-feminine-blog":["https:\/\/infotep.com.ar\/wp-content\/uploads\/2025\/12\/vacuna-embarazada-435x435.webp",435,435,true],"blossom-feminine-cat":["https:\/\/infotep.com.ar\/wp-content\/uploads\/2025\/12\/vacuna-embarazada-450x300.webp",450,300,true],"blossom-feminine-related":["https:\/\/infotep.com.ar\/wp-content\/uploads\/2025\/12\/vacuna-embarazada-320x200.webp",320,200,true],"blossom-feminine-schema":["https:\/\/infotep.com.ar\/wp-content\/uploads\/2025\/12\/vacuna-embarazada-111x60.webp",111,60,true],"blossom-mommy-blog-slider-big":["https:\/\/infotep.com.ar\/wp-content\/uploads\/2025\/12\/vacuna-embarazada-920x650.webp",920,650,true],"blossom-mommy-blog-slider":["https:\/\/infotep.com.ar\/wp-content\/uploads\/2025\/12\/vacuna-embarazada-460x310.webp",460,310,true],"blossom-mommy-blog-two":["https:\/\/infotep.com.ar\/wp-content\/uploads\/2025\/12\/vacuna-embarazada-768x480.webp",768,480,true]},"author_info":{"info":["Angela Tobar"]},"category_info":"<a href=\"https:\/\/infotep.com.ar\/index.php\/category\/provinciales\/\" rel=\"category tag\">Provinciales<\/a>","tag_info":"Provinciales","comment_count":"0","_links":{"self":[{"href":"https:\/\/infotep.com.ar\/index.php\/wp-json\/wp\/v2\/posts\/30757"}],"collection":[{"href":"https:\/\/infotep.com.ar\/index.php\/wp-json\/wp\/v2\/posts"}],"about":[{"href":"https:\/\/infotep.com.ar\/index.php\/wp-json\/wp\/v2\/types\/post"}],"author":[{"embeddable":true,"href":"https:\/\/infotep.com.ar\/index.php\/wp-json\/wp\/v2\/users\/5"}],"replies":[{"embeddable":true,"href":"https:\/\/infotep.com.ar\/index.php\/wp-json\/wp\/v2\/comments?post=30757"}],"version-history":[{"count":1,"href":"https:\/\/infotep.com.ar\/index.php\/wp-json\/wp\/v2\/posts\/30757\/revisions"}],"predecessor-version":[{"id":30758,"href":"https:\/\/infotep.com.ar\/index.php\/wp-json\/wp\/v2\/posts\/30757\/revisions\/30758"}],"wp:featuredmedia":[{"embeddable":true,"href":"https:\/\/infotep.com.ar\/index.php\/wp-json\/wp\/v2\/media\/30249"}],"wp:attachment":[{"href":"https:\/\/infotep.com.ar\/index.php\/wp-json\/wp\/v2\/media?parent=30757"}],"wp:term":[{"taxonomy":"category","embeddable":true,"href":"https:\/\/infotep.com.ar\/index.php\/wp-json\/wp\/v2\/categories?post=30757"},{"taxonomy":"post_tag","embeddable":true,"href":"https:\/\/infotep.com.ar\/index.php\/wp-json\/wp\/v2\/tags?post=30757"}],"curies":[{"name":"wp","href":"https:\/\/api.w.org\/{rel}","templated":true}]}}