{"id":30759,"date":"2026-01-08T13:06:46","date_gmt":"2026-01-08T16:06:46","guid":{"rendered":"https:\/\/infotep.com.ar\/?p=30759"},"modified":"2026-01-08T13:06:47","modified_gmt":"2026-01-08T16:06:47","slug":"pagar-la-cuota-de-tu-casa-no-se-compara-estamos-invirtiendo-en-algo-nuestro","status":"publish","type":"post","link":"https:\/\/infotep.com.ar\/index.php\/2026\/01\/08\/pagar-la-cuota-de-tu-casa-no-se-compara-estamos-invirtiendo-en-algo-nuestro\/","title":{"rendered":"\u201cPagar la cuota de tu casa no se compara, estamos invirtiendo en algo nuestro&#8221;"},"content":{"rendered":"\n<p>Silvana integra una de las m\u00e1s de 1300 familias que en 2026 estrenaron su hogar construido por la Provincia de Buenos Aires<\/p>\n\n\n\n<p>Miles de bonaerenses pudieron celebrar las \u00faltimas fiestas en su nuevo hogar en la provincia de Buenos Aires, que pese a la asfixia financiera a la que la somete Naci\u00f3n, avanza con la obra p\u00fablica y la construcci\u00f3n de viviendas a trav\u00e9s del Ministerio de H\u00e1bitat que conduce Silvina Batakis.<\/p>\n\n\n\n<p>El Gobernador Axel Kicillof asegur\u00f3 que &#8220;mantiene la pol\u00edtica habitacional&#8221; como uno de sus principales ejes de gesti\u00f3n convencido de ser el puente entre aquellos que pueden pagar una cuota accesible pero que no son sujetos de cr\u00e9dito frente a una entidad bancaria.<\/p>\n\n\n\n<p class=\"has-light-green-cyan-background-color has-background\">En esa l\u00ednea durante 2025, la Provincia entreg\u00f3 un n\u00famero de viviendas r\u00e9cord que alcanz\u00f3 a 1.333 familias bonaerenses que cumplieron el sue\u00f1o de la casa propia y comenzaron a idear nuevos proyectos con esta estabilidad habitacional saldada.<\/p>\n\n\n\n<p>Ese es el caso de Alejandra, de Carlos Tejedor, que tras 21 a\u00f1os de pagar alquiler, a fines de agosto de 2025 recibi\u00f3 la llave de la casa y para A\u00f1o Nuevo, junto a su marido y su hija, brindaron por primera vez en su nuevo hogar.<\/p>\n\n\n\n<p>\u201cDesde el 2002 estaba anotada en los listados para poder acceder a una casa propia. Reci\u00e9n con la nueva gesti\u00f3n de Kicillof empez\u00f3 a construirse el barrio y, aunque la pandemia retras\u00f3 todo, pude cumplir el sue\u00f1o\u201d, coment\u00f3 Alejandra.<\/p>\n\n\n\n<p>\u201cCuando supe que ya nos daban la casa, casi me muero. No me voy a olvidar el d\u00eda que me llamaron ni el d\u00eda que me entregaron las llaves. Ahora ya empezamos con los proyectos de ampliar otro espacio y los tapiales\u201d, agreg\u00f3 la mujer.<\/p>\n\n\n\n<p>Para Alejandra, \u201cla diferencia con el alquiler es grand\u00edsima. La cuota es muy accesible y aunque a veces cueste a veces pagarla, es mi casa. Es un proyecto que uno so\u00f1\u00f3 durante mucho tiempo. Cuando alquil\u00e1s sent\u00eds que la plata no se invierte. Vivo con mi marido y mi hija de 23, que est\u00e1 estudiando. La casa es lo que le puedo dejar\u201d.<\/p>\n\n\n\n<p>Pablo, de Tandil, tambi\u00e9n hace poco que se mud\u00f3 a su nueva vivienda. \u201cNosotros estamos desde agosto en la casa, estas son las primeras fiestas que pasamos ac\u00e1. Estamos muy conformes con todo, ya pasamos el periodo de adaptaci\u00f3n. El barrio es tranquilo, somos unas 52 familias\u201d, cont\u00f3.<\/p>\n\n\n\n<p>\u201cAntes alquil\u00e1bamos, luego nos prestaron un lugar. Estamos m\u00e1s que felices sabiendo que vamos a pagar algo nuestro y con cuotas accesibles. El cambio de vida se nota much\u00edsimo el cambio de vida\u201d, sum\u00f3 el zinguero que vive con su mujer, una hija de 15 a\u00f1os y una beba de 6 meses.<\/p>\n\n\n\n<p>\u201cEstamos muy c\u00f3modos, muy conformes con la construcci\u00f3n, yo que trabajo en obra entiendo y estamos conformes. Ya cerramos el per\u00edmetro del patio para tener m\u00e1s intimidad, vamos a hacer una p\u00e9rgola en el frente y quiz\u00e1 m\u00e1s adelante otra habitaci\u00f3n para las nenas\u201d, explic\u00f3 Pablo.<\/p>\n\n\n\n<p>El sue\u00f1o de la casa propia de esta familia comenz\u00f3 hace 5 a\u00f1os, cuando con la organizaci\u00f3n Coraz\u00f3n Tandilense compraron el predio que luego se lote\u00f3 para que el Ministerio de H\u00e1bitat y Desarrollo Urbano construya las viviendas. \u201cDurante la obra ven\u00edamos a ver, pas\u00e1bamos a cada rato a ver c\u00f3mo avanzaba, con nervios, incertidumbre, sobre todo el \u00faltimo mes pas\u00e1bamos todos los d\u00edas\u201d, finaliz\u00f3 el hombre con alegr\u00eda.<\/p>\n\n\n\n<p>Silvana es de Tapalqu\u00e9 y hace m\u00e1s de un a\u00f1o que le entregaron su hogar, en el que vive con su marido y sus dos hijos: \u201ces hermoso tener la vivienda propia, estuvimos alquilando casi 19 a\u00f1os, recibir esta casa fue algo hermoso, pens\u00e1bamos que era inalcanzable. Estamos disfrutando al m\u00e1ximo. Esta es la segunda navidad que pasamos ac\u00e1. El a\u00f1o pasado reci\u00e9n nos hab\u00edamos mudado y est\u00e1bamos acomod\u00e1ndonos\u201d, record\u00f3.<\/p>\n\n\n\n<p>\u201cPagar la cuota de tu casa no tiene comparaci\u00f3n. M\u00e1s all\u00e1 del valor que sea, estamos invirtiendo en algo que es nuestro. Nosotros cerramos todo el patio para dividir con los vecinos, estamos proyectando hacer un quincho\u201d, expres\u00f3 Silvana.<\/p>\n\n\n\n<p>\u201cNosotros est\u00e1bamos anotados en otros proyectos habitacionales desde hace 3 a\u00f1os. Cuando anunciaron la construcci\u00f3n de estas viviendas, nos ped\u00edan varios requisitos. El d\u00eda del sorteo fue mi marido, hab\u00eda muchas familias anotadas y no pens\u00e1bamos que \u00edbamos a salir sorteados, fue una alegr\u00eda inmensa. Desde el sorteo hasta que nos fuimos a vivir, pasaron s\u00f3lo 5 meses\u201d, explic\u00f3.<\/p>\n\n\n\n<p>Como estas familias, otras miles celebraron las Fiestas en su casa, construida por el Ministerio de H\u00e1bitat y Desarrollo Urbano de la Provincia de Buenos Aires, que tiene como objetivo reducir el d\u00e9ficit habitacional bonaerense, teniendo en cuenta las necesidades y complejidades de cada comunidad en cada uno de los 135 municipios.<\/p>\n","protected":false},"excerpt":{"rendered":"<p>Silvana integra una de las m&aacute;s de 1300 familias que en 2026 estrenaron su hogar construido por la Provincia de Buenos Aires Miles de bonaerenses pudieron celebrar las &uacute;ltimas fiestas en su nuevo hogar en la provincia de Buenos Aires, que pese a la asfixia financiera a la que la somete Naci&oacute;n, avanza con la &hellip; <\/p>\n","protected":false},"author":5,"featured_media":30760,"comment_status":"closed","ping_status":"closed","sticky":false,"template":"","format":"standard","meta":{"om_disable_all_campaigns":false,"_joinchat":[]},"categories":[4],"tags":[46,43,569],"featured_image_urls":{"full":["https:\/\/infotep.com.ar\/wp-content\/uploads\/2026\/01\/casa.jpeg",650,433,false],"thumbnail":["https:\/\/infotep.com.ar\/wp-content\/uploads\/2026\/01\/casa-150x150.jpeg",150,150,true],"medium":["https:\/\/infotep.com.ar\/wp-content\/uploads\/2026\/01\/casa-300x200.jpeg",300,200,true],"medium_large":["https:\/\/infotep.com.ar\/wp-content\/uploads\/2026\/01\/casa.jpeg",650,433,false],"large":["https:\/\/infotep.com.ar\/wp-content\/uploads\/2026\/01\/casa.jpeg",650,433,false],"1536x1536":["https:\/\/infotep.com.ar\/wp-content\/uploads\/2026\/01\/casa.jpeg",650,433,false],"2048x2048":["https:\/\/infotep.com.ar\/wp-content\/uploads\/2026\/01\/casa.jpeg",650,433,false],"blossom-feminine-slider":["https:\/\/infotep.com.ar\/wp-content\/uploads\/2026\/01\/casa.jpeg",650,433,false],"blossom-feminine-featured":["https:\/\/infotep.com.ar\/wp-content\/uploads\/2026\/01\/casa.jpeg",650,433,false],"blossom-feminine-with-sidebar":["https:\/\/infotep.com.ar\/wp-content\/uploads\/2026\/01\/casa.jpeg",650,433,false],"blossom-feminine-blog":["https:\/\/infotep.com.ar\/wp-content\/uploads\/2026\/01\/casa-435x433.jpeg",435,433,true],"blossom-feminine-cat":["https:\/\/infotep.com.ar\/wp-content\/uploads\/2026\/01\/casa-450x300.jpeg",450,300,true],"blossom-feminine-related":["https:\/\/infotep.com.ar\/wp-content\/uploads\/2026\/01\/casa-320x200.jpeg",320,200,true],"blossom-feminine-schema":["https:\/\/infotep.com.ar\/wp-content\/uploads\/2026\/01\/casa-90x60.jpeg",90,60,true],"blossom-mommy-blog-slider-big":["https:\/\/infotep.com.ar\/wp-content\/uploads\/2026\/01\/casa.jpeg",650,433,false],"blossom-mommy-blog-slider":["https:\/\/infotep.com.ar\/wp-content\/uploads\/2026\/01\/casa-460x310.jpeg",460,310,true],"blossom-mommy-blog-two":["https:\/\/infotep.com.ar\/wp-content\/uploads\/2026\/01\/casa.jpeg",650,433,false]},"author_info":{"info":["Angela Tobar"]},"category_info":"<a href=\"https:\/\/infotep.com.ar\/index.php\/category\/provinciales\/\" rel=\"category tag\">Provinciales<\/a>","tag_info":"Provinciales","comment_count":"0","_links":{"self":[{"href":"https:\/\/infotep.com.ar\/index.php\/wp-json\/wp\/v2\/posts\/30759"}],"collection":[{"href":"https:\/\/infotep.com.ar\/index.php\/wp-json\/wp\/v2\/posts"}],"about":[{"href":"https:\/\/infotep.com.ar\/index.php\/wp-json\/wp\/v2\/types\/post"}],"author":[{"embeddable":true,"href":"https:\/\/infotep.com.ar\/index.php\/wp-json\/wp\/v2\/users\/5"}],"replies":[{"embeddable":true,"href":"https:\/\/infotep.com.ar\/index.php\/wp-json\/wp\/v2\/comments?post=30759"}],"version-history":[{"count":1,"href":"https:\/\/infotep.com.ar\/index.php\/wp-json\/wp\/v2\/posts\/30759\/revisions"}],"predecessor-version":[{"id":30761,"href":"https:\/\/infotep.com.ar\/index.php\/wp-json\/wp\/v2\/posts\/30759\/revisions\/30761"}],"wp:featuredmedia":[{"embeddable":true,"href":"https:\/\/infotep.com.ar\/index.php\/wp-json\/wp\/v2\/media\/30760"}],"wp:attachment":[{"href":"https:\/\/infotep.com.ar\/index.php\/wp-json\/wp\/v2\/media?parent=30759"}],"wp:term":[{"taxonomy":"category","embeddable":true,"href":"https:\/\/infotep.com.ar\/index.php\/wp-json\/wp\/v2\/categories?post=30759"},{"taxonomy":"post_tag","embeddable":true,"href":"https:\/\/infotep.com.ar\/index.php\/wp-json\/wp\/v2\/tags?post=30759"}],"curies":[{"name":"wp","href":"https:\/\/api.w.org\/{rel}","templated":true}]}}