{"id":30783,"date":"2026-01-09T11:53:36","date_gmt":"2026-01-09T14:53:36","guid":{"rendered":"https:\/\/infotep.com.ar\/?p=30783"},"modified":"2026-01-09T11:53:36","modified_gmt":"2026-01-09T14:53:36","slug":"milei-estudia-privatizar-hospitales-ubicados-en-el-conurbano","status":"publish","type":"post","link":"https:\/\/infotep.com.ar\/index.php\/2026\/01\/09\/milei-estudia-privatizar-hospitales-ubicados-en-el-conurbano\/","title":{"rendered":"Milei estudia privatizar hospitales ubicados en el conurbano"},"content":{"rendered":"\n<p>El Gobierno de Javier Milei estudia aplicar un sistema de gesti\u00f3n privada en cinco grandes hospitales ubicados en territorio bonaerense -cuatro en el conurbano y uno en el interior-, tres de ellos que llevan el nombre del expresidente N\u00e9stor Kirchner.<\/p>\n\n\n\n<p class=\"has-light-green-cyan-background-color has-background\">Son ellos el \u201cN\u00e9stor Kirchner\u201d, de Ca\u00f1uelas; el \u201cRen\u00e9 Favaloro\u201d, de La Matanza, el \u201cPresidente N\u00e9stor Kirchner\u201d, del mismo distrito, el \u201cBicentenario\u201d, ubicado en Esteban Echeverr\u00eda, y \u201cEl Cruce Dr. N\u00e9stor Kirchner\u201d, ubicado en Florencio Varela, conforme enumer\u00f3 la agencia Noticias Argentinas.<\/p>\n\n\n\n<p>El argumento es la deuda millonaria que el Ejecutivo adjudica a la provincia de Buenos Aires para solventar el funcionamiento de esos nosocomios.<\/p>\n\n\n\n<p><strong>La Federaci\u00f3n de Trabajadores de la Salud rechaz\u00f3 la iniciativa y se declar\u00f3 en estado de alerta y movilizaci\u00f3n.<\/strong><\/p>\n\n\n\n<p class=\"has-light-green-cyan-background-color has-background\">Adujo que se pondr\u00eda el riesgo el acceso universal al sistema porque los usuarios deber\u00edan pagar una c\u00e1pita para acceder a la atenci\u00f3n.<\/p>\n\n\n\n<p>Entre las opciones que se barajan para administrar esos hospitales, la que cuenta con mayores probabilidades es la aplicaci\u00f3n del llamado \u201csistema espa\u00f1ol\u201d.<\/p>\n\n\n\n<p>Consiste en concesionar a un privado, con aplicaci\u00f3n de un sistema de c\u00e1pitas que, en teor\u00eda, asegure el acceso de los sectores m\u00e1s vulnerables a las prestaciones que se brindan en ellos.<\/p>\n\n\n\n<p>Si bien el ministro de Salud de Milei, Mario Lugones, no descarta otras alternativas, como el traspaso a Provincia, desde hace tiempo entre miembros de su equipo vienen comentando que ser\u00eda posible solventarlos con aportes de las empresas de medicina prepaga y las obras sociales.<\/p>\n\n\n\n<p>Consideran que el esquema de gesti\u00f3n privada garantiza la atenci\u00f3n de poblaci\u00f3n vulnerable a trav\u00e9s de c\u00e1pitas, un modelo que implica la concesi\u00f3n de cupos, con un tope m\u00e1ximo.<\/p>\n\n\n\n<p><strong>Avanzada privatizadora<br><\/strong>Del lado gremial replican que \u201clos hospitales SAMIC cumplen un rol estrat\u00e9gico dentro de la red sanitaria nacional y provincial, garantizando el acceso a la salud de millones de personas y constituy\u00e9ndose, en muchos territorios, en centros de referencia de alta complejidad.<\/p>\n\n\n\n<p>&#8220;Cualquier intento de privatizaci\u00f3n o gerenciamiento privado, aun bajo el argumento de garantizar la atenci\u00f3n de la poblaci\u00f3n vulnerable, implica un cambio de paradigma que subordina la salud al lucro, fragmenta el sistema y pone en riesgo tanto las condiciones laborales de las y los trabajadores como la continuidad y calidad de las prestaciones\u201d, expresaron.<\/p>\n\n\n\n<p>Adem\u00e1s, consideraron que \u201cesta avanzada privatizadora se inscribe en una pol\u00edtica sostenida de desfinanciamiento y vaciamiento de los hospitales p\u00fablicos, que en el caso de los SAMIC resulta particularmente grave debido a su gran dependencia del financiamiento nacional\u201d.<\/p>\n\n\n\n<p>A\u00f1adieron que \u201cel impacto de estas pol\u00edticas ya se expresa con crudeza en el funcionamiento cotidiano de estas instituciones. Un ejemplo de ello es la situaci\u00f3n que atraviesan las y los trabajadores del Hospital El Cruce de Florencio Varela, quienes vienen desarrollando diversas acciones para visibilizar una realidad econ\u00f3mica cr\u00edtica que obliga a gran parte del personal a sostener m\u00faltiples empleos o emprendimientos para poder llegar a fin de mes\u201d.<\/p>\n\n\n\n<p>Finalmente, expresaron que \u201cla asfixia econ\u00f3mica y financiera que impone el Gobierno de Milei, que mantiene una deuda de aproximadamente 14,7 billones de pesos con la Provincia de Buenos Aires, no puede resolverse trasladando las consecuencias a los hospitales, a sus equipos de salud ni a la comunidad&#8221;.<\/p>\n\n\n\n<p>La l\u00f3gica indica que deber\u00eda hacerse por ley, porque los hospitales fueron creados por esa v\u00eda. Pero eso obligar\u00eda al gobierno a un debate impopular en el Congreso, con el antecedente de la pelea por el financiamiento del Hospital Garrahan. Por eso, nadie descarta que Milei podr\u00eda recurrir a un decreto.<\/p>\n\n\n\n<p>Actualmente, los cinco hospitales son gestionados por un equipo directivo designado por Naci\u00f3n pero a la vez tienen un consejo de administraci\u00f3n con miembros nombrados por Provincia, aunque en minor\u00eda.<\/p>\n\n\n\n<p>Lugones le reclama a Nicol\u00e1s Kreplak una deuda que, seg\u00fan Manuel Adorni, ronda los $500 mil millones, pero que el ministro de Salud de Kicillof niega, m\u00e1s all\u00e1 de que admite que puede hacer alg\u00fan remante de partidas impago.<\/p>\n\n\n\n<p>El ministro nacional tambi\u00e9n habr\u00eda evaluado la posibilidad de provincializar los cincos hospitales, para que los gestione directamente el gobierno de Kicillof, que se ha mantenido en silencio sobre este tema.<\/p>\n","protected":false},"excerpt":{"rendered":"<p>El Gobierno de Javier Milei estudia aplicar un sistema de gesti&oacute;n privada en cinco grandes hospitales ubicados en territorio bonaerense -cuatro en el conurbano y uno en el interior-, tres de ellos que llevan el nombre del expresidente N&eacute;stor Kirchner. Son ellos el &ldquo;N&eacute;stor Kirchner&rdquo;, de Ca&ntilde;uelas; el &ldquo;Ren&eacute; Favaloro&rdquo;, de La Matanza, el &ldquo;Presidente &hellip; <\/p>\n","protected":false},"author":5,"featured_media":14993,"comment_status":"closed","ping_status":"closed","sticky":false,"template":"","format":"standard","meta":{"om_disable_all_campaigns":false,"_joinchat":[]},"categories":[31,26,4],"tags":[46,59,43,569],"featured_image_urls":{"full":["https:\/\/infotep.com.ar\/wp-content\/uploads\/2024\/07\/HOSPITAL-FAVALORO-FRENTE.jpg",872,581,false],"thumbnail":["https:\/\/infotep.com.ar\/wp-content\/uploads\/2024\/07\/HOSPITAL-FAVALORO-FRENTE-150x150.jpg",150,150,true],"medium":["https:\/\/infotep.com.ar\/wp-content\/uploads\/2024\/07\/HOSPITAL-FAVALORO-FRENTE-300x200.jpg",300,200,true],"medium_large":["https:\/\/infotep.com.ar\/wp-content\/uploads\/2024\/07\/HOSPITAL-FAVALORO-FRENTE-768x512.jpg",768,512,true],"large":["https:\/\/infotep.com.ar\/wp-content\/uploads\/2024\/07\/HOSPITAL-FAVALORO-FRENTE.jpg",872,581,false],"1536x1536":["https:\/\/infotep.com.ar\/wp-content\/uploads\/2024\/07\/HOSPITAL-FAVALORO-FRENTE.jpg",872,581,false],"2048x2048":["https:\/\/infotep.com.ar\/wp-content\/uploads\/2024\/07\/HOSPITAL-FAVALORO-FRENTE.jpg",872,581,false],"blossom-feminine-slider":["https:\/\/infotep.com.ar\/wp-content\/uploads\/2024\/07\/HOSPITAL-FAVALORO-FRENTE.jpg",872,581,false],"blossom-feminine-featured":["https:\/\/infotep.com.ar\/wp-content\/uploads\/2024\/07\/HOSPITAL-FAVALORO-FRENTE.jpg",872,581,false],"blossom-feminine-with-sidebar":["https:\/\/infotep.com.ar\/wp-content\/uploads\/2024\/07\/HOSPITAL-FAVALORO-FRENTE.jpg",872,581,false],"blossom-feminine-blog":["https:\/\/infotep.com.ar\/wp-content\/uploads\/2024\/07\/HOSPITAL-FAVALORO-FRENTE-435x435.jpg",435,435,true],"blossom-feminine-cat":["https:\/\/infotep.com.ar\/wp-content\/uploads\/2024\/07\/HOSPITAL-FAVALORO-FRENTE-450x300.jpg",450,300,true],"blossom-feminine-related":["https:\/\/infotep.com.ar\/wp-content\/uploads\/2024\/07\/HOSPITAL-FAVALORO-FRENTE-320x200.jpg",320,200,true],"blossom-feminine-schema":["https:\/\/infotep.com.ar\/wp-content\/uploads\/2024\/07\/HOSPITAL-FAVALORO-FRENTE-90x60.jpg",90,60,true],"blossom-mommy-blog-slider-big":["https:\/\/infotep.com.ar\/wp-content\/uploads\/2024\/07\/HOSPITAL-FAVALORO-FRENTE.jpg",872,581,false],"blossom-mommy-blog-slider":["https:\/\/infotep.com.ar\/wp-content\/uploads\/2024\/07\/HOSPITAL-FAVALORO-FRENTE-460x310.jpg",460,310,true],"blossom-mommy-blog-two":["https:\/\/infotep.com.ar\/wp-content\/uploads\/2024\/07\/HOSPITAL-FAVALORO-FRENTE-768x480.jpg",768,480,true]},"author_info":{"info":["Angela Tobar"]},"category_info":"<a href=\"https:\/\/infotep.com.ar\/index.php\/category\/destacadas\/\" rel=\"category tag\">Destacadas<\/a> <a href=\"https:\/\/infotep.com.ar\/index.php\/category\/municipales\/la-matanza\/\" rel=\"category tag\">La Matanza<\/a> <a href=\"https:\/\/infotep.com.ar\/index.php\/category\/provinciales\/\" rel=\"category tag\">Provinciales<\/a>","tag_info":"Provinciales","comment_count":"0","_links":{"self":[{"href":"https:\/\/infotep.com.ar\/index.php\/wp-json\/wp\/v2\/posts\/30783"}],"collection":[{"href":"https:\/\/infotep.com.ar\/index.php\/wp-json\/wp\/v2\/posts"}],"about":[{"href":"https:\/\/infotep.com.ar\/index.php\/wp-json\/wp\/v2\/types\/post"}],"author":[{"embeddable":true,"href":"https:\/\/infotep.com.ar\/index.php\/wp-json\/wp\/v2\/users\/5"}],"replies":[{"embeddable":true,"href":"https:\/\/infotep.com.ar\/index.php\/wp-json\/wp\/v2\/comments?post=30783"}],"version-history":[{"count":1,"href":"https:\/\/infotep.com.ar\/index.php\/wp-json\/wp\/v2\/posts\/30783\/revisions"}],"predecessor-version":[{"id":30784,"href":"https:\/\/infotep.com.ar\/index.php\/wp-json\/wp\/v2\/posts\/30783\/revisions\/30784"}],"wp:featuredmedia":[{"embeddable":true,"href":"https:\/\/infotep.com.ar\/index.php\/wp-json\/wp\/v2\/media\/14993"}],"wp:attachment":[{"href":"https:\/\/infotep.com.ar\/index.php\/wp-json\/wp\/v2\/media?parent=30783"}],"wp:term":[{"taxonomy":"category","embeddable":true,"href":"https:\/\/infotep.com.ar\/index.php\/wp-json\/wp\/v2\/categories?post=30783"},{"taxonomy":"post_tag","embeddable":true,"href":"https:\/\/infotep.com.ar\/index.php\/wp-json\/wp\/v2\/tags?post=30783"}],"curies":[{"name":"wp","href":"https:\/\/api.w.org\/{rel}","templated":true}]}}