{"id":30785,"date":"2026-01-09T12:08:20","date_gmt":"2026-01-09T15:08:20","guid":{"rendered":"https:\/\/infotep.com.ar\/?p=30785"},"modified":"2026-01-09T12:08:21","modified_gmt":"2026-01-09T15:08:21","slug":"la-mesa-politica-vuelve-a-reunirse-con-la-reforma-laboral-como-objetivo","status":"publish","type":"post","link":"https:\/\/infotep.com.ar\/index.php\/2026\/01\/09\/la-mesa-politica-vuelve-a-reunirse-con-la-reforma-laboral-como-objetivo\/","title":{"rendered":"La mesa pol\u00edtica vuelve a reunirse con la Reforma Laboral como objetivo"},"content":{"rendered":"\n<p>El jefe de Gabinete, Manuel Adorni, convoc\u00f3 el encuentro para el pr\u00f3ximo viernes con el objetivo de ordenar la l\u00ednea y lograr la sanci\u00f3n de la ley.<br><br>Los d\u00edas de calma que transmite la Casa Rosada por estos d\u00edas se ver\u00e1n interrumpidos el pr\u00f3ximo viernes, cuando la mesa pol\u00edtica designada por el presidente Javier Milei vuelva a reunirse con el objetivo de aprobar la Reforma Laboral.<\/p>\n\n\n\n<p>El jefe de Gabinete, Manuel Adorni, convoc\u00f3 a los interlocutores a cargo de la negociaci\u00f3n legislativa al reeditar los encuentros semanales el pr\u00f3ximo viernes 16 de enero.<\/p>\n\n\n\n<p>De esta forma, en sus despachos ubicados en la planta baja de Balcarce 50 se dar\u00e1n cita el titular de la C\u00e1mara de Diputados, Mart\u00edn Menem; la jefa de bloque de La Libertad Avanza en el Senado, Patricia Bullrich; el ministro del Interior, Diego Santilli; el armador del interior Eduardo \u201cLule\u201d Menem; y el secretario de Asuntos Estrat\u00e9gicos de la Jefatura de Gabinete, Ignacio Devitt.<\/p>\n\n\n\n<p>Tambi\u00e9n podr\u00edan participar la secretaria general de la Presidencia, Karina Milei; y el ministro de Econom\u00eda, Luis Caputo, que estilan participar de manera ocasional.<\/p>\n\n\n\n<p>Lo cierto es que pasado los d\u00edas habilitados para que los funcionarios y legisladores se tomen vacaciones, el Poder Ejecutivo acciona los mecanismos que le permitan anotarse un nuevo triunfo legislativo, el primero de 2026, luego de haber cerrado diciembre con la sanci\u00f3n del Presupuesto y la Ley de Inocencia Fiscal.<\/p>\n\n\n\n<p>Algunos de los alfiles designados para el despliegue de la estrategia ya movieron sus cartas: la exministra de Seguridad anticip\u00f3 que convocar\u00e1 a una comisi\u00f3n, que funcionar\u00e1 a partir del pr\u00f3ximo viernes, a cargo de la abogada Josefina Tajes para discutir y estudiar las objeciones de los sectores que proponen alternativas.<\/p>\n\n\n\n<p>El 26 de enero, los senadores debatir\u00e1n sobre la tem\u00e1tica con intenci\u00f3n de poder dar lugar al tratamiento previsto para los primeros d\u00edas del mes de enero.<\/p>\n\n\n\n<p>Otro de los que reabri\u00f3 el canal de di\u00e1logo fue Diego Santilli que el pasado mi\u00e9rcoles inici\u00f3 la primera de las diez visitas previstas para este mes por Chubut. All\u00ed, junto al gobernador Ignacio Torres recorri\u00f3 las zonas afectadas por el incendio forestal que azota a El Hoyo.<\/p>\n\n\n\n<p>Los planes provinciales continuar\u00e1n la pr\u00f3xima semana, cuando el funcionario visite Chaco el lunes para reunirse con el aliado Leandro Zdero y se entrevista con Alfredo Cornejo en Mendoza.<\/p>\n\n\n\n<p>El proyecto de Reforma Laboral es una de las principales obsesiones de la administraci\u00f3n libertaria que intenta afinar el debate antes del inicio de sesiones extraordinarias previsto para el lunes 2 de febrero. Hasta entonces, confluyen algunas dudas sobre la posibildiad de habilitar cambios en dos puntos claves del articulado: el cap\u00edtulo tributario y el Fondo de Asistencia Laboral (FAL). <\/p>\n\n\n\n<p>Tambi\u00e9n est\u00e1 en debate la posibilidad de a\u00f1adir proyectos al temario que alcanza a la Ley de Glaciares, una de las principales demandas de los gobernadores, y la chance de posponer el tratamiento de la Reforma del C\u00f3digo Penal, algo que llevar\u00e1 varios meses de debate.<\/p>\n\n\n\n<p>Todos estos puntos ser\u00e1n abordados el pr\u00f3ximo viernes, cuando los funcionarios retomen de lleno la actividad y vuelvan a verse las caras por primera vez este 2026.<\/p>\n","protected":false},"excerpt":{"rendered":"<p>El jefe de Gabinete, Manuel Adorni, convoc&oacute; el encuentro para el pr&oacute;ximo viernes con el objetivo de ordenar la l&iacute;nea y lograr la sanci&oacute;n de la ley. Los d&iacute;as de calma que transmite la Casa Rosada por estos d&iacute;as se ver&aacute;n interrumpidos el pr&oacute;ximo viernes, cuando la mesa pol&iacute;tica designada por el presidente Javier Milei &hellip; <\/p>\n","protected":false},"author":5,"featured_media":30786,"comment_status":"closed","ping_status":"closed","sticky":false,"template":"","format":"standard","meta":{"om_disable_all_campaigns":false,"_joinchat":[]},"categories":[3],"tags":[46,43,569],"featured_image_urls":{"full":["https:\/\/infotep.com.ar\/wp-content\/uploads\/2026\/01\/720-31.webp",1080,720,false],"thumbnail":["https:\/\/infotep.com.ar\/wp-content\/uploads\/2026\/01\/720-31-150x150.webp",150,150,true],"medium":["https:\/\/infotep.com.ar\/wp-content\/uploads\/2026\/01\/720-31-300x200.webp",300,200,true],"medium_large":["https:\/\/infotep.com.ar\/wp-content\/uploads\/2026\/01\/720-31-768x512.webp",768,512,true],"large":["https:\/\/infotep.com.ar\/wp-content\/uploads\/2026\/01\/720-31-1024x683.webp",1020,680,true],"1536x1536":["https:\/\/infotep.com.ar\/wp-content\/uploads\/2026\/01\/720-31.webp",1080,720,false],"2048x2048":["https:\/\/infotep.com.ar\/wp-content\/uploads\/2026\/01\/720-31.webp",1080,720,false],"blossom-feminine-slider":["https:\/\/infotep.com.ar\/wp-content\/uploads\/2026\/01\/720-31-1080x649.webp",1080,649,true],"blossom-feminine-featured":["https:\/\/infotep.com.ar\/wp-content\/uploads\/2026\/01\/720-31-1080x600.webp",1080,600,true],"blossom-feminine-with-sidebar":["https:\/\/infotep.com.ar\/wp-content\/uploads\/2026\/01\/720-31-1020x600.webp",1020,600,true],"blossom-feminine-blog":["https:\/\/infotep.com.ar\/wp-content\/uploads\/2026\/01\/720-31-435x435.webp",435,435,true],"blossom-feminine-cat":["https:\/\/infotep.com.ar\/wp-content\/uploads\/2026\/01\/720-31-450x300.webp",450,300,true],"blossom-feminine-related":["https:\/\/infotep.com.ar\/wp-content\/uploads\/2026\/01\/720-31-320x200.webp",320,200,true],"blossom-feminine-schema":["https:\/\/infotep.com.ar\/wp-content\/uploads\/2026\/01\/720-31-90x60.webp",90,60,true],"blossom-mommy-blog-slider-big":["https:\/\/infotep.com.ar\/wp-content\/uploads\/2026\/01\/720-31-920x650.webp",920,650,true],"blossom-mommy-blog-slider":["https:\/\/infotep.com.ar\/wp-content\/uploads\/2026\/01\/720-31-460x310.webp",460,310,true],"blossom-mommy-blog-two":["https:\/\/infotep.com.ar\/wp-content\/uploads\/2026\/01\/720-31-768x480.webp",768,480,true]},"author_info":{"info":["Angela Tobar"]},"category_info":"<a href=\"https:\/\/infotep.com.ar\/index.php\/category\/nacionales\/\" rel=\"category tag\">Nacionales<\/a>","tag_info":"Nacionales","comment_count":"0","_links":{"self":[{"href":"https:\/\/infotep.com.ar\/index.php\/wp-json\/wp\/v2\/posts\/30785"}],"collection":[{"href":"https:\/\/infotep.com.ar\/index.php\/wp-json\/wp\/v2\/posts"}],"about":[{"href":"https:\/\/infotep.com.ar\/index.php\/wp-json\/wp\/v2\/types\/post"}],"author":[{"embeddable":true,"href":"https:\/\/infotep.com.ar\/index.php\/wp-json\/wp\/v2\/users\/5"}],"replies":[{"embeddable":true,"href":"https:\/\/infotep.com.ar\/index.php\/wp-json\/wp\/v2\/comments?post=30785"}],"version-history":[{"count":1,"href":"https:\/\/infotep.com.ar\/index.php\/wp-json\/wp\/v2\/posts\/30785\/revisions"}],"predecessor-version":[{"id":30787,"href":"https:\/\/infotep.com.ar\/index.php\/wp-json\/wp\/v2\/posts\/30785\/revisions\/30787"}],"wp:featuredmedia":[{"embeddable":true,"href":"https:\/\/infotep.com.ar\/index.php\/wp-json\/wp\/v2\/media\/30786"}],"wp:attachment":[{"href":"https:\/\/infotep.com.ar\/index.php\/wp-json\/wp\/v2\/media?parent=30785"}],"wp:term":[{"taxonomy":"category","embeddable":true,"href":"https:\/\/infotep.com.ar\/index.php\/wp-json\/wp\/v2\/categories?post=30785"},{"taxonomy":"post_tag","embeddable":true,"href":"https:\/\/infotep.com.ar\/index.php\/wp-json\/wp\/v2\/tags?post=30785"}],"curies":[{"name":"wp","href":"https:\/\/api.w.org\/{rel}","templated":true}]}}