{"id":30797,"date":"2026-01-10T14:35:19","date_gmt":"2026-01-10T17:35:19","guid":{"rendered":"https:\/\/infotep.com.ar\/?p=30797"},"modified":"2026-01-10T14:35:20","modified_gmt":"2026-01-10T17:35:20","slug":"angelina-la-nena-de-12-anos-baleada-en-villa-sarmiento-fue-dada-de-alta","status":"publish","type":"post","link":"https:\/\/infotep.com.ar\/index.php\/2026\/01\/10\/angelina-la-nena-de-12-anos-baleada-en-villa-sarmiento-fue-dada-de-alta\/","title":{"rendered":"Angelina, la nena de 12 a\u00f1os baleada en Villa Sarmiento, fue dada de alta"},"content":{"rendered":"\n<p>La preadolescente se encontraba internada desde Navidad, cuando recibi\u00f3 un disparo de una bala perdida.<br><\/p>\n\n\n\n<p>Angelina, la nena de 12 a\u00f1os que recibi\u00f3 un disparo en el cr\u00e1neo, de una bala perdida en navidad, fue dada de alta ya que se encontraba internada desde el pasado 25 diciembre, en la localidad bonaerense de Villa Sarmiento.<\/p>\n\n\n\n<p><strong>Ricardo, el t\u00edo de la menor confirm\u00f3 el egreso hospitalario de su sobrina en declaraciones televisivas, el mismo familiar hab\u00eda informado que los profesionales aguardaban la respuesta positiva a los est\u00edmulos as\u00ed como la desinflamaci\u00f3n del cr\u00e1neo.<\/strong><\/p>\n\n\n\n<p>Aunque el episodio m\u00e1s preocupante qued\u00f3 atr\u00e1s y la nena podr\u00e1 regresar a su hogar, deber\u00e1 mantener una seguidilla de controles para conocer su estado de salud a futuro.<\/p>\n\n\n\n<p>El hecho ocurri\u00f3 mientras la joven observaba los fuegos artificiales en la vereda de la casa de sus abuelos, a las 12.05, junto a su familia y debi\u00f3 ser trasladada a la cl\u00ednica La Trinidad de Ramos Mej\u00eda.<\/p>\n\n\n\n<p>Asimismo, seg\u00fan informaci\u00f3n a la que este medio pudo acceder, los profesionales realizaron una tomograf\u00eda en donde dedujeron que el tama\u00f1o de la bala ser\u00eda de calibre 9 o 40 mil\u00edmetros y estaba ubicada en la fosa posterior del cr\u00e1neo.<\/p>\n\n\n\n<p>Respecto al momento del impacto, y tal como hab\u00eda indicado Ricardo, la nena \u201ccay\u00f3 desplomada cuando estaba afuera y en el momento la llevamos al hospital local\u201d, sin embargo y ante la gravedad del hecho fue derivada a la cl\u00ednica mencionada.<\/p>\n\n\n\n<p>Durante la internaci\u00f3n, los padres de la menor se encontraron permanentemente en la cl\u00ednica, mientras su hija se alimentaba por suero y los profesionales de la salud hab\u00edan decidido mantener el proyectil en el cuerpo para no generar mayores riesgos.<\/p>\n","protected":false},"excerpt":{"rendered":"<p>La preadolescente se encontraba internada desde Navidad, cuando recibi&oacute; un disparo de una bala perdida. Angelina, la nena de 12 a&ntilde;os que recibi&oacute; un disparo en el cr&aacute;neo, de una bala perdida en navidad, fue dada de alta ya que se encontraba internada desde el pasado 25 diciembre, en la localidad bonaerense de Villa Sarmiento. &hellip; <\/p>\n","protected":false},"author":5,"featured_media":30798,"comment_status":"closed","ping_status":"closed","sticky":false,"template":"","format":"standard","meta":{"om_disable_all_campaigns":false,"_joinchat":[]},"categories":[31,9],"tags":[46,43,569],"featured_image_urls":{"full":["https:\/\/infotep.com.ar\/wp-content\/uploads\/2026\/01\/720-1.webp",1080,720,false],"thumbnail":["https:\/\/infotep.com.ar\/wp-content\/uploads\/2026\/01\/720-1-150x150.webp",150,150,true],"medium":["https:\/\/infotep.com.ar\/wp-content\/uploads\/2026\/01\/720-1-300x200.webp",300,200,true],"medium_large":["https:\/\/infotep.com.ar\/wp-content\/uploads\/2026\/01\/720-1-768x512.webp",768,512,true],"large":["https:\/\/infotep.com.ar\/wp-content\/uploads\/2026\/01\/720-1-1024x683.webp",1020,680,true],"1536x1536":["https:\/\/infotep.com.ar\/wp-content\/uploads\/2026\/01\/720-1.webp",1080,720,false],"2048x2048":["https:\/\/infotep.com.ar\/wp-content\/uploads\/2026\/01\/720-1.webp",1080,720,false],"blossom-feminine-slider":["https:\/\/infotep.com.ar\/wp-content\/uploads\/2026\/01\/720-1-1080x649.webp",1080,649,true],"blossom-feminine-featured":["https:\/\/infotep.com.ar\/wp-content\/uploads\/2026\/01\/720-1-1080x600.webp",1080,600,true],"blossom-feminine-with-sidebar":["https:\/\/infotep.com.ar\/wp-content\/uploads\/2026\/01\/720-1-1020x600.webp",1020,600,true],"blossom-feminine-blog":["https:\/\/infotep.com.ar\/wp-content\/uploads\/2026\/01\/720-1-435x435.webp",435,435,true],"blossom-feminine-cat":["https:\/\/infotep.com.ar\/wp-content\/uploads\/2026\/01\/720-1-450x300.webp",450,300,true],"blossom-feminine-related":["https:\/\/infotep.com.ar\/wp-content\/uploads\/2026\/01\/720-1-320x200.webp",320,200,true],"blossom-feminine-schema":["https:\/\/infotep.com.ar\/wp-content\/uploads\/2026\/01\/720-1-90x60.webp",90,60,true],"blossom-mommy-blog-slider-big":["https:\/\/infotep.com.ar\/wp-content\/uploads\/2026\/01\/720-1-920x650.webp",920,650,true],"blossom-mommy-blog-slider":["https:\/\/infotep.com.ar\/wp-content\/uploads\/2026\/01\/720-1-460x310.webp",460,310,true],"blossom-mommy-blog-two":["https:\/\/infotep.com.ar\/wp-content\/uploads\/2026\/01\/720-1-768x480.webp",768,480,true]},"author_info":{"info":["Angela Tobar"]},"category_info":"<a href=\"https:\/\/infotep.com.ar\/index.php\/category\/destacadas\/\" rel=\"category tag\">Destacadas<\/a> <a href=\"https:\/\/infotep.com.ar\/index.php\/category\/municipales\/moron\/\" rel=\"category tag\">Mor\u00f3n<\/a>","tag_info":"Mor\u00f3n","comment_count":"0","_links":{"self":[{"href":"https:\/\/infotep.com.ar\/index.php\/wp-json\/wp\/v2\/posts\/30797"}],"collection":[{"href":"https:\/\/infotep.com.ar\/index.php\/wp-json\/wp\/v2\/posts"}],"about":[{"href":"https:\/\/infotep.com.ar\/index.php\/wp-json\/wp\/v2\/types\/post"}],"author":[{"embeddable":true,"href":"https:\/\/infotep.com.ar\/index.php\/wp-json\/wp\/v2\/users\/5"}],"replies":[{"embeddable":true,"href":"https:\/\/infotep.com.ar\/index.php\/wp-json\/wp\/v2\/comments?post=30797"}],"version-history":[{"count":1,"href":"https:\/\/infotep.com.ar\/index.php\/wp-json\/wp\/v2\/posts\/30797\/revisions"}],"predecessor-version":[{"id":30799,"href":"https:\/\/infotep.com.ar\/index.php\/wp-json\/wp\/v2\/posts\/30797\/revisions\/30799"}],"wp:featuredmedia":[{"embeddable":true,"href":"https:\/\/infotep.com.ar\/index.php\/wp-json\/wp\/v2\/media\/30798"}],"wp:attachment":[{"href":"https:\/\/infotep.com.ar\/index.php\/wp-json\/wp\/v2\/media?parent=30797"}],"wp:term":[{"taxonomy":"category","embeddable":true,"href":"https:\/\/infotep.com.ar\/index.php\/wp-json\/wp\/v2\/categories?post=30797"},{"taxonomy":"post_tag","embeddable":true,"href":"https:\/\/infotep.com.ar\/index.php\/wp-json\/wp\/v2\/tags?post=30797"}],"curies":[{"name":"wp","href":"https:\/\/api.w.org\/{rel}","templated":true}]}}