{"id":30865,"date":"2026-01-13T00:06:58","date_gmt":"2026-01-13T03:06:58","guid":{"rendered":"https:\/\/infotep.com.ar\/?p=30865"},"modified":"2026-01-13T00:06:59","modified_gmt":"2026-01-13T03:06:59","slug":"nicolas-kreplak-ordeno-la-suspension-y-sumario-a-medico-denunciado-por-antisemitismo","status":"publish","type":"post","link":"https:\/\/infotep.com.ar\/index.php\/2026\/01\/13\/nicolas-kreplak-ordeno-la-suspension-y-sumario-a-medico-denunciado-por-antisemitismo\/","title":{"rendered":"Nicol\u00e1s Kreplak orden\u00f3 la suspensi\u00f3n y sumario a m\u00e9dico denunciado por antisemitismo"},"content":{"rendered":"\n<p>El medico del Hospital San Mart\u00edn de La Plata Miqueas Mart\u00ednez Secchi fue suspendido y ser\u00e1 sumariado despu\u00e9s de haber recibido denuncias por graves \u201cataques antisemitas\u201d desde las redes sociales, anunci\u00f3 el ministro de Salud bonaerense, Nicol\u00e1s Kreplak.<\/p>\n\n\n\n<p>Martinez Secchi, m\u00e9dico residente de terapia intensiva, hab\u00eda publicado en la red X que \u201ca los jud\u00edos no hay que cortarles el prepucio. Hay que cortarles las yugulares y las car\u00f3tidas de lado a lado\u201d.<\/p>\n\n\n<div class=\"wp-block-image\">\n<figure class=\"alignleft size-full is-resized\"><img decoding=\"async\" loading=\"lazy\" src=\"https:\/\/infotep.com.ar\/wp-content\/uploads\/2026\/01\/720-9.webp\" alt=\"\" class=\"wp-image-30866\" width=\"489\" height=\"614\" srcset=\"https:\/\/infotep.com.ar\/wp-content\/uploads\/2026\/01\/720-9.webp 573w, https:\/\/infotep.com.ar\/wp-content\/uploads\/2026\/01\/720-9-239x300.webp 239w, https:\/\/infotep.com.ar\/wp-content\/uploads\/2026\/01\/720-9-48x60.webp 48w\" sizes=\"(max-width: 489px) 100vw, 489px\" \/><\/figure><\/div>\n\n\n<p><strong>La publicaci\u00f3n antisemita tom\u00f3 estado p\u00fablico luego de que haber sido detectada por el analista internacional Daniel Lerer, y deriv\u00f3 luego una denuncia penal del abogado Jorge Monastersky, quien reclam\u00f3 que el gobierno de la provincia de Buenos Aires expulsara al m\u00e9dico de terapia intensiva, seg\u00fan supo la Agencia Noticias Argentinas.<\/strong><\/p>\n\n\n\n<p>Medico denunciado por antisimetismo<br>Medico denunciado por antisimetismo<br>Tras la difusi\u00f3n del caso, el ministro Kreplaj, inform\u00f3 que \u201cpor este mensaje coincidente con otros comportamientos previos, que ahora adquieren relevancia, el m\u00e9dico residente del Hospital San Mart\u00edn de La Plata que realiz\u00f3 esas manifestaciones p\u00fablicas se encuentra suspendido y en un proceso de investigaci\u00f3n administrativa y judicial, a fin de realizar una evaluaci\u00f3n bajo un comit\u00e9 \u00e9tico, t\u00e9cnico y profesional que definir\u00e1 si corresponde o no que pueda retomar su proceso de formaci\u00f3n\u201d.<\/p>\n\n\n\n<p class=\"has-light-green-cyan-background-color has-background\"><br>En una publicaci\u00f3n en la red social X, el funcionario dijo que \u201ccualquier mensaje agresivo o de falta de respeto por la vida humana es incompatible con la pr\u00e1ctica sanitaria y particularmente de la medicina\u201d.<\/p>\n\n\n\n<p>\u201cSon valores fundamentales de la formaci\u00f3n como profesional de la salud. La salud es uno de los bienes esenciales de la sociedad y es indispensable ser tajante en contra de todo hecho de discriminaci\u00f3n y de racismo\u201d, expres\u00f3.<\/p>\n","protected":false},"excerpt":{"rendered":"<p>El medico del Hospital San Mart&iacute;n de La Plata Miqueas Mart&iacute;nez Secchi fue suspendido y ser&aacute; sumariado despu&eacute;s de haber recibido denuncias por graves &ldquo;ataques antisemitas&rdquo; desde las redes sociales, anunci&oacute; el ministro de Salud bonaerense, Nicol&aacute;s Kreplak. Martinez Secchi, m&eacute;dico residente de terapia intensiva, hab&iacute;a publicado en la red X que &ldquo;a los jud&iacute;os &hellip; <\/p>\n","protected":false},"author":5,"featured_media":14406,"comment_status":"closed","ping_status":"closed","sticky":false,"template":"","format":"standard","meta":{"om_disable_all_campaigns":false,"_joinchat":[]},"categories":[4],"tags":[],"featured_image_urls":{"full":["https:\/\/infotep.com.ar\/wp-content\/uploads\/2024\/07\/keplak.jpg",1024,764,false],"thumbnail":["https:\/\/infotep.com.ar\/wp-content\/uploads\/2024\/07\/keplak-150x150.jpg",150,150,true],"medium":["https:\/\/infotep.com.ar\/wp-content\/uploads\/2024\/07\/keplak-300x224.jpg",300,224,true],"medium_large":["https:\/\/infotep.com.ar\/wp-content\/uploads\/2024\/07\/keplak-768x573.jpg",768,573,true],"large":["https:\/\/infotep.com.ar\/wp-content\/uploads\/2024\/07\/keplak.jpg",1020,761,false],"1536x1536":["https:\/\/infotep.com.ar\/wp-content\/uploads\/2024\/07\/keplak.jpg",1024,764,false],"2048x2048":["https:\/\/infotep.com.ar\/wp-content\/uploads\/2024\/07\/keplak.jpg",1024,764,false],"blossom-feminine-slider":["https:\/\/infotep.com.ar\/wp-content\/uploads\/2024\/07\/keplak-1024x649.jpg",1024,649,true],"blossom-feminine-featured":["https:\/\/infotep.com.ar\/wp-content\/uploads\/2024\/07\/keplak-1024x600.jpg",1024,600,true],"blossom-feminine-with-sidebar":["https:\/\/infotep.com.ar\/wp-content\/uploads\/2024\/07\/keplak-1020x600.jpg",1020,600,true],"blossom-feminine-blog":["https:\/\/infotep.com.ar\/wp-content\/uploads\/2024\/07\/keplak-435x435.jpg",435,435,true],"blossom-feminine-cat":["https:\/\/infotep.com.ar\/wp-content\/uploads\/2024\/07\/keplak-450x300.jpg",450,300,true],"blossom-feminine-related":["https:\/\/infotep.com.ar\/wp-content\/uploads\/2024\/07\/keplak-320x200.jpg",320,200,true],"blossom-feminine-schema":["https:\/\/infotep.com.ar\/wp-content\/uploads\/2024\/07\/keplak-80x60.jpg",80,60,true],"blossom-mommy-blog-slider-big":["https:\/\/infotep.com.ar\/wp-content\/uploads\/2024\/07\/keplak-920x650.jpg",920,650,true],"blossom-mommy-blog-slider":["https:\/\/infotep.com.ar\/wp-content\/uploads\/2024\/07\/keplak-460x310.jpg",460,310,true],"blossom-mommy-blog-two":["https:\/\/infotep.com.ar\/wp-content\/uploads\/2024\/07\/keplak-768x480.jpg",768,480,true]},"author_info":{"info":["Angela Tobar"]},"category_info":"<a href=\"https:\/\/infotep.com.ar\/index.php\/category\/provinciales\/\" rel=\"category tag\">Provinciales<\/a>","tag_info":"Provinciales","comment_count":"0","_links":{"self":[{"href":"https:\/\/infotep.com.ar\/index.php\/wp-json\/wp\/v2\/posts\/30865"}],"collection":[{"href":"https:\/\/infotep.com.ar\/index.php\/wp-json\/wp\/v2\/posts"}],"about":[{"href":"https:\/\/infotep.com.ar\/index.php\/wp-json\/wp\/v2\/types\/post"}],"author":[{"embeddable":true,"href":"https:\/\/infotep.com.ar\/index.php\/wp-json\/wp\/v2\/users\/5"}],"replies":[{"embeddable":true,"href":"https:\/\/infotep.com.ar\/index.php\/wp-json\/wp\/v2\/comments?post=30865"}],"version-history":[{"count":1,"href":"https:\/\/infotep.com.ar\/index.php\/wp-json\/wp\/v2\/posts\/30865\/revisions"}],"predecessor-version":[{"id":30867,"href":"https:\/\/infotep.com.ar\/index.php\/wp-json\/wp\/v2\/posts\/30865\/revisions\/30867"}],"wp:featuredmedia":[{"embeddable":true,"href":"https:\/\/infotep.com.ar\/index.php\/wp-json\/wp\/v2\/media\/14406"}],"wp:attachment":[{"href":"https:\/\/infotep.com.ar\/index.php\/wp-json\/wp\/v2\/media?parent=30865"}],"wp:term":[{"taxonomy":"category","embeddable":true,"href":"https:\/\/infotep.com.ar\/index.php\/wp-json\/wp\/v2\/categories?post=30865"},{"taxonomy":"post_tag","embeddable":true,"href":"https:\/\/infotep.com.ar\/index.php\/wp-json\/wp\/v2\/tags?post=30865"}],"curies":[{"name":"wp","href":"https:\/\/api.w.org\/{rel}","templated":true}]}}