{"id":30957,"date":"2026-01-16T13:04:23","date_gmt":"2026-01-16T16:04:23","guid":{"rendered":"https:\/\/infotep.com.ar\/?p=30957"},"modified":"2026-01-16T13:04:24","modified_gmt":"2026-01-16T16:04:24","slug":"propuestas-culturales-deportivas-y-recreativas-para-realizar-este-fin-de-semana-en-moreno","status":"publish","type":"post","link":"https:\/\/infotep.com.ar\/index.php\/2026\/01\/16\/propuestas-culturales-deportivas-y-recreativas-para-realizar-este-fin-de-semana-en-moreno\/","title":{"rendered":"Propuestas culturales, deportivas y recreativas para realizar este fin de semana en Moreno"},"content":{"rendered":"\n<p>El Municipio invita a la comunidad de Moreno, as\u00ed como a vecinas y vecinos de otros distritos, a visitar y disfrutar de las propuestas culturales y tur\u00edsticas que ofrece el Gobierno local. Todas las actividades son de entrada libre y gratuita.<\/p>\n\n\n\n<p>El Museo Florencio Molina Campos abrir\u00e1 sus puertas el viernes 16, s\u00e1bado 17 y el domingo 18 de enero, de 16 a 20 horas. De viernes a domingo el p\u00fablico podr\u00e1 participar de visitas guiadas desde las 17:30 horas, por orden de llegada y sin necesidad de reserva previa. Tambi\u00e9n, estar\u00e1 abierto el caf\u00e9 del museo, de 16 a 20 horas, para degustar de opciones dulces y saladas. El espacio cultural, se encuentra ubicado en Molina Campos 364, Moreno Centro.<\/p>\n\n\n\n<p>Asimismo, el s\u00e1bado y domingo, de 10 a 17 horas, se podr\u00e1 visitar la Casa Museo Rancho \u201cLos Estribos\u201d, ubicada en L\u00f3pez Buchardo y El Maestro, en La Reja. Este espacio hist\u00f3rico, considerado un \u00edcono emblem\u00e1tico de la zona, fue la vivienda donde residi\u00f3 Florencio Molina Campos.<\/p>\n\n\n\n<p>En tanto, se podr\u00e1n visitar diversas <strong>ferias artesanales <\/strong>en distintos puntos del distrito. El viernes, se llevar\u00e1 a cabo el Paseo de la Econom\u00eda Popular, de 9 a 17 horas, en Belgrano y Av. Mitre, Moreno Centro; el Paseo Belgrano, de 9 a 17 horas, entre Av. Mitre y Belgrano, Moreno Centro; y el Predio Ferial Mercado Cuartel V, de 8 a 14 horas, en Av. Derqui 6238, entre La M\u00fasica y El Teatro, Cuartel V. El s\u00e1bado se realizar\u00e1 la Feria Los Robles, de 12 a 18 horas, en la Reserva Municipal Los Robles; la Feria Mixta Dr. Buj\u00e1n, de 17 a 22 horas, en Paso del Rey; la Feria Favaloro, de 15 a 20 horas, en La Reja; el Paseo de la Econom\u00eda Popular, de 9 a 17 horas; el Paseo Belgrano, de 9 a 17 horas; Mitre y Belgrano. Moreno centro; el Predio Ferial Mercado Cuartel V, de 8 a 16 horas; y el Predio Ferial La Bibiana, de 9 a 17 horas, en Ruta 23 y O\u2019Brien. Mientras que el domingo se podr\u00e1n recorrer la Feria Los Robles, de 12 a 18 horas; el Predio Ferial La Bibiana, de 9 a 17 horas; la Feria Favaloro, de 15 a 20 horas; la Feria de Artesan\u00edas de la Plaza Dr. Bujan. de 17 a 22 horas, Mitre y Justo Daract, Paso del Rey; y el Predio Ferial Mercado Cuartel V, de 9 a 14 horas.<\/p>\n\n\n\n<p>A su vez, el viernes de 9 a 15 y el s\u00e1bado y domingo de 13 a 20 horas, se podr\u00e1 recorrer y visitar el \u201cMuseo Islas Malvinas e Islas del Atl\u00e1ntico Sur&#8221;, ubicado en Justo Daract y Arribe\u00f1os, en Paso del Rey. El espacio honra la memoria de los h\u00e9roes y veteranos de la Patria. Todos los s\u00e1bados se podr\u00e1 participar de la actividad &#8220;Atardecer en el Malvinas&#8221;, que incluye recorridos guiados y espect\u00e1culos en vivo.<\/p>\n\n\n\n<p>El s\u00e1bado 17 de enero, vecinas, vecinos y turistas podr\u00e1n participar de la propuesta <strong>del Bus Tur\u00edstico \u201cSenderismo en el DER\u201d<\/strong>, una invitaci\u00f3n a recorrer los nuevos senderos del Distrito Ecol\u00f3gico Roggero acompa\u00f1ados por el Cuerpo de Guardaparques, para contemplar la naturaleza desde uno de los ambientes naturales m\u00e1s lindos del conurbano bonaerense. La actividad es gratuita y cupos limitados. El punto de encuentro es la Plaza Mariano Moreno (frente a la Municipalidad de Moreno). La salida ser\u00e1 a las 18 horas y el regreso aproximado est\u00e1 previsto para las 21 horas. La inscripci\u00f3n se realiza de manera individual a trav\u00e9s del formulario: <a href=\"https:\/\/docs.google.com\/forms\/d\/e\/1FAIpQLSe_a9msni6RzRoBt6SLMEon_VtGgvCtFlOv_1q8VTkEVYocSg\/viewform.\" target=\"_blank\" rel=\"noreferrer noopener\">https:\/\/docs.google.com\/forms\/d\/e\/1FAIpQLSe_a9msni6RzRoBt6SLMEon_VtGgvCtFlOv_1q8VTkEVYocSg\/viewform.<\/a><\/p>\n\n\n\n<p>Mientras que el domingo 18, a las 8 horas, se realizar\u00e1 la actividad <strong>\u201cAvistaje de Aves en Estancia El Dorado\u201d.<\/strong> La propuesta incluye una actividad de observaci\u00f3n de aves en el espejo de agua de la estancia, reconociendo la diversidad del ecosistema y la belleza paisaj\u00edstica, en compa\u00f1\u00eda del Cuerpo de Guardaparques. La actividad es gratuita, con traslado en Bus Tur\u00edstico y cupos limitados. El regreso aproximado est\u00e1 previsto para las 11:30 horas. Se recomienda llevar binoculares (no excluyente), ropa y calzado c\u00f3modos, mantita, repelente y mate (opcional). La inscripci\u00f3n se realiza de manera individual a trav\u00e9s del formulario: <a href=\"https:\/\/docs.google.com\/forms\/d\/e\/1FAIpQLSdkIFtpzdN-9UrkKJZeg7hNAz6RYV7hJXZJDvbuleUzeU9-7Q\/viewform.\" target=\"_blank\" rel=\"noreferrer noopener\">https:\/\/docs.google.com\/forms\/d\/e\/1FAIpQLSdkIFtpzdN-9UrkKJZeg7hNAz6RYV7hJXZJDvbuleUzeU9-7Q\/viewform.<\/a><\/p>\n\n\n\n<p>Por la tarde del mismo d\u00eda, a las 17:30 horas, tendr\u00e1 lugar<strong> \u201cArte y arquitectura morenen<\/strong>se\u201d, con una breve caminata por las calles de la ciudad para descubrir algunas de las obras de arte y arquitectura local m\u00e1s importantes. La actividad incluye la visita al Museo Morar, con un recorrido guiado por la muestra \u201cLo maravilloso no es igual en todas las \u00e9pocas\u201d, y al Museo Florencio Molina Campos, espacio dedicado a la obra pl\u00e1stica del artista. En ambos espacios habr\u00e1 opciones gastron\u00f3micas. La actividad es gratuita y cupos limitados. y el regreso aproximado est\u00e1 previsto para las 20:30 horas. La inscripci\u00f3n se realiza de manera individual a trav\u00e9s del formulario: <a href=\"https:\/\/docs.google.com\/forms\/d\/e\/1FAIpQLSfhIBLKn8cfCn7o4h2F57JcTMVKZkf_Q2srbAkcKAVgc7zGHg\/viewform.\" target=\"_blank\" rel=\"noreferrer noopener\">https:\/\/docs.google.com\/forms\/d\/e\/1FAIpQLSfhIBLKn8cfCn7o4h2F57JcTMVKZkf_Q2srbAkcKAVgc7zGHg\/viewform.<\/a><\/p>\n\n\n\n<p>A su vez, los d\u00edas s\u00e1bado y domingo, de 9 a 19 horas se puede disfrutar de la Temporada Alta en el P<strong>olideportivo \u201cDiego Armando Maradona<\/strong>\u201d, ubicado sobre el kil\u00f3metro 56,5 de la Ruta Provincial N\u00b0 24 en Cuartel V. Quienes participen podr\u00e1n experimentar la Pileta con olas y nataci\u00f3n (con cupos limitados), as\u00ed como juegos infantiles para compartir en familia, amistades y amplios espacios verdes, servicio de parrillas y estacionamiento. Cabe remarcar que est\u00e1 prohibido el consumo e ingreso con bebidas alcoh\u00f3licas. La entrada es libre y gratuita para vecinas y vecinos de Moreno, deben presentar DNI en el ingreso y habr\u00e1 aranceles para quienes no vivan en Moreno, quienes tambi\u00e9n deben contar con DNI para acceder al espacio deportivo.<\/p>\n\n\n\n<p>Por \u00faltimo, el domingo 18 de enero, desde las 17 horas, regresan las actividades en la Plaza Dr. Buj\u00e1n, ubicada sobre la Ruta Provincial N\u00b0 7, Km 35,5, en Paso del Rey. En esta oportunidad, la jornada estar\u00e1 dedicada al Gauchito Gil, con una propuesta cultural y popular para disfrutar en familia. Adem\u00e1s, habr\u00e1 patio gastron\u00f3mico y feria de emprendedoras y emprendedores locales.<\/p>\n\n\n\n<p><strong>Reserva Natural Municipal \u201cLos Robles\u201d<\/strong><\/p>\n\n\n\n<p>La Reserva Natural Municipal \u201cLos Robles\u201d es una excelente alternativa para compartir en familia y disfrutar de las bondades de este espacio natural. All\u00ed se podr\u00e1 dormir, acampar, disfrutar del sector gastron\u00f3mico, realizar caminatas guiadas y divertirse en los espacios de juegos libres y de lectura para las infancias, entre otras actividades.<\/p>\n\n\n\n<p>El s\u00e1bado 17, se podr\u00e1 disfrutar del patio gastron\u00f3mico desde las 10 horas. A las 11:30 y a las 14:30 horas se realizar\u00e1n caminatas guiadas por el Centro de Visitantes, un recorrido para conocer la riqueza natural del lugar.<\/p>\n\n\n\n<p>El domingo 18, el patio gastron\u00f3mico estar\u00e1 disponible desde las 10 horas. A las 11:30 horas se realizar\u00e1 una caminata guiada desde el Centro de Interpretaci\u00f3n, desde las 12 horas se podr\u00e1 recorrer la feria artesanal y, a las 14:30 horas, tendr\u00e1 lugar una nueva caminata guiada desde el mismo punto.<\/p>\n\n\n\n<p><\/p>\n\n\n\n<p><\/p>\n","protected":false},"excerpt":{"rendered":"<p>El Municipio invita a la comunidad de Moreno, as&iacute; como a vecinas y vecinos de otros distritos, a visitar y disfrutar de las propuestas culturales y tur&iacute;sticas que ofrece el Gobierno local. Todas las actividades son de entrada libre y gratuita. El Museo Florencio Molina Campos abrir&aacute; sus puertas el viernes 16, s&aacute;bado 17 y &hellip; <\/p>\n","protected":false},"author":5,"featured_media":30958,"comment_status":"closed","ping_status":"closed","sticky":false,"template":"","format":"standard","meta":{"om_disable_all_campaigns":false,"_joinchat":[]},"categories":[85],"tags":[],"featured_image_urls":{"full":["https:\/\/infotep.com.ar\/wp-content\/uploads\/2026\/01\/Agenda-17-2-scaled.jpg",2560,1440,false],"thumbnail":["https:\/\/infotep.com.ar\/wp-content\/uploads\/2026\/01\/Agenda-17-2-150x150.jpg",150,150,true],"medium":["https:\/\/infotep.com.ar\/wp-content\/uploads\/2026\/01\/Agenda-17-2-300x169.jpg",300,169,true],"medium_large":["https:\/\/infotep.com.ar\/wp-content\/uploads\/2026\/01\/Agenda-17-2-768x432.jpg",768,432,true],"large":["https:\/\/infotep.com.ar\/wp-content\/uploads\/2026\/01\/Agenda-17-2-1024x576.jpg",1020,574,true],"1536x1536":["https:\/\/infotep.com.ar\/wp-content\/uploads\/2026\/01\/Agenda-17-2-1536x864.jpg",1536,864,true],"2048x2048":["https:\/\/infotep.com.ar\/wp-content\/uploads\/2026\/01\/Agenda-17-2-2048x1152.jpg",2048,1152,true],"blossom-feminine-slider":["https:\/\/infotep.com.ar\/wp-content\/uploads\/2026\/01\/Agenda-17-2-1920x649.jpg",1920,649,true],"blossom-feminine-featured":["https:\/\/infotep.com.ar\/wp-content\/uploads\/2026\/01\/Agenda-17-2-1410x600.jpg",1410,600,true],"blossom-feminine-with-sidebar":["https:\/\/infotep.com.ar\/wp-content\/uploads\/2026\/01\/Agenda-17-2-1020x600.jpg",1020,600,true],"blossom-feminine-blog":["https:\/\/infotep.com.ar\/wp-content\/uploads\/2026\/01\/Agenda-17-2-435x435.jpg",435,435,true],"blossom-feminine-cat":["https:\/\/infotep.com.ar\/wp-content\/uploads\/2026\/01\/Agenda-17-2-450x300.jpg",450,300,true],"blossom-feminine-related":["https:\/\/infotep.com.ar\/wp-content\/uploads\/2026\/01\/Agenda-17-2-320x200.jpg",320,200,true],"blossom-feminine-schema":["https:\/\/infotep.com.ar\/wp-content\/uploads\/2026\/01\/Agenda-17-2-107x60.jpg",107,60,true],"blossom-mommy-blog-slider-big":["https:\/\/infotep.com.ar\/wp-content\/uploads\/2026\/01\/Agenda-17-2-920x650.jpg",920,650,true],"blossom-mommy-blog-slider":["https:\/\/infotep.com.ar\/wp-content\/uploads\/2026\/01\/Agenda-17-2-460x310.jpg",460,310,true],"blossom-mommy-blog-two":["https:\/\/infotep.com.ar\/wp-content\/uploads\/2026\/01\/Agenda-17-2-768x480.jpg",768,480,true]},"author_info":{"info":["Angela Tobar"]},"category_info":"<a href=\"https:\/\/infotep.com.ar\/index.php\/category\/municipales\/moreno\/\" rel=\"category tag\">Moreno<\/a>","tag_info":"Moreno","comment_count":"0","_links":{"self":[{"href":"https:\/\/infotep.com.ar\/index.php\/wp-json\/wp\/v2\/posts\/30957"}],"collection":[{"href":"https:\/\/infotep.com.ar\/index.php\/wp-json\/wp\/v2\/posts"}],"about":[{"href":"https:\/\/infotep.com.ar\/index.php\/wp-json\/wp\/v2\/types\/post"}],"author":[{"embeddable":true,"href":"https:\/\/infotep.com.ar\/index.php\/wp-json\/wp\/v2\/users\/5"}],"replies":[{"embeddable":true,"href":"https:\/\/infotep.com.ar\/index.php\/wp-json\/wp\/v2\/comments?post=30957"}],"version-history":[{"count":1,"href":"https:\/\/infotep.com.ar\/index.php\/wp-json\/wp\/v2\/posts\/30957\/revisions"}],"predecessor-version":[{"id":30959,"href":"https:\/\/infotep.com.ar\/index.php\/wp-json\/wp\/v2\/posts\/30957\/revisions\/30959"}],"wp:featuredmedia":[{"embeddable":true,"href":"https:\/\/infotep.com.ar\/index.php\/wp-json\/wp\/v2\/media\/30958"}],"wp:attachment":[{"href":"https:\/\/infotep.com.ar\/index.php\/wp-json\/wp\/v2\/media?parent=30957"}],"wp:term":[{"taxonomy":"category","embeddable":true,"href":"https:\/\/infotep.com.ar\/index.php\/wp-json\/wp\/v2\/categories?post=30957"},{"taxonomy":"post_tag","embeddable":true,"href":"https:\/\/infotep.com.ar\/index.php\/wp-json\/wp\/v2\/tags?post=30957"}],"curies":[{"name":"wp","href":"https:\/\/api.w.org\/{rel}","templated":true}]}}