{"id":30960,"date":"2026-01-16T13:23:11","date_gmt":"2026-01-16T16:23:11","guid":{"rendered":"https:\/\/infotep.com.ar\/?p=30960"},"modified":"2026-01-16T13:23:30","modified_gmt":"2026-01-16T16:23:30","slug":"con-el-foco-en-el-parque-industrial-intendente-de-merlo-se-reunio-con-empresarios-chinos","status":"publish","type":"post","link":"https:\/\/infotep.com.ar\/index.php\/2026\/01\/16\/con-el-foco-en-el-parque-industrial-intendente-de-merlo-se-reunio-con-empresarios-chinos\/","title":{"rendered":"Con el foco en el parque Industrial, intendente de Merlo se reuni\u00f3 con empresarios chinos"},"content":{"rendered":"\n<p>El intendente Gustavo Men\u00e9ndez recibi\u00f3 a una delegaci\u00f3n de empresarios chinos para avanzar en propuestas que se llevar\u00e1n adelante en el Parque Industrial de Merlo.<br><br>\u201cLa firma de convenios de cooperaci\u00f3n con la ciudad china de Fuzhou, ha despertado mucho inter\u00e9s entre el empresariado de la provincia de Fujian, as\u00ed que muchos de ellos est\u00e1n interesados en instalarse en nuestro Parque Industrial\u201d, se\u00f1al\u00f3 el jefe comunal.<\/p>\n\n\n\n<p>Ambas ciudades conforman una alianza estrat\u00e9gica, sellada con la inauguraci\u00f3n de la primera oficina comercial de la Uni\u00f3n Industrial de Merlo en Fuzhou en noviembre de 2025, para abrir el mercado asi\u00e1tico a productos merlenses, atraer inversiones y fomentar el intercambio cultural y educativo,<br>marcando un hito en la internacionalizaci\u00f3n de la producci\u00f3n local de Merlo.<br><br>Men\u00e9ndez destac\u00f3 que \u201cesta es una gran oportunidad para Merlo, para generar empleo genuino, favorecer la circulaci\u00f3n virtuosa del dinero y reactivar la econom\u00eda a trav\u00e9s de este encuentro cultural, comercial, empresario, que estamos teniendo con nuestros pares de la Rep\u00fablica de China\u201d.<br><br>El mandatario resalt\u00f3 el trabajo que desde hace a\u00f1os realiza la Secretar\u00eda de Desarrollo Econ\u00f3mico Sustentable, a cargo de Roxana Monz\u00f3n para avanzar en este sector y sostuvo que \u201chemos recibido inversiones, hay f\u00e1bricas e industrias que ya est\u00e1n instal\u00e1ndose en Merlo donde encuentran un lugar  confiable para depositar sus esperanzas, sus inversiones y generar producci\u00f3n de tecnolog\u00eda china, pero instalada aqu\u00ed en nuestro pa\u00eds\u201d.<\/p>\n","protected":false},"excerpt":{"rendered":"<p>El intendente Gustavo Men&eacute;ndez recibi&oacute; a una delegaci&oacute;n de empresarios chinos para avanzar en propuestas que se llevar&aacute;n adelante en el Parque Industrial de Merlo. &ldquo;La firma de convenios de cooperaci&oacute;n con la ciudad china de Fuzhou, ha despertado mucho inter&eacute;s entre el empresariado de la provincia de Fujian, as&iacute; que muchos de ellos est&aacute;n &hellip; <\/p>\n","protected":false},"author":5,"featured_media":30962,"comment_status":"closed","ping_status":"closed","sticky":false,"template":"","format":"standard","meta":{"om_disable_all_campaigns":false,"_joinchat":[]},"categories":[31,10],"tags":[],"featured_image_urls":{"full":["https:\/\/infotep.com.ar\/wp-content\/uploads\/2026\/01\/Gacetilla-Menendez-mantuvo-una-reunion-con-empresarios-chinos-2.png",1076,1070,false],"thumbnail":["https:\/\/infotep.com.ar\/wp-content\/uploads\/2026\/01\/Gacetilla-Menendez-mantuvo-una-reunion-con-empresarios-chinos-2-150x150.png",150,150,true],"medium":["https:\/\/infotep.com.ar\/wp-content\/uploads\/2026\/01\/Gacetilla-Menendez-mantuvo-una-reunion-con-empresarios-chinos-2-300x298.png",300,298,true],"medium_large":["https:\/\/infotep.com.ar\/wp-content\/uploads\/2026\/01\/Gacetilla-Menendez-mantuvo-una-reunion-con-empresarios-chinos-2-768x764.png",768,764,true],"large":["https:\/\/infotep.com.ar\/wp-content\/uploads\/2026\/01\/Gacetilla-Menendez-mantuvo-una-reunion-con-empresarios-chinos-2-1024x1018.png",1020,1014,true],"1536x1536":["https:\/\/infotep.com.ar\/wp-content\/uploads\/2026\/01\/Gacetilla-Menendez-mantuvo-una-reunion-con-empresarios-chinos-2.png",1076,1070,false],"2048x2048":["https:\/\/infotep.com.ar\/wp-content\/uploads\/2026\/01\/Gacetilla-Menendez-mantuvo-una-reunion-con-empresarios-chinos-2.png",1076,1070,false],"blossom-feminine-slider":["https:\/\/infotep.com.ar\/wp-content\/uploads\/2026\/01\/Gacetilla-Menendez-mantuvo-una-reunion-con-empresarios-chinos-2-1076x649.png",1076,649,true],"blossom-feminine-featured":["https:\/\/infotep.com.ar\/wp-content\/uploads\/2026\/01\/Gacetilla-Menendez-mantuvo-una-reunion-con-empresarios-chinos-2-1076x600.png",1076,600,true],"blossom-feminine-with-sidebar":["https:\/\/infotep.com.ar\/wp-content\/uploads\/2026\/01\/Gacetilla-Menendez-mantuvo-una-reunion-con-empresarios-chinos-2-1020x600.png",1020,600,true],"blossom-feminine-blog":["https:\/\/infotep.com.ar\/wp-content\/uploads\/2026\/01\/Gacetilla-Menendez-mantuvo-una-reunion-con-empresarios-chinos-2-435x435.png",435,435,true],"blossom-feminine-cat":["https:\/\/infotep.com.ar\/wp-content\/uploads\/2026\/01\/Gacetilla-Menendez-mantuvo-una-reunion-con-empresarios-chinos-2-450x300.png",450,300,true],"blossom-feminine-related":["https:\/\/infotep.com.ar\/wp-content\/uploads\/2026\/01\/Gacetilla-Menendez-mantuvo-una-reunion-con-empresarios-chinos-2-320x200.png",320,200,true],"blossom-feminine-schema":["https:\/\/infotep.com.ar\/wp-content\/uploads\/2026\/01\/Gacetilla-Menendez-mantuvo-una-reunion-con-empresarios-chinos-2-60x60.png",60,60,true],"blossom-mommy-blog-slider-big":["https:\/\/infotep.com.ar\/wp-content\/uploads\/2026\/01\/Gacetilla-Menendez-mantuvo-una-reunion-con-empresarios-chinos-2-920x650.png",920,650,true],"blossom-mommy-blog-slider":["https:\/\/infotep.com.ar\/wp-content\/uploads\/2026\/01\/Gacetilla-Menendez-mantuvo-una-reunion-con-empresarios-chinos-2-460x310.png",460,310,true],"blossom-mommy-blog-two":["https:\/\/infotep.com.ar\/wp-content\/uploads\/2026\/01\/Gacetilla-Menendez-mantuvo-una-reunion-con-empresarios-chinos-2-768x480.png",768,480,true]},"author_info":{"info":["Angela Tobar"]},"category_info":"<a href=\"https:\/\/infotep.com.ar\/index.php\/category\/destacadas\/\" rel=\"category tag\">Destacadas<\/a> <a href=\"https:\/\/infotep.com.ar\/index.php\/category\/municipales\/merlo\/\" rel=\"category tag\">Merlo<\/a>","tag_info":"Merlo","comment_count":"0","_links":{"self":[{"href":"https:\/\/infotep.com.ar\/index.php\/wp-json\/wp\/v2\/posts\/30960"}],"collection":[{"href":"https:\/\/infotep.com.ar\/index.php\/wp-json\/wp\/v2\/posts"}],"about":[{"href":"https:\/\/infotep.com.ar\/index.php\/wp-json\/wp\/v2\/types\/post"}],"author":[{"embeddable":true,"href":"https:\/\/infotep.com.ar\/index.php\/wp-json\/wp\/v2\/users\/5"}],"replies":[{"embeddable":true,"href":"https:\/\/infotep.com.ar\/index.php\/wp-json\/wp\/v2\/comments?post=30960"}],"version-history":[{"count":1,"href":"https:\/\/infotep.com.ar\/index.php\/wp-json\/wp\/v2\/posts\/30960\/revisions"}],"predecessor-version":[{"id":30963,"href":"https:\/\/infotep.com.ar\/index.php\/wp-json\/wp\/v2\/posts\/30960\/revisions\/30963"}],"wp:featuredmedia":[{"embeddable":true,"href":"https:\/\/infotep.com.ar\/index.php\/wp-json\/wp\/v2\/media\/30962"}],"wp:attachment":[{"href":"https:\/\/infotep.com.ar\/index.php\/wp-json\/wp\/v2\/media?parent=30960"}],"wp:term":[{"taxonomy":"category","embeddable":true,"href":"https:\/\/infotep.com.ar\/index.php\/wp-json\/wp\/v2\/categories?post=30960"},{"taxonomy":"post_tag","embeddable":true,"href":"https:\/\/infotep.com.ar\/index.php\/wp-json\/wp\/v2\/tags?post=30960"}],"curies":[{"name":"wp","href":"https:\/\/api.w.org\/{rel}","templated":true}]}}