{"id":30964,"date":"2026-01-16T13:26:30","date_gmt":"2026-01-16T16:26:30","guid":{"rendered":"https:\/\/infotep.com.ar\/?p=30964"},"modified":"2026-01-16T13:26:31","modified_gmt":"2026-01-16T16:26:31","slug":"la-provincia-inaugura-la-muestra-vidas-submarinas-ciencia-arte-y-soberania-en-el-museo-mar-de-mar-del-plata","status":"publish","type":"post","link":"https:\/\/infotep.com.ar\/index.php\/2026\/01\/16\/la-provincia-inaugura-la-muestra-vidas-submarinas-ciencia-arte-y-soberania-en-el-museo-mar-de-mar-del-plata\/","title":{"rendered":"La Provincia inaugura la muestra \u201cVidas submarinas &#8211; Ciencia, arte y soberan\u00eda\u201d en el Museo MAR de Mar del Plata"},"content":{"rendered":"\n<p>Se podr\u00e1 visitar a partir del viernes 16 de enero. Es una propuesta pensada para poner en valor el trabajo de nuestros investigadores e investigadoras, acerc\u00e1ndolo a la comunidad y fomentando vocaciones cient\u00edficas.<\/p>\n\n\n\n<p>El Gobierno de la Provincia de Buenos Aires, en un trabajo articulado entre el Ministerio de Comunicaci\u00f3n P\u00fablica, el Ministerio de Producci\u00f3n, Ciencia e Innovaci\u00f3n Tecnol\u00f3gica, AUBASA, la Subsecretar\u00eda de Pol\u00edticas Culturales, dependiente del Instituto Cultural de la Provincia, y el CONICET Mar del Plata, invitan a la muestra \u201cVidas Submarinas, ciencia, arte y soberan\u00eda\u201d.<\/p>\n\n\n\n<p>A partir de un cruce entre ciencia, arte y divulgaci\u00f3n, Vidas Submarinas propone un recorrido que permite conocer, de manera accesible y l\u00fadica, el contexto, las caracter\u00edsticas y los logros de la hist\u00f3rica campa\u00f1a submarina realizada por especialistas del CONICET, en el marco de la expedici\u00f3n Oasis Submarinos del Ca\u00f1\u00f3n Mar del Plata: Talud Continental IV, que tuvo lugar durante julio y agosto de 2025.<\/p>\n\n\n\n<p>La muestra se organiza en torno a tres ejes principales: conocimiento cient\u00edfico, experiencia sensorial, talleres y juegos. Se invita al p\u00fablico familiar que visita Mar del Plata durante el verano a conocer m\u00e1s sobre la expedici\u00f3n a bordo del buque Falkor (too), sobre los descubrimientos obtenidos y sobre el trabajo de las y los cient\u00edficos argentinos, que alcanz\u00f3 difusi\u00f3n masiva gracias a la transmisi\u00f3n en vivo por streaming.<\/p>\n\n\n\n<p>Vidas Submarinas propone un recorrido por distintos espacios: un sector de infograf\u00eda gr\u00e1fica y audiovisual, una fotogaler\u00eda, una cabina inmersiva y una instalaci\u00f3n escenogr\u00e1fica. Adem\u00e1s, cada d\u00eda se ofrecer\u00e1n tres talleres: a las 17 hs, un taller de arena kin\u00e9tica pensado para chicos y chicas de 2 a 7 a\u00f1os. A las 18 hs, un taller de arte y tecnolog\u00eda y a las 19 hs un taller de rob\u00f3tica, ambos a cargo del equipo de Androbots (rob\u00f3tica educativa) y destinados a chicos y chicas de entre 7 y 12 a\u00f1os.<\/p>\n\n\n\n<p>Tambi\u00e9n habr\u00e1 dos actividades especiales para conocer sobre soberan\u00eda y explorar vocaciones cient\u00edficas, los martes 27 de enero y 10 de febrero. Estas se llevar\u00e1n a cabo con las cient\u00edficas: Carolina Germinario, Lic. y Profesora en Historia, Mg. en Historia de Am\u00e9rica y Diplomada en Estudios de Malvinas y Atl\u00e1ntico Sur, Eleonora Ver\u00f3n, Lic. y Profesora en Geograf\u00eda y Dra. en Geograf\u00eda y Dra. en Ciencias, y los cuatro especialistas marplatenses que estuvieron en la expedici\u00f3n submarina: Nahuel Far\u00edas, Lic. y Dr. en Biolog\u00eda, Emiliano Ocampo, Lic. en Gen\u00e9tica y Doctor en Biolog\u00eda, Florencia Matusevich, Lic. en Ciencias Biol\u00f3gicas y Ezequiel Mabraga\u00f1a, Doctor en Ciencias Biol\u00f3gicas, Especialista en Pesquer\u00edas Marinas, Licenciado en Ciencias Biol\u00f3gicas.<\/p>\n\n\n\n<p><strong>La muestra abre sus puertas, con entrada libre y gratuita, el viernes 16 de enero a las 15 hs. Luego, podr\u00e1 visitarse de martes a domingos de 15 a 21 hs, hasta el 15 de febrero, en el Museo de Arte Contempor\u00e1neo de Buenos Aires (MAR), ubicado en Av. F\u00e9lix U. Camet y L\u00f3pez de Gomara, Mar del Plata.<\/strong><\/p>\n\n\n\n<p>Vidas Submarinas es un puente entre la ciencia y la comunidad, que pone en valor el trabajo de nuestras instituciones cient\u00edficas y sus profesionales de diferentes ramas, a la vez que incorpora elementos sensoriales, l\u00fadicos y emotivos que acompa\u00f1an el recorrido con ojos de asombro y pasi\u00f3n por la naturaleza. La iniciativa se consolida como una pol\u00edtica p\u00fablica que busca acercar experiencias gratuitas, inclusivas y accesibles a bonaerenses y turistas, poniendo especial \u00e9nfasis en incentivar las vocaciones cient\u00edficas.<\/p>\n","protected":false},"excerpt":{"rendered":"<p>Se podr&aacute; visitar a partir del viernes 16 de enero. Es una propuesta pensada para poner en valor el trabajo de nuestros investigadores e investigadoras, acerc&aacute;ndolo a la comunidad y fomentando vocaciones cient&iacute;ficas. El Gobierno de la Provincia de Buenos Aires, en un trabajo articulado entre el Ministerio de Comunicaci&oacute;n P&uacute;blica, el Ministerio de Producci&oacute;n, &hellip; <\/p>\n","protected":false},"author":5,"featured_media":30965,"comment_status":"closed","ping_status":"closed","sticky":false,"template":"","format":"standard","meta":{"om_disable_all_campaigns":false,"_joinchat":[]},"categories":[4],"tags":[],"featured_image_urls":{"full":["https:\/\/infotep.com.ar\/wp-content\/uploads\/2026\/01\/b66b303b-5fb7-41f4-907c-4748309df64a.jpeg",743,530,false],"thumbnail":["https:\/\/infotep.com.ar\/wp-content\/uploads\/2026\/01\/b66b303b-5fb7-41f4-907c-4748309df64a-150x150.jpeg",150,150,true],"medium":["https:\/\/infotep.com.ar\/wp-content\/uploads\/2026\/01\/b66b303b-5fb7-41f4-907c-4748309df64a-300x214.jpeg",300,214,true],"medium_large":["https:\/\/infotep.com.ar\/wp-content\/uploads\/2026\/01\/b66b303b-5fb7-41f4-907c-4748309df64a.jpeg",743,530,false],"large":["https:\/\/infotep.com.ar\/wp-content\/uploads\/2026\/01\/b66b303b-5fb7-41f4-907c-4748309df64a.jpeg",743,530,false],"1536x1536":["https:\/\/infotep.com.ar\/wp-content\/uploads\/2026\/01\/b66b303b-5fb7-41f4-907c-4748309df64a.jpeg",743,530,false],"2048x2048":["https:\/\/infotep.com.ar\/wp-content\/uploads\/2026\/01\/b66b303b-5fb7-41f4-907c-4748309df64a.jpeg",743,530,false],"blossom-feminine-slider":["https:\/\/infotep.com.ar\/wp-content\/uploads\/2026\/01\/b66b303b-5fb7-41f4-907c-4748309df64a.jpeg",743,530,false],"blossom-feminine-featured":["https:\/\/infotep.com.ar\/wp-content\/uploads\/2026\/01\/b66b303b-5fb7-41f4-907c-4748309df64a.jpeg",743,530,false],"blossom-feminine-with-sidebar":["https:\/\/infotep.com.ar\/wp-content\/uploads\/2026\/01\/b66b303b-5fb7-41f4-907c-4748309df64a.jpeg",743,530,false],"blossom-feminine-blog":["https:\/\/infotep.com.ar\/wp-content\/uploads\/2026\/01\/b66b303b-5fb7-41f4-907c-4748309df64a-435x435.jpeg",435,435,true],"blossom-feminine-cat":["https:\/\/infotep.com.ar\/wp-content\/uploads\/2026\/01\/b66b303b-5fb7-41f4-907c-4748309df64a-450x300.jpeg",450,300,true],"blossom-feminine-related":["https:\/\/infotep.com.ar\/wp-content\/uploads\/2026\/01\/b66b303b-5fb7-41f4-907c-4748309df64a-320x200.jpeg",320,200,true],"blossom-feminine-schema":["https:\/\/infotep.com.ar\/wp-content\/uploads\/2026\/01\/b66b303b-5fb7-41f4-907c-4748309df64a-84x60.jpeg",84,60,true],"blossom-mommy-blog-slider-big":["https:\/\/infotep.com.ar\/wp-content\/uploads\/2026\/01\/b66b303b-5fb7-41f4-907c-4748309df64a.jpeg",743,530,false],"blossom-mommy-blog-slider":["https:\/\/infotep.com.ar\/wp-content\/uploads\/2026\/01\/b66b303b-5fb7-41f4-907c-4748309df64a-460x310.jpeg",460,310,true],"blossom-mommy-blog-two":["https:\/\/infotep.com.ar\/wp-content\/uploads\/2026\/01\/b66b303b-5fb7-41f4-907c-4748309df64a-743x480.jpeg",743,480,true]},"author_info":{"info":["Angela Tobar"]},"category_info":"<a href=\"https:\/\/infotep.com.ar\/index.php\/category\/provinciales\/\" rel=\"category tag\">Provinciales<\/a>","tag_info":"Provinciales","comment_count":"0","_links":{"self":[{"href":"https:\/\/infotep.com.ar\/index.php\/wp-json\/wp\/v2\/posts\/30964"}],"collection":[{"href":"https:\/\/infotep.com.ar\/index.php\/wp-json\/wp\/v2\/posts"}],"about":[{"href":"https:\/\/infotep.com.ar\/index.php\/wp-json\/wp\/v2\/types\/post"}],"author":[{"embeddable":true,"href":"https:\/\/infotep.com.ar\/index.php\/wp-json\/wp\/v2\/users\/5"}],"replies":[{"embeddable":true,"href":"https:\/\/infotep.com.ar\/index.php\/wp-json\/wp\/v2\/comments?post=30964"}],"version-history":[{"count":1,"href":"https:\/\/infotep.com.ar\/index.php\/wp-json\/wp\/v2\/posts\/30964\/revisions"}],"predecessor-version":[{"id":30966,"href":"https:\/\/infotep.com.ar\/index.php\/wp-json\/wp\/v2\/posts\/30964\/revisions\/30966"}],"wp:featuredmedia":[{"embeddable":true,"href":"https:\/\/infotep.com.ar\/index.php\/wp-json\/wp\/v2\/media\/30965"}],"wp:attachment":[{"href":"https:\/\/infotep.com.ar\/index.php\/wp-json\/wp\/v2\/media?parent=30964"}],"wp:term":[{"taxonomy":"category","embeddable":true,"href":"https:\/\/infotep.com.ar\/index.php\/wp-json\/wp\/v2\/categories?post=30964"},{"taxonomy":"post_tag","embeddable":true,"href":"https:\/\/infotep.com.ar\/index.php\/wp-json\/wp\/v2\/tags?post=30964"}],"curies":[{"name":"wp","href":"https:\/\/api.w.org\/{rel}","templated":true}]}}