{"id":30969,"date":"2026-01-16T15:45:44","date_gmt":"2026-01-16T18:45:44","guid":{"rendered":"https:\/\/infotep.com.ar\/?p=30969"},"modified":"2026-01-16T15:45:45","modified_gmt":"2026-01-16T18:45:45","slug":"buscan-desesperadamente-a-una-docente-y-a-su-hijo-desaparecidos-en-gonzalez-catan","status":"publish","type":"post","link":"https:\/\/infotep.com.ar\/index.php\/2026\/01\/16\/buscan-desesperadamente-a-una-docente-y-a-su-hijo-desaparecidos-en-gonzalez-catan\/","title":{"rendered":"Buscan desesperadamente a una docente y a su hijo desaparecidos en Gonz\u00e1lez Cat\u00e1n"},"content":{"rendered":"\n<p><\/p>\n\n\n\n<p>Una intensa b\u00fasqueda se lleva adelante en Gonz\u00e1lez Cat\u00e1n por la desaparici\u00f3n de Gisela de Yurka, docente de 41 a\u00f1os, y su hijo Saru Ovejero, de 7 a\u00f1os, quienes fueron vistos por \u00faltima vez el mi\u00e9rcoles 15 de enero por la tarde en el barrio Independencia, partido de La Matanza.<\/p>\n\n\n\n<p>Familiares, amigos y compa\u00f1eros de trabajo iniciaron una red de comunicaci\u00f3n y difusi\u00f3n con el objetivo de obtener cualquier informaci\u00f3n que permita dar con el paradero de ambos.<\/p>\n\n\n\n<p>Gisela es docente de la Escuela Hogares del Esp\u00edritu Santo, instituci\u00f3n a la que tambi\u00e9n asiste su hijo como alumno. Una compa\u00f1era de trabajo relat\u00f3 a este medio que Gisela \u201ctrabaja hace muchos a\u00f1os en la escuela\u201d y que la comunidad educativa se encuentra profundamente preocupada por la situaci\u00f3n.<\/p>\n\n\n\n<p>Seg\u00fan indicaron sus allegados, madre e hijo se dirig\u00edan a la casa de una hermana de Gisela, pero nunca llegaron a destino. Desde esa misma tarde se perdi\u00f3 todo contacto con su tel\u00e9fono celular, el cual permanece apagado.<\/p>\n\n\n<div class=\"wp-block-image\">\n<figure class=\"alignleft size-large is-resized\"><img decoding=\"async\" loading=\"lazy\" src=\"https:\/\/infotep.com.ar\/wp-content\/uploads\/2026\/01\/WhatsApp-Image-2026-01-16-at-3.18.03-PM-650x1024.jpeg\" alt=\"\" class=\"wp-image-30970\" width=\"479\" height=\"755\" srcset=\"https:\/\/infotep.com.ar\/wp-content\/uploads\/2026\/01\/WhatsApp-Image-2026-01-16-at-3.18.03-PM-650x1024.jpeg 650w, https:\/\/infotep.com.ar\/wp-content\/uploads\/2026\/01\/WhatsApp-Image-2026-01-16-at-3.18.03-PM-191x300.jpeg 191w, https:\/\/infotep.com.ar\/wp-content\/uploads\/2026\/01\/WhatsApp-Image-2026-01-16-at-3.18.03-PM-768x1209.jpeg 768w, https:\/\/infotep.com.ar\/wp-content\/uploads\/2026\/01\/WhatsApp-Image-2026-01-16-at-3.18.03-PM-975x1536.jpeg 975w, https:\/\/infotep.com.ar\/wp-content\/uploads\/2026\/01\/WhatsApp-Image-2026-01-16-at-3.18.03-PM-38x60.jpeg 38w, https:\/\/infotep.com.ar\/wp-content\/uploads\/2026\/01\/WhatsApp-Image-2026-01-16-at-3.18.03-PM.jpeg 1016w\" sizes=\"(max-width: 479px) 100vw, 479px\" \/><\/figure><\/div>\n\n\n<p>El esposo de Gisela realiz\u00f3 la denuncia correspondiente en la Comisar\u00eda de Dorrego, en Gonz\u00e1lez Cat\u00e1n. Hasta el momento no hay informaci\u00f3n oficial sobre su paradero.<\/p>\n\n\n\n<p>Ante la falta de novedades, este jueves familiares, amigos y vecinos se reunir\u00e1n para recorrer la zona, dialogar con residentes del barrio y recolectar cualquier dato que pueda aportar a la investigaci\u00f3n, ya que \u2014seg\u00fan manifestaron\u2014 no cuentan con m\u00e1s informaci\u00f3n por parte del entorno cercano.<\/p>\n\n\n\n<p class=\"has-light-green-cyan-background-color has-background\">Cualquier persona que pueda aportar datos sobre el paradero de Gisela de Yurka y Saru Ovejero puede comunicarse de inmediato con la Policia o familiares:<\/p>\n\n\n\n<p class=\"has-light-green-cyan-background-color has-background\">11-3359-8363 (Marido)<br>115469-4516 (Amiga)<br>11-6407-2694 (compa\u00f1era de trabajo)<\/p>\n","protected":false},"excerpt":{"rendered":"<p>Una intensa b&uacute;squeda se lleva adelante en Gonz&aacute;lez Cat&aacute;n por la desaparici&oacute;n de Gisela de Yurka, docente de 41 a&ntilde;os, y su hijo Saru Ovejero, de 7 a&ntilde;os, quienes fueron vistos por &uacute;ltima vez el mi&eacute;rcoles 15 de enero por la tarde en el barrio Independencia, partido de La Matanza. Familiares, amigos y compa&ntilde;eros de &hellip; <\/p>\n","protected":false},"author":5,"featured_media":30971,"comment_status":"closed","ping_status":"closed","sticky":false,"template":"","format":"standard","meta":{"om_disable_all_campaigns":false,"_joinchat":[]},"categories":[26],"tags":[],"featured_image_urls":{"full":["https:\/\/infotep.com.ar\/wp-content\/uploads\/2026\/01\/mader-hijo.jpg",987,522,false],"thumbnail":["https:\/\/infotep.com.ar\/wp-content\/uploads\/2026\/01\/mader-hijo-150x150.jpg",150,150,true],"medium":["https:\/\/infotep.com.ar\/wp-content\/uploads\/2026\/01\/mader-hijo-300x159.jpg",300,159,true],"medium_large":["https:\/\/infotep.com.ar\/wp-content\/uploads\/2026\/01\/mader-hijo-768x406.jpg",768,406,true],"large":["https:\/\/infotep.com.ar\/wp-content\/uploads\/2026\/01\/mader-hijo.jpg",987,522,false],"1536x1536":["https:\/\/infotep.com.ar\/wp-content\/uploads\/2026\/01\/mader-hijo.jpg",987,522,false],"2048x2048":["https:\/\/infotep.com.ar\/wp-content\/uploads\/2026\/01\/mader-hijo.jpg",987,522,false],"blossom-feminine-slider":["https:\/\/infotep.com.ar\/wp-content\/uploads\/2026\/01\/mader-hijo.jpg",987,522,false],"blossom-feminine-featured":["https:\/\/infotep.com.ar\/wp-content\/uploads\/2026\/01\/mader-hijo.jpg",987,522,false],"blossom-feminine-with-sidebar":["https:\/\/infotep.com.ar\/wp-content\/uploads\/2026\/01\/mader-hijo.jpg",987,522,false],"blossom-feminine-blog":["https:\/\/infotep.com.ar\/wp-content\/uploads\/2026\/01\/mader-hijo-435x435.jpg",435,435,true],"blossom-feminine-cat":["https:\/\/infotep.com.ar\/wp-content\/uploads\/2026\/01\/mader-hijo-450x300.jpg",450,300,true],"blossom-feminine-related":["https:\/\/infotep.com.ar\/wp-content\/uploads\/2026\/01\/mader-hijo-320x200.jpg",320,200,true],"blossom-feminine-schema":["https:\/\/infotep.com.ar\/wp-content\/uploads\/2026\/01\/mader-hijo-113x60.jpg",113,60,true],"blossom-mommy-blog-slider-big":["https:\/\/infotep.com.ar\/wp-content\/uploads\/2026\/01\/mader-hijo-920x522.jpg",920,522,true],"blossom-mommy-blog-slider":["https:\/\/infotep.com.ar\/wp-content\/uploads\/2026\/01\/mader-hijo-460x310.jpg",460,310,true],"blossom-mommy-blog-two":["https:\/\/infotep.com.ar\/wp-content\/uploads\/2026\/01\/mader-hijo-768x480.jpg",768,480,true]},"author_info":{"info":["Angela Tobar"]},"category_info":"<a href=\"https:\/\/infotep.com.ar\/index.php\/category\/municipales\/la-matanza\/\" rel=\"category tag\">La Matanza<\/a>","tag_info":"La Matanza","comment_count":"0","_links":{"self":[{"href":"https:\/\/infotep.com.ar\/index.php\/wp-json\/wp\/v2\/posts\/30969"}],"collection":[{"href":"https:\/\/infotep.com.ar\/index.php\/wp-json\/wp\/v2\/posts"}],"about":[{"href":"https:\/\/infotep.com.ar\/index.php\/wp-json\/wp\/v2\/types\/post"}],"author":[{"embeddable":true,"href":"https:\/\/infotep.com.ar\/index.php\/wp-json\/wp\/v2\/users\/5"}],"replies":[{"embeddable":true,"href":"https:\/\/infotep.com.ar\/index.php\/wp-json\/wp\/v2\/comments?post=30969"}],"version-history":[{"count":1,"href":"https:\/\/infotep.com.ar\/index.php\/wp-json\/wp\/v2\/posts\/30969\/revisions"}],"predecessor-version":[{"id":30972,"href":"https:\/\/infotep.com.ar\/index.php\/wp-json\/wp\/v2\/posts\/30969\/revisions\/30972"}],"wp:featuredmedia":[{"embeddable":true,"href":"https:\/\/infotep.com.ar\/index.php\/wp-json\/wp\/v2\/media\/30971"}],"wp:attachment":[{"href":"https:\/\/infotep.com.ar\/index.php\/wp-json\/wp\/v2\/media?parent=30969"}],"wp:term":[{"taxonomy":"category","embeddable":true,"href":"https:\/\/infotep.com.ar\/index.php\/wp-json\/wp\/v2\/categories?post=30969"},{"taxonomy":"post_tag","embeddable":true,"href":"https:\/\/infotep.com.ar\/index.php\/wp-json\/wp\/v2\/tags?post=30969"}],"curies":[{"name":"wp","href":"https:\/\/api.w.org\/{rel}","templated":true}]}}